{"id":25337,"date":"2024-08-01T16:08:59","date_gmt":"2024-08-01T13:08:59","guid":{"rendered":"https:\/\/akdenizhaber.com.tr\/?p=25337"},"modified":"2024-08-01T16:09:01","modified_gmt":"2024-08-01T13:09:01","slug":"manavgat-belediye-baskani-dr-niyazi-nefi-kara-biz-biriz-beraberiz","status":"publish","type":"post","link":"https:\/\/akdenizhaber.com.tr\/index.php\/2024\/08\/01\/manavgat-belediye-baskani-dr-niyazi-nefi-kara-biz-biriz-beraberiz\/","title":{"rendered":"Manavgat Belediye Ba\u015fkan\u0131 Dr. Niyazi Nefi Kara; \u2018Biz Biriz, Beraberiz\u2019"},"content":{"rendered":"\n<p>31 Mart 2024 Tarihinde yap\u0131lan Yerel se\u00e7imlerde Belediye Ba\u015fkanl\u0131\u011f\u0131 se\u00e7imlerinde Dr. Niyazi Nefi Kara 5 Nisan 2024 g\u00fcn\u00fc g\u00f6revi devir ald\u0131\u011f\u0131 g\u00fcnden bug\u00fcne ge\u00e7en s\u00fcreci bas\u0131n mensuplar\u0131 ile bir araya gelerek de\u011ferlendirdi.<\/p>\n\n\n\n<p>D\u00fcn 8\u2019de Garden Restoran da bas\u0131n mensuplar\u0131 ile kahvalt\u0131da bir araya gelerek ge\u00e7en s\u00fcre\u00e7teki hizmetleri \u015f\u00f6yle \u00f6zetledi;<\/p>\n\n\n\n<p><strong>Sosyal Yard\u0131m \u0130\u015fleri M\u00fcd\u00fcrl\u00fc\u011f\u00fc<\/strong><\/p>\n\n\n\n<p>Manavgat Belediyesi Sosyal Yard\u0131m \u0130\u015fleri M\u00fcd\u00fcrl\u00fc\u011f\u00fc, ihtiya\u00e7 sahibi kent sakinlerini yaln\u0131z b\u0131rakm\u0131yor.<\/p>\n\n\n\n<p>Belediyeye ba\u015fvuran 718 ihtiya\u00e7 sahibi vatanda\u015fa g\u0131da yard\u0131m\u0131 yap\u0131ld\u0131. Ayr\u0131ca, bu s\u00fcre\u00e7te giysi ve sa\u011fl\u0131k yard\u0131mlar\u0131 da artt\u0131r\u0131ld\u0131. Engelli ve ya\u015fl\u0131 54 vatanda\u015f\u0131n ihtiyac\u0131 olan hasta yata\u011f\u0131, ak\u00fcl\u00fc ve manuel tekerlekli sandalye, ak\u00fc, vb. medikal malzemeleri teslim edildi.<\/p>\n\n\n\n<p>Toplumsal birlik ve beraberli\u011fi sa\u011flayarak vatanda\u015flar\u0131n bir araya gelebilmesi noktas\u0131nda Kadir Gecesi lokma da\u011f\u0131t\u0131m\u0131, 23 Nisan Ulusal Egemenlik ve \u00c7ocuk Bayram\u0131\u2019nda belediyenin t\u00fcm e\u011fitim kurumlar\u0131n\u0131n kat\u0131l\u0131m\u0131yla kortej ve etkinlik kutlamas\u0131, Muharrem Ay\u0131 vesilesiyle Cumhuriyet Meydan\u0131\u2019nda a\u015fure ikram\u0131 yap\u0131ld\u0131.<\/p>\n\n\n\n<p>Ya\u015fl\u0131lar ve engelli bireyler i\u00e7in \u00f6zel destek programlar\u0131 uyguland\u0131. 10-16 May\u0131s Engelliler haftas\u0131nda Meliha Ercan Engelsiz Ya\u015fam Merkezinde engelli vatanda\u015flara yemek ikram\u0131 ve etkinlik kutlamas\u0131 yap\u0131ld\u0131. \u00c7ocuk K\u00fclt\u00fcr Merkezi, Side Gen\u00e7lik Merkezi, Meliha Ercan Engelsiz Ya\u015fam Merkezi, Engelli ve \u00c7ocuk Aktivite Merkezi \u00f6\u011frencilerinin y\u0131l sonu g\u00f6sterileri yap\u0131ld\u0131. Manavgat\u2019a Otizm Merkezi a\u00e7\u0131lmas\u0131 i\u00e7in ara\u015ft\u0131rma toplant\u0131lar\u0131 yap\u0131ld\u0131.<\/p>\n\n\n\n<p>Kad\u0131n kanserlerine dikkat \u00e7ekmek amac\u0131yla \u201cKad\u0131n kanserleri \u00f6nlenebilir\u201d semineri yap\u0131ld\u0131.<\/p>\n\n\n\n<p>\u00c7ocuk K\u00fclt\u00fcr Merkezi, Side Gen\u00e7lik Merkezi, Meliha Ercan Engelsiz Ya\u015fam Merkezi, Engelli ve \u00c7ocuk Aktivite Merkezi\u2019nde yaz kurslar\u0131 a\u00e7\u0131larak vatanda\u015flara \u00fccretsiz e\u011fitim imkan\u0131 sunuldu.<\/p>\n\n\n\n<p>\u00dcniversite s\u0131nav\u0131na giren \u00f6\u011frencilere tercihlerini yapmalar\u0131 i\u00e7in uzmanlardan olu\u015fan dan\u0131\u015fmanl\u0131k merkezi kurularak, gen\u00e7lerin geleceklerini \u015fekillendirmelerinde yard\u0131mc\u0131 olundu.<\/p>\n\n\n\n<p><strong>\u0130\u015fletme ve \u0130\u015ftirakler M\u00fcd\u00fcrl\u00fc\u011f\u00fc<\/strong><\/p>\n\n\n\n<p>Bu d\u00f6nemde, \u0130\u015fletme \u0130\u015ftirakler M\u00fcd\u00fcrl\u00fc\u011f\u00fc\u2019n\u00fcn performans\u0131n\u0131 art\u0131rmak ve hizmet kalitesini y\u00fckseltmek amac\u0131yla bir\u00e7ok \u00f6nemli ad\u0131m at\u0131ld\u0131.<\/p>\n\n\n\n<p>\u0130\u015fletme ve \u0130\u015ftirakler M\u00fcd\u00fcrl\u00fc\u011f\u00fc\u2019n\u00fcn hizmet kalitesini art\u0131rmak amac\u0131yla \u00e7e\u015fitli tesislerde yenileme \u00e7al\u0131\u015fmalar\u0131 ger\u00e7ekle\u015ftirildi. \u00d6zellikle, belediyeye ait kafeterya, restoran ve sosyal tesislerde yap\u0131lan iyile\u015ftirmeler, m\u00fc\u015fteri memnuniyetini art\u0131rmay\u0131 hedefledi. Bu s\u00fcre\u00e7te, eskiyen ekipmanlar\u0131n modernizasyonu ve i\u00e7 mekan tasar\u0131mlar\u0131n\u0131n g\u00fcncellenmesi gibi kapsaml\u0131 revizyonlar yap\u0131ld\u0131.<\/p>\n\n\n\n<p>Sosyal Belediyecilik anlay\u0131\u015f\u0131yla Ramazan Ay\u0131\u2019nda her g\u00fcn 3 bin ki\u015filik yemek da\u011f\u0131t\u0131ld\u0131.<\/p>\n\n\n\n<p>Belediye\u2019nin gelirlerini art\u0131rmak amac\u0131yla gelir tarifelerinde g\u00fcncellemeler yap\u0131ld\u0131.<\/p>\n\n\n\n<p>Yaz mevsimiyle birlikte artan n\u00fcfusa kar\u015f\u0131n hizmetleri kesintisiz s\u00fcrd\u00fcrebilmek maksad\u0131yla mevsimlik i\u015f\u00e7i al\u0131mlar\u0131 ger\u00e7ekle\u015ftirildi.<\/p>\n\n\n\n<p>Bo\u011faz Otel ve kamp alanlar\u0131n\u0131n sezon haz\u0131rl\u0131klar\u0131 ger\u00e7ekle\u015ftirildi.<\/p>\n\n\n\n<p>Girit Kahvesi\u2019nin kapasitesi art\u0131r\u0131larak daha fazla misafire hizmet verilmeye ba\u015fland\u0131.<\/p>\n\n\n\n<p>\u0130\u015fletmelerde sat\u0131\u015f i\u00e7in yeni \u00fcr\u00fcnler eklenerek gelirlerin art\u0131r\u0131lmas\u0131 hedeflendi. Haziran ay\u0131 sonu itibar\u0131yla ge\u00e7ti\u011fimiz y\u0131l\u0131n ayn\u0131 d\u00f6neminde elde edilen gelirin 2.1 kat\u0131 gelir elde edildi.<\/p>\n\n\n\n<p>K\u0131z\u0131lot, Bo\u011faz Otel, \u00c7ami\u00e7i, Evrenseki, Nar Beach (1, 2, 3) halk plajlar\u0131n\u0131n sezon haz\u0131rl\u0131klar\u0131 yap\u0131larak a\u00e7\u0131l\u0131\u015f\u0131 ger\u00e7ekle\u015ftirildi. K\u0131z\u0131lot, Bo\u011faz Otel, Evrenseki, Nar Beach 1 ve Nar Beach 3 plajlar\u0131nda gerekli kriterler yerine getirilerek Mavi Bayra\u011f\u0131n tekrar g\u00f6ndere \u00e7ekilmesi sa\u011fland\u0131. At\u0131l bir durumda bulunan \u00c7olakl\u0131 Halk Plaj\u0131\u2019n\u0131n temizlik, tamir ve tadilat\u0131 yap\u0131larak yeniden Manavgat halk\u0131na kazand\u0131r\u0131ld\u0131.<\/p>\n\n\n\n<p>G\u00f6n\u00fcll\u00fc vatanda\u015flar ile i\u015f birli\u011fi halinde Deniz Kaplumba\u011fas\u0131 yuvalar\u0131 tespit edilip koruma alt\u0131na al\u0131nd\u0131. Yuvadan \u00e7\u0131kan yavrular\u0131n denize ula\u015fabilmeleri ad\u0131na geceleri plajda da ayd\u0131nlatmalar karart\u0131lmaktad\u0131r.<\/p>\n\n\n\n<p>Manavgat Kart uygulamas\u0131 tan\u0131t\u0131larak Manavgatl\u0131lar\u0131n Manavgat Kart\u2019a daha kolay ula\u015f\u0131m\u0131 sa\u011fland\u0131. Manavgat Kart ile Manavgat \u015eelalesi ve Kent M\u00fczesi\u2019ne giri\u015fler kart sahiplerine \u00fccretsiz hale getirildi.<\/p>\n\n\n\n<p>Side ring hatt\u0131nda \u00e7al\u0131\u015fan sidemway (trakt\u00f6rler) ve golf ara\u00e7lar\u0131n\u0131n (car of Side) bak\u0131m ve onar\u0131mlar\u0131 yap\u0131larak hizmete al\u0131nd\u0131.<\/p>\n\n\n\n<p>Sorgun Park Tesisleri\u2019nde k\u0131r d\u00fc\u011f\u00fcn salonu organizasyonlar\u0131 yap\u0131lmaya ba\u015fland\u0131.<\/p>\n\n\n\n<p><strong>Emlak ve \u0130stimlak M\u00fcd\u00fcrl\u00fc\u011f\u00fc<\/strong><\/p>\n\n\n\n<p>K\u00f6pr\u00fcl\u00fc Kanyon Milli Park\u0131 Taz\u0131 Kanyonu G\u00fcn\u00fcbirlik Kullan\u0131m Alan\u0131 Kap\u0131 Giri\u015fi, B\u00fcfe, Foto\u011fraf\u00e7\u0131l\u0131k \u0130\u015fletmecili\u011fi Kiralama \u0130halesine i\u015ftirak edilerek Belediye ad\u0131na kiraland\u0131.<\/p>\n\n\n\n<p>Belediyemizin gelirlerinin art\u0131r\u0131lmas\u0131 noktas\u0131nda, Belediyemize ait ta\u015f\u0131nmazlar\u0131n kiralanmas\u0131 i\u00e7in kiralama ihaleleri ger\u00e7ekle\u015ftirilmektedir. Belediye m\u00fclkleri aras\u0131nda yer alan ticari alanlar, sosyal tesisler ve konutlar i\u00e7in yeni kiralama s\u00f6zle\u015fmeleri yap\u0131ld\u0131.<\/p>\n\n\n\n<p>Manavgat Milli Emlak M\u00fcd\u00fcrl\u00fc\u011f\u00fc&#8217;nden muhtelif mahallelerde bulunan \u00e7e\u015fitli ta\u015f\u0131nmazlar\u0131n, mahallenin ihtiyac\u0131 do\u011frultusunda &#8220;\u00c7ocuk Park\u0131, Oyun Sahas\u0131, Halk\u0131n Toplanabilece\u011fi T\u00f6ren Alan\u0131 ve A\u00e7\u0131k Pazar Alan\u0131&#8221; olarak d\u00fczenlenerek kullan\u0131lmak \u00fczere belediyeye tahsisi talep edildi.<\/p>\n\n\n\n<p><strong>K\u00fclt\u00fcr M\u00fcd\u00fcrl\u00fc\u011f\u00fc<\/strong><\/p>\n\n\n\n<p>Bu d\u00f6nemde, k\u00fclt\u00fcrel etkinliklerin \u00e7e\u015fitlili\u011fi ve kapsam\u0131 geni\u015fletildi, sanatsal projeler desteklendi.<\/p>\n\n\n\n<p>Sanat\u0131n ve k\u00fclt\u00fcr\u00fcn te\u015fvik edilmesi amac\u0131yla, \u00e7e\u015fitli sergiler ve sanat galerileri a\u00e7\u0131ld\u0131. Side K\u00fclt\u00fcr Evi\u2019nde \u201c\u00c7ocuk Ressamlar Sergisi\u201d ve \u201cBerrin K\u00fc\u00e7\u00fck Ki\u015fisel Resim Sergisi\u201d a\u00e7\u0131larak k\u00fclt\u00fcrel bilinci art\u0131rmak ve sanatsal yetenekleri desteklemek ama\u00e7land\u0131.<\/p>\n\n\n\n<p>Manavgat\u2019\u0131n k\u00fclt\u00fcrel ya\u015fam\u0131n\u0131 zenginle\u015ftirmek amac\u0131yla \u00e7e\u015fitli etkinlikler ve festivaller d\u00fczenlendi. 19-20-21 Temmuz\u2019da Side Antik Kent\u2019te d\u00fczenlenen \u201cSide K\u00fclt\u00fcr G\u00fcnleri\u201d kapsam\u0131nda Akdeniz Vokal-G\u00fclay-Atilla-Onur G\u00f6k Orkestras\u0131-Ritaband-Grup Nova-Derinsu Hazal Kaya-Lamaj\u00f6r konserleri b\u00fcy\u00fck ilgi g\u00f6rd\u00fc. 7-8 May\u0131s\u2019ta Side Liman\u2019da \u201cDans ve M\u00fczik Festivali\u201d d\u00fczenlendi.<\/p>\n\n\n\n<p>Sokak Konserleri d\u00fczenlenerek gen\u00e7 yeteneklerin sahneye \u00e7\u0131kmalar\u0131 sa\u011fland\u0131.<\/p>\n\n\n\n<p>23 Nisan Ulusal Egemenlik ve \u00c7ocuk Bayram\u0131 Kapsam\u0131nda Manavgat Belediyesi E\u011fitim Kurumlar\u0131\u2019nda e\u011fitim g\u00f6ren \u00f6\u011frencilerin haz\u0131rlad\u0131klar\u0131 \u015fiir, dans ve halk oyunlar\u0131 g\u00f6sterileri sergilendi.<\/p>\n\n\n\n<p>19 May\u0131s Atat\u00fcrk\u2019\u00fc Anma Gen\u00e7lik ve Spor Bayram\u0131\u2019n\u0131n 105\u2019inci y\u0131l\u0131 fener alay\u0131 ve Murat Boz konseriyle kutlad\u0131.<\/p>\n\n\n\n<p>Spora ve sporcuya verilen destek art\u0131r\u0131larak s\u00fcrd\u00fcr\u00fcld\u00fc. 10-11-12 May\u0131s tarihlerinde Ya\u011fl\u0131 pehlivan g\u00fcre\u015fleri ve 30 May\u0131s-2 Haziran tarihlerinde Deniz K\u00fcre\u011fi Kupas\u0131 d\u00fczenlendi.<\/p>\n\n\n\n<p>7-8-9 Haziran\u2019da Dals\u0131n K\u0131zlar Projesi ile bir k\u0131sm\u0131 daha \u00f6nce hi\u00e7 profesyonel dal\u0131\u015f yapmam\u0131\u015f yakla\u015f\u0131k 90 kad\u0131n su alt\u0131n\u0131 ke\u015ffetme imkan\u0131 yakalad\u0131.<\/p>\n\n\n\n<p>Manavgat Belediyesi T\u00fcrk Sanat M\u00fczi\u011fi (TSM) Korosu, k\u00fclt\u00fcr ve sanat bulu\u015fmalar\u0131 kapsam\u0131nda Atat\u00fcrk K\u00fclt\u00fcr Merkezi\u2019nde Bahar Konseri verdi.<\/p>\n\n\n\n<p>Manavgat Belediyesi T\u00fcrk Halk M\u00fczi\u011fi (THM) Toplulu\u011fu, k\u00fclt\u00fcr ve sanat bulu\u015fmalar\u0131 kapsam\u0131nda Atat\u00fcrk K\u00fclt\u00fcr Merkezi\u2019nde d\u00fczenledi\u011fi konser ile Bozk\u0131r\u0131n Tezenesi Ne\u015fet Erta\u015f\u2019\u0131 and\u0131.<\/p>\n\n\n\n<p>Ba\u011flama virt\u00fc\u00f6z\u00fc Erdal Akkaya ve d\u00fcnyaca \u00fcnl\u00fc Berlin Europa Senfoni Oda Orkestras\u0131, tarihi Side Antik Tiyatro\u2019da sahne ald\u0131.&nbsp;<\/p>\n\n\n\n<p>\u00dcnl\u00fc oyuncular Bahtiyar Memili ve Emrah Alt\u0131ntoprak \u201cSide K\u00fclt\u00fcr G\u00fcnleri\u201d kapsam\u0131nda Manavgatl\u0131lar ile bir araya geldi. S\u00f6yle\u015filer, edebiyat, sinema ve sanat d\u00fcnyas\u0131na dair derinlemesine sohbetlerle dolu dolu ge\u00e7ti.<\/p>\n\n\n\n<p>Yudum \u00c7i\u00e7ek Seven ve Ali Mahsuni Seven \u00fccretsiz halk konserinde Manavgatl\u0131lar ile bulu\u015ftu.<\/p>\n\n\n\n<p>Kad\u0131n Hastal\u0131klar\u0131 ve Do\u011fum Uzman\u0131 Do\u00e7. Dr. Mehmet Sak\u0131nc\u0131, Manavgat Atat\u00fcrk K\u00fclt\u00fcr Merkezi\u2019nde \u201cKad\u0131n Hastal\u0131klar\u0131 \u00d6nlenebilir Mi?\u201d ba\u015fl\u0131kl\u0131 bir konferans verdi.<\/p>\n\n\n\n<p>K\u00fclt\u00fcrel etkinliklerin daha geni\u015f kitlelere ula\u015fmas\u0131n\u0131 sa\u011flamak amac\u0131yla, dijital medya i\u00e7erikleri \u00fcretildi. Etkinliklerin video i\u00e7erikleri sosyal medya platformlar\u0131nda payla\u015f\u0131ld\u0131.<\/p>\n\n\n\n<p><strong>Kre\u015fler M\u00fcd\u00fcrl\u00fc\u011f\u00fc<\/strong><\/p>\n\n\n\n<p>Belediye kre\u015flerinde \u00e7ocuklar\u0131n bili\u015fsel, duygusal ve sosyal geli\u015fimlerini desteklemek amac\u0131yla, ya\u015f grubuna uygun m\u00fcfredatlar olu\u015fturuldu.<\/p>\n\n\n\n<p>Kre\u015flerde \u00e7ocuklar\u0131n sosyal ve k\u00fclt\u00fcrel geli\u015fimini desteklemek amac\u0131yla \u00e7e\u015fitli etkinlikler d\u00fczenlendi. Sorgun \u00c7aml\u0131\u011f\u0131 \u00c7evre Temizli\u011fi, Pegasus At \u00c7iftli\u011fi Gezisi, Antalya Akvaryum Gezisi, Aslan Diyar\u0131 Gezisi gibi etkinliklerle \u00e7ocuklar\u0131n sosyal becerileri geli\u015ftirildi. Bu etkinlikler, \u00e7ocuklar\u0131n do\u011fa ile etkile\u015fimlerini art\u0131rarak, sanatsal ve k\u00fclt\u00fcrel fark\u0131ndal\u0131klar\u0131n\u0131 art\u0131rmay\u0131 ama\u00e7lad\u0131.<\/p>\n\n\n\n<p>Ailelerin \u00e7ocuklar\u0131n\u0131n e\u011fitim s\u00fcrecine aktif kat\u0131l\u0131m\u0131n\u0131 te\u015fvik etmek amac\u0131yla, ev ziyaretleri d\u00fczenlendi. Ailelerle yap\u0131lan toplant\u0131larda, \u00e7ocuklar\u0131n geli\u015fimi ve e\u011fitimi hakk\u0131nda bilgi verildi.<\/p>\n\n\n\n<p>Bu s\u00fcre\u00e7te Manavgat Belediyesi\u2019ne ba\u011fl\u0131 5 kre\u015fte toplam 137 etkinlik farkl\u0131 etkinlik yap\u0131larak miniklerimizin, e\u011flenmesine ve \u00f6\u011frenmesine katk\u0131 sa\u011fland\u0131.<\/p>\n\n\n\n<p><strong>Temizlik i\u015fleri M\u00fcd\u00fcrl\u00fc\u011f\u00fc<\/strong><\/p>\n\n\n\n<p>Bu d\u00f6nemde, \u015fehir genelinde temizlik standartlar\u0131n\u0131n art\u0131r\u0131lmas\u0131, \u00e7evre koruma projeleri ve toplum sa\u011fl\u0131\u011f\u0131n\u0131n desteklenmesi amac\u0131yla \u00f6nemli ad\u0131mlar at\u0131ld\u0131.<\/p>\n\n\n\n<p>Parklar, caddeler, sokaklar ve kamusal alanlar d\u00fczenli olarak temizlendi.<\/p>\n\n\n\n<p>Ayr\u0131ca, at\u0131k y\u00f6netim sisteminin etkinli\u011fini art\u0131rmak amac\u0131yla, \u00e7\u00f6p toplama frekanslar\u0131 art\u0131r\u0131ld\u0131 ve at\u0131k ayr\u0131\u015ft\u0131rma i\u015flemlerine \u00f6nem verildi. Bu d\u00f6nemde, toplamda 57.500 ton evsel at\u0131k topland\u0131. Bah\u00e7e at\u0131\u011f\u0131 ve moloz ayr\u0131\u015ft\u0131rma merkezi olu\u015fturularak dal, hafriyat vb. at\u0131klar\u0131n toplanmas\u0131 ve ayr\u0131\u015ft\u0131r\u0131lmas\u0131 sa\u011fland\u0131.<\/p>\n\n\n\n<p>\u00d6mr\u00fcn\u00fc tamamlam\u0131\u015f lastik, bitkisel at\u0131k ya\u011f, eski giysi, pil vb. at\u0131klar\u0131n rutin olarak toplanarak mevzuata uygun olarak d\u00f6n\u00fc\u015f\u00fcm\u00fc sa\u011fland\u0131.<\/p>\n\n\n\n<p>484 adet konteyner \u00fcretilerek belediyeye kazand\u0131r\u0131ld\u0131.<\/p>\n\n\n\n<p>\u015eehir i\u00e7indeki kamu alanlar\u0131n\u0131n ve yol kenarlar\u0131n\u0131n temizli\u011fini art\u0131rmak amac\u0131yla d\u00fczenli y\u0131kama ve bak\u0131m \u00e7al\u0131\u015fmalar\u0131 yap\u0131ld\u0131. Ana arterler, otob\u00fcs duraklar\u0131 ve trafik \u0131\u015f\u0131klar\u0131 gibi yo\u011fun kullan\u0131lan b\u00f6lgelerde y\u0131kama ara\u00e7lar\u0131yla temizlik sa\u011fland\u0131. Manavgat genelinde camilerin ayda bir kez rutin y\u0131kamas\u0131 yap\u0131ld\u0131. \u00c7\u00f6p konteynerleri ve sokak lambalar\u0131n\u0131n temizli\u011fi yap\u0131larak, \u015fehrin genel hijyen seviyesi y\u00fckseltildi.<\/p>\n\n\n\n<p><strong>Fen \u0130\u015fleri M\u00fcd\u00fcrl\u00fc\u011f\u00fc<\/strong><\/p>\n\n\n\n<p>Bu d\u00f6nemde, \u015fehir altyap\u0131s\u0131n\u0131n g\u00fc\u00e7lendirilmesi, yollar\u0131n ve kamusal alanlar\u0131n yenilenmesi, \u00e7e\u015fitli in\u015faat projeleri ve bak\u0131m \u00e7al\u0131\u015fmalar\u0131na \u00f6nemli yat\u0131r\u0131mlar yap\u0131ld\u0131.<\/p>\n\n\n\n<p>\u015eehir genelindeki ana arterler, caddeler ve sokaklarda kapsaml\u0131 bak\u0131m ve onar\u0131m \u00e7al\u0131\u015fmalar\u0131 ger\u00e7ekle\u015ftirildi. Toplamda 7.264 ton s\u0131cak asfalt \u00e7al\u0131\u015fmas\u0131 ve 3.631 ton yama yap\u0131ld\u0131.<\/p>\n\n\n\n<p>Muhtelif mahallelerde 40 km yol bak\u0131m\u0131 ile 8 km yeni imar ve kadastro yolu a\u00e7\u0131ld\u0131.<\/p>\n\n\n\n<p>Kamusal binalar\u0131n ve sosyal tesislerin bak\u0131m ve onar\u0131m \u00e7al\u0131\u015fmalar\u0131 ger\u00e7ekle\u015ftirildi. Belediye binalar\u0131, sa\u011fl\u0131k merkezleri, okullar ve sosyal tesislerde, genel bak\u0131m ve yenileme \u00e7al\u0131\u015fmalar\u0131 yap\u0131ld\u0131. \u00d6zellikle, \u00e7at\u0131lar, d\u0131\u015f cepheler ve i\u00e7 mekanlarda yap\u0131lan onar\u0131mlar, bu yap\u0131lar\u0131n daha g\u00fcvenli ve modern hale gelmesini sa\u011flad\u0131.<\/p>\n\n\n\n<p>Trafik ak\u0131\u015f\u0131n\u0131 ve g\u00fcvenli\u011fini art\u0131rmak amac\u0131yla \u00e7e\u015fitli trafik d\u00fczenlemeleri yap\u0131ld\u0131. Yeni trafik i\u015faretleri, sinyalizasyon sistemleri ve yol \u00e7izgileri ile trafik d\u00fczenlemeleri yap\u0131ld\u0131. Ayr\u0131ca, trafik kazalar\u0131n\u0131 azaltmak ve s\u00fcr\u00fcc\u00fclerin g\u00fcvenli\u011fini sa\u011flamak amac\u0131yla, tehlikeli b\u00f6lgelerde uyar\u0131 levhalar\u0131 ve h\u0131z kesiciler yerle\u015ftirildi. 300 adet levha tamirat ve montaj\u0131 yap\u0131ld\u0131.<\/p>\n\n\n\n<p>Sar\u0131lar ve Demirciler Mahallelerinde kurban sat\u0131\u015f pazarlar\u0131 kurularak, hijyenik ve g\u00fcvenilir bir ortamda kurban sat\u0131\u015f\u0131 sa\u011fland\u0131.<\/p>\n\n\n\n<p>9.466 m<sup>2<\/sup> alanda parke tamirat\u0131 ve imalat\u0131 yap\u0131larak sokak ve caddeler d\u00fczenlendi.<\/p>\n\n\n\n<p>Ya\u011fmur suyu ge\u00e7i\u015fleri i\u00e7in 2.986 m boru ve b\u00fcz imalat\u0131 yap\u0131ld\u0131.<\/p>\n\n\n\n<p>Seyir halindeki ara\u00e7lar ile yaya trafi\u011fini ay\u0131rmak, \u00e7ift \u015feritli yollarda ve bisiklet yollar\u0131nda g\u00fcvenli\u011fi sa\u011flamak amac\u0131yla 350 adet duba ve delinat\u00f6r montaj\u0131 yap\u0131ld\u0131. 10 km yolda reglaj yap\u0131larak p\u00fcr\u00fczl\u00fc alanlar d\u00fczeltilip, muhtelif alanlara e\u011fim verilerek ya\u011fmur sular\u0131n\u0131n at\u0131lmas\u0131 ve olas\u0131 kazalar\u0131n \u00f6n\u00fcne ge\u00e7ilmesi ama\u00e7land\u0131. 6.000 m<sup>2<\/sup> \u0131rmak kenarlar\u0131na \u00e7ekek yeri haz\u0131rland\u0131.<\/p>\n\n\n\n<p>\u00c7e\u015fitli yaylalara canl\u0131lar i\u00e7in araz\u00f6z ile su ta\u015f\u0131yarak susuz kalan hayvanlara destek olundu.<\/p>\n\n\n\n<p><strong>Park ve Bah\u00e7eler M\u00fcd\u00fcrl\u00fc\u011f\u00fc<\/strong><\/p>\n\n\n\n<p>Bu d\u00f6nemde ger\u00e7ekle\u015ftirilen \u00e7e\u015fitli projeler ve iyile\u015ftirmeler, il\u00e7enin ye\u015fil alanlar\u0131n\u0131 zenginle\u015ftirmek ve halk\u0131n ya\u015fam kalitesini art\u0131rmak amac\u0131yla planland\u0131 ve uyguland\u0131.<\/p>\n\n\n\n<p>Manavgat Belediyesi Park ve Bah\u00e7eler M\u00fcd\u00fcrl\u00fc\u011f\u00fc, il\u00e7edeki ye\u015fil alanlar\u0131 geni\u015fletme ve mevcut parklar\u0131 yenileme \u00e7al\u0131\u015fmalar\u0131na odakland\u0131. Bu kapsamda, toplam 2 yeni park yap\u0131ld\u0131 ve 3 mevcut park revizyonu tamamland\u0131. Yenilenen parklar\u0131n i\u00e7erikleri aras\u0131nda modern oyun alanlar\u0131, y\u00fcr\u00fcy\u00fc\u015f yollar\u0131, spor alanlar\u0131 ve dinlenme b\u00f6lgeleri yer ald\u0131.<\/p>\n\n\n\n<p>\u0130l\u00e7e genelinde 150 yeni a\u011fa\u00e7 ve 500.000 mevsimlik bitki dikimi yap\u0131ld\u0131. 4500 m<sup>2<\/sup> yeni ye\u015fil alan ilavesi yap\u0131ld\u0131. A\u011fa\u00e7land\u0131rma projeleri, \u00f6zellikle \u015fehir merkezleri ve yeni yerle\u015fim b\u00f6lgelerine odaklanarak, hem \u00e7evresel fayda hem de estetik de\u011fer sa\u011flad\u0131.<\/p>\n\n\n\n<p>Halk plajlar\u0131 i\u00e7in kabin imalat\u0131 yap\u0131larak kurulumu ger\u00e7ekle\u015ftirildi.<\/p>\n\n\n\n<p>Side Liman b\u00f6lgesine halk\u0131n ihtiyac\u0131n\u0131 kar\u015f\u0131layacak ve kentin yap\u0131s\u0131na uygun modern ah\u015fap lavabolar yap\u0131ld\u0131.<\/p>\n\n\n\n<p>Muhtelif ye\u015fil alanlarda ihtiyaca y\u00f6nelik olarak 200 metre ah\u015fap korkuluk, 18 adet piknik masas\u0131, 74 adet oturma bank\u0131, 174 adet \u00e7\u00f6p kovas\u0131 \u00fcretimi ve montaj\u0131 yap\u0131ld\u0131.<\/p>\n\n\n\n<p>1 adet basketbol sahas\u0131 ve 1 adet kamelya yap\u0131m\u0131 tamamland\u0131.<\/p>\n\n\n\n<p>Z\u00fcbeyde Han\u0131m Caddesi\u2019nde bulunan toplam 6000 m<sup>2<\/sup> ye\u015fil alan revize edildi.<\/p>\n\n\n\n<p>Ayr\u0131ca yaz sezonu nedeniyle 106 mahallenin ihtiya\u00e7lar\u0131na y\u00f6nelik rutin olarak sulama, ot temizli\u011fi, ekim-dikim, \u00e7im bi\u00e7imi, budama, ila\u00e7lama, \u00fcretim ve faaliyetleri d\u00fczenli olarak devam etmektedir.&nbsp;<\/p>\n\n\n\n<p><strong>Et\u00fct Proje M\u00fcd\u00fcrl\u00fc\u011f\u00fc<\/strong><\/p>\n\n\n\n<p>Altyap\u0131 \u00e7al\u0131\u015fmalar\u0131, imar d\u00fczenlemeleri ve sosyal hizmet alanlar\u0131nda projeler ortaya konuldu.<\/p>\n\n\n\n<p>Manavgat Halk\u0131na kazand\u0131r\u0131lan Taz\u0131 Kanyonu\u2019nda \u00e7evre d\u00fczenleme projesi, D\u00fcza\u011fa\u00e7 Mahallesi GES Projesi, \u00c7eltik\u00e7i Mahallesi Kre\u015f Projesi, Otizm Merkezdi Projesi, Canl\u0131 Hayvan Pazar\u0131 Revize Projesi, K\u0131z\u0131lot Mahallesi Spor Alan\u0131 Projesi ve Karg\u0131han Restorasyon \u00e7al\u0131\u015fmalar\u0131 devam ediyor.<\/p>\n\n\n\n<p>Atat\u00fcrk Fevzi Pa\u015fa Caddesi Revize Kald\u0131r\u0131m D\u00fczenleme Projesi, \u00c7am \u0130\u00e7i Sahil Alan\u0131 D\u00fczenleme Projesi, A\u015fa\u011f\u0131 Pazarc\u0131 Mahallesi Irmak Kenar\u0131 Emekli Kahvehanesi Projesi, Hisar Mahallesi Emekli Kahvehanesi Projesi, Belediye Binas\u0131nda Halk Masas\u0131 Birimi Olu\u015fturulmas\u0131 Projesi, Il\u0131ca Engelsiz Ya\u015fam Merkezi \u00c7evre D\u00fczenlemesi Projesi, Hisar Mahallesi Kent Lokantas\u0131 Projesi, A\u015fa\u011f\u0131 Pazarc\u0131 Mahallesi Kent Lokantas\u0131 Projesi, Manavgat Sahili Halk Plaj\u0131 Projeleri, Titreyen G\u00f6l \u00c7evresi Rekreasyon Projesi, Antik Side ATM \u00dcniteleri Projesi, Il\u0131ca Mahallesi Park Alan\u0131 D\u00fczenleme Projesi ve Manavgat \u015eelalesi Giri\u015f Kap\u0131 G\u00f6lgelik Projeleri olu\u015fturuldu.<\/p>\n\n\n\n<p><strong>Spor M\u00fcd\u00fcrl\u00fc\u011f\u00fc<\/strong><\/p>\n\n\n\n<p>11. Manavgat Belediyesi Ya\u011fl\u0131 Pehlivan G\u00fcre\u015fleri d\u00fczenlendi.<\/p>\n\n\n\n<p>Spor Okullar\u0131 vas\u0131tas\u0131yla 400 \u00e7ocuk spora te\u015fvik edildi.<\/p>\n\n\n\n<p>Futbol ve Voleybol A tak\u0131mlar\u0131 yeni bir yap\u0131lanmayla sezon haz\u0131rl\u0131klar\u0131na ba\u015flad\u0131.<\/p>\n\n\n\n<p>Devam etmekte olan y\u00fczme, basketbol ve voleybol yaz kurslar\u0131 ile gen\u00e7 n\u00fcfusa \u00fccretsiz spor olanaklar\u0131 sa\u011fland\u0131.<\/p>\n\n\n\n<p><strong>EK<\/strong><\/p>\n\n\n\n<p>Spor M\u00fcd\u00fcrl\u00fc\u011f\u00fc ve Makine \u0130kmal M\u00fcd\u00fcrl\u00fc\u011f\u00fc olmak \u00fczere iki yeni m\u00fcd\u00fcrl\u00fck kuruldu. Muhtarl\u0131k M\u00fcd\u00fcrl\u00fc\u011f\u00fc yeniden i\u015fler hale getirildi.<\/p>\n\n\n\n<p>B\u00fc\u015fra Deveci \/ Haber<\/p>\n","protected":false},"excerpt":{"rendered":"<p>31 Mart 2024 Tarihinde yap\u0131lan Yerel se\u00e7imlerde Belediye Ba\u015fkanl\u0131\u011f\u0131 se\u00e7imlerinde Dr. Niyazi Nefi Kara 5 Nisan 2024 g\u00fcn\u00fc g\u00f6revi devir ald\u0131\u011f\u0131 g\u00fcnden bug\u00fcne ge\u00e7en s\u00fcreci <a href=\"https:\/\/akdenizhaber.com.tr\/index.php\/2024\/08\/01\/manavgat-belediye-baskani-dr-niyazi-nefi-kara-biz-biriz-beraberiz\/\" class=\"read-more-link\">[more&#8230;]<\/a><\/p>\n","protected":false},"author":2,"featured_media":25338,"comment_status":"open","ping_status":"open","sticky":false,"template":"","format":"standard","meta":{"footnotes":""},"categories":[2],"tags":[],"class_list":["post-25337","post","type-post","status-publish","format-standard","has-post-thumbnail","hentry","category-gundem"],"_links":{"self":[{"href":"https:\/\/akdenizhaber.com.tr\/index.php\/wp-json\/wp\/v2\/posts\/25337","targetHints":{"allow":["GET"]}}],"collection":[{"href":"https:\/\/akdenizhaber.com.tr\/index.php\/wp-json\/wp\/v2\/posts"}],"about":[{"href":"https:\/\/akdenizhaber.com.tr\/index.php\/wp-json\/wp\/v2\/types\/post"}],"author":[{"embeddable":true,"href":"https:\/\/akdenizhaber.com.tr\/index.php\/wp-json\/wp\/v2\/users\/2"}],"replies":[{"embeddable":true,"href":"https:\/\/akdenizhaber.com.tr\/index.php\/wp-json\/wp\/v2\/comments?post=25337"}],"version-history":[{"count":1,"href":"https:\/\/akdenizhaber.com.tr\/index.php\/wp-json\/wp\/v2\/posts\/25337\/revisions"}],"predecessor-version":[{"id":25339,"href":"https:\/\/akdenizhaber.com.tr\/index.php\/wp-json\/wp\/v2\/posts\/25337\/revisions\/25339"}],"wp:featuredmedia":[{"embeddable":true,"href":"https:\/\/akdenizhaber.com.tr\/index.php\/wp-json\/wp\/v2\/media\/25338"}],"wp:attachment":[{"href":"https:\/\/akdenizhaber.com.tr\/index.php\/wp-json\/wp\/v2\/media?parent=25337"}],"wp:term":[{"taxonomy":"category","embeddable":true,"href":"https:\/\/akdenizhaber.com.tr\/index.php\/wp-json\/wp\/v2\/categories?post=25337"},{"taxonomy":"post_tag","embeddable":true,"href":"https:\/\/akdenizhaber.com.tr\/index.php\/wp-json\/wp\/v2\/tags?post=25337"}],"curies":[{"name":"wp","href":"https:\/\/api.w.org\/{rel}","templated":true}]}}