{"id":25332,"date":"2024-08-01T16:07:30","date_gmt":"2024-08-01T13:07:30","guid":{"rendered":"https:\/\/akdenizhaber.com.tr\/?p=25332"},"modified":"2024-08-01T16:07:31","modified_gmt":"2024-08-01T13:07:31","slug":"cosar-anayasa-mahkemesi-kararlarini-uygulamamak-hukuka-darbedir","status":"publish","type":"post","link":"https:\/\/akdenizhaber.com.tr\/index.php\/2024\/08\/01\/cosar-anayasa-mahkemesi-kararlarini-uygulamamak-hukuka-darbedir\/","title":{"rendered":"Co\u015far, \u2018Anayasa Mahkemesi Kararlar\u0131n\u0131 Uygulamamak Hukuka Darbedir\u2019"},"content":{"rendered":"\n<p>CHP Antalya Milletvekili Aliye Co\u015far, siyasi yarg\u0131lamalar\u0131n ortaya \u00e7\u0131kard\u0131\u011f\u0131 fiili anayasas\u0131zl\u0131k halinin ve sonu\u00e7lar\u0131n\u0131n ara\u015ft\u0131r\u0131lmas\u0131 hakk\u0131ndaki meclis ara\u015ft\u0131rma \u00f6nergesi \u00fczerine TBMM Genel Kurulu\u2019nda yapt\u0131\u011f\u0131 konu\u015fmada, yarg\u0131n\u0131n siyasalla\u015fmas\u0131n\u0131n ve yarg\u0131 \u00fczerindeki siyasi bask\u0131n\u0131n yarg\u0131 ba\u011f\u0131ms\u0131zl\u0131\u011f\u0131 ve tarafs\u0131zl\u0131\u011f\u0131na g\u00f6lge d\u00fc\u015f\u00fcrd\u00fc\u011f\u00fcn\u00fc belirtti. Ba\u011flay\u0131c\u0131l\u0131\u011f\u0131 olan Anayasa Mahkemesi kararlar\u0131n\u0131n yok say\u0131ld\u0131\u011f\u0131n\u0131 vurgulayan CHP\u2019li Co\u015far, konu\u015fmas\u0131nda \u015funlar\u0131 ifade etti;<\/p>\n\n\n\n<p>TEK ADAM REJ\u0130M\u0130 \u0130LE YARGI S\u0130YASALLA\u015eMI\u015eTIR<\/p>\n\n\n\n<p>\u201c\u00dclkemizde maalesef yarg\u0131 siyasalla\u015fm\u0131\u015ft\u0131r. Yarg\u0131 ba\u011f\u0131ms\u0131zl\u0131\u011f\u0131 ve tarafs\u0131zl\u0131\u011f\u0131 yoktur.<\/p>\n\n\n\n<p>2017 Referandumu ile gelen tek adam rejimiyle yarg\u0131 siyasi iktidar\u0131n kontrol\u00fcne girmi\u015ftir.<\/p>\n\n\n\n<p>Tek adam rejiminde, \u00fclkemizde Anayasa Mahkemesi kararlar\u0131 yok say\u0131lmaktad\u0131r.<\/p>\n\n\n\n<p>Bunun en son \u00f6rne\u011fi Can Atalay davas\u0131d\u0131r.<\/p>\n\n\n\n<p>Anayasa Mahkemesi Can Atalay i\u00e7in 25 Ekim 2023 tarihinde 9&#8217;a kar\u015f\u0131 5 oyla hak ihlali oldu\u011fu kanaatine h\u00fckmetti. &nbsp;Anayasa Mahkemesi yine ikinci kez 21 Aral\u0131k 2023 tarihinde de hak ihlali oldu\u011fu karar\u0131 vermi\u015ftir. Can Atalay&#8217;\u0131n se\u00e7ilme ve siyasi faaliyette bulunma hakk\u0131 ile ki\u015fi h\u00fcrriyeti ve g\u00fcvenli\u011finin ihlal edildi\u011fine karar verildi. Ancak Yarg\u0131tay 3. Ceza Dairesi, Anayasa Mahkemesi\u2019nin Can Atalay\u2019la ilgili ihlal kararlar\u0131n\u0131n uygulanmamas\u0131 y\u00f6n\u00fcnde karar ald\u0131. Anayasa Mahkemesi kararlar\u0131n\u0131 yok saymakla kalmayan Yarg\u0131tay 3. Ceza Dairesi, Anayasa Mahkemesi \u00dcyelerinin yarg\u0131lanmas\u0131n\u0131 dahi talep etti.\u201d<\/p>\n\n\n\n<p>ANAYASA MAHKEMES\u0130 KARARLARINI UYGULAMAMAK<\/p>\n\n\n\n<p>&nbsp;HUKUKA DARBED\u0130R<\/p>\n\n\n\n<p>\u201cAnayasa Mahkemesi&#8217;nin kararlar\u0131 kesindir. Anayasa Mahkemesi kararlar\u0131 yasama, y\u00fcr\u00fctme ve yarg\u0131 organlar\u0131n\u0131, idare makamlar\u0131n\u0131, ger\u00e7ek ve t\u00fczel ki\u015fileri ba\u011flar.<\/p>\n\n\n\n<p>Bu ya\u015fananlar hukuka darbedir. &nbsp;<\/p>\n\n\n\n<p>Her defa millet iradesinden bahseden AKP, o g\u00fcn bir kez daha milli iradeyi gasp etti. Hatay halk\u0131n\u0131n oylar\u0131 ile se\u00e7ilen Can Atalay hala tutsakt\u0131r.<\/p>\n\n\n\n<p>Can Atalay karar\u0131 ne ilk ne de son hukuk tan\u0131mazl\u0131kt\u0131r.<\/p>\n\n\n\n<p>Anayasa Mahkemesinin, Enis Berbero\u011flu hakk\u0131nda verdi\u011fi hak ihlali karar\u0131n\u0131 \u0130stanbul 14. A\u011f\u0131r Ceza Mahkemesi de tan\u0131mam\u0131\u015ft\u0131. Hukuku yok saymak AKP iktidar\u0131nda bir al\u0131\u015fkanl\u0131\u011fa d\u00f6n\u00fc\u015ft\u00fc.<\/p>\n\n\n\n<p>Yine yarg\u0131 reformu olarak getirilen 9. Yarg\u0131 Paketinde bir\u00e7ok kanun teklifi Anayasa Mahkemesinin iptal kararlar\u0131na ra\u011fmen ayn\u0131 \u015fekilde d\u00fczenlenmi\u015ftir. Bunlar: Kad\u0131n\u0131n soyad\u0131, ormanlar\u0131m\u0131z\u0131 ilgilendiren d\u00fczenleme, Tasarruf Mevduat\u0131 Sigorta Fonu, kamula\u015ft\u0131rmas\u0131z el atmad\u0131r.\u201d<\/p>\n\n\n\n<p>B\u0130R AKP ALI\u015eKANLI\u011eI: ANAYASA VE HUKUKUN \u00dcST\u00dcNL\u00dc\u011e\u00dcN\u00dc YOK SAYMAK<\/p>\n\n\n\n<p>\u201cAnayasa\u2019y\u0131 ve Anayasa Mahkemesi kararlar\u0131n\u0131 yok saymay\u0131 al\u0131\u015fkanl\u0131k haline getiren AKP iktidar\u0131nda yarg\u0131n\u0131n ba\u011f\u0131ms\u0131zl\u0131\u011f\u0131 ve tarafs\u0131zl\u0131\u011f\u0131 \u00fczerinde siyasal bask\u0131 artm\u0131\u015ft\u0131r.&nbsp;<\/p>\n\n\n\n<p>Yarg\u0131n\u0131n siyasalla\u015fmas\u0131n\u0131n bir \u00f6rne\u011fi de Gezi Davas\u0131d\u0131r.<\/p>\n\n\n\n<p>\u0130stanbul 30. A\u011f\u0131r Ceza Mahkemesi, Gezi Park\u0131 eylemleri hakk\u0131nda aralar\u0131nda Osman Kavala&#8217;n\u0131n da bulundu\u011fu 9 san\u0131k hakk\u0131nda beraat karar\u0131 vermi\u015fti. Hakimler ve Savc\u0131lar Kurulu Birinci Dairesi taraf\u0131ndan beraat karar\u0131 veren mahkeme heyeti hakk\u0131nda soru\u015fturma karar\u0131 verildi.<\/p>\n\n\n\n<p>Hukuk devletinin olmazsa olmaz ko\u015fulu yarg\u0131 ba\u011f\u0131ms\u0131zl\u0131\u011f\u0131d\u0131r. T\u00fcrkiye\u2019de hukukun \u00fcst\u00fcnl\u00fc\u011f\u00fc ve yarg\u0131ya g\u00fcven her ge\u00e7en g\u00fcn geriye gitmektedir. Getirilen yarg\u0131 reformu ad\u0131ndaki yarg\u0131 paketleri ile yarg\u0131ya g\u00fcveni ve hukukun \u00fcst\u00fcnl\u00fc\u011f\u00fcn\u00fc sa\u011flayamazs\u0131n\u0131z.<\/p>\n\n\n\n<p>Buradaki temel sorun yarg\u0131n\u0131n siyasalla\u015fmas\u0131 ve Anayasa\u2019ya uyulmamas\u0131d\u0131r.\u201d<\/p>\n\n\n\n<p>Haber Merkezi<\/p>\n\n\n\n<p><\/p>\n","protected":false},"excerpt":{"rendered":"<p>CHP Antalya Milletvekili Aliye Co\u015far, siyasi yarg\u0131lamalar\u0131n ortaya \u00e7\u0131kard\u0131\u011f\u0131 fiili anayasas\u0131zl\u0131k halinin ve sonu\u00e7lar\u0131n\u0131n ara\u015ft\u0131r\u0131lmas\u0131 hakk\u0131ndaki meclis ara\u015ft\u0131rma \u00f6nergesi \u00fczerine TBMM Genel Kurulu\u2019nda yapt\u0131\u011f\u0131 konu\u015fmada, <a href=\"https:\/\/akdenizhaber.com.tr\/index.php\/2024\/08\/01\/cosar-anayasa-mahkemesi-kararlarini-uygulamamak-hukuka-darbedir\/\" class=\"read-more-link\">[more&#8230;]<\/a><\/p>\n","protected":false},"author":2,"featured_media":25079,"comment_status":"open","ping_status":"open","sticky":false,"template":"","format":"standard","meta":{"footnotes":""},"categories":[2],"tags":[],"class_list":["post-25332","post","type-post","status-publish","format-standard","has-post-thumbnail","hentry","category-gundem"],"_links":{"self":[{"href":"https:\/\/akdenizhaber.com.tr\/index.php\/wp-json\/wp\/v2\/posts\/25332","targetHints":{"allow":["GET"]}}],"collection":[{"href":"https:\/\/akdenizhaber.com.tr\/index.php\/wp-json\/wp\/v2\/posts"}],"about":[{"href":"https:\/\/akdenizhaber.com.tr\/index.php\/wp-json\/wp\/v2\/types\/post"}],"author":[{"embeddable":true,"href":"https:\/\/akdenizhaber.com.tr\/index.php\/wp-json\/wp\/v2\/users\/2"}],"replies":[{"embeddable":true,"href":"https:\/\/akdenizhaber.com.tr\/index.php\/wp-json\/wp\/v2\/comments?post=25332"}],"version-history":[{"count":1,"href":"https:\/\/akdenizhaber.com.tr\/index.php\/wp-json\/wp\/v2\/posts\/25332\/revisions"}],"predecessor-version":[{"id":25333,"href":"https:\/\/akdenizhaber.com.tr\/index.php\/wp-json\/wp\/v2\/posts\/25332\/revisions\/25333"}],"wp:featuredmedia":[{"embeddable":true,"href":"https:\/\/akdenizhaber.com.tr\/index.php\/wp-json\/wp\/v2\/media\/25079"}],"wp:attachment":[{"href":"https:\/\/akdenizhaber.com.tr\/index.php\/wp-json\/wp\/v2\/media?parent=25332"}],"wp:term":[{"taxonomy":"category","embeddable":true,"href":"https:\/\/akdenizhaber.com.tr\/index.php\/wp-json\/wp\/v2\/categories?post=25332"},{"taxonomy":"post_tag","embeddable":true,"href":"https:\/\/akdenizhaber.com.tr\/index.php\/wp-json\/wp\/v2\/tags?post=25332"}],"curies":[{"name":"wp","href":"https:\/\/api.w.org\/{rel}","templated":true}]}}