{"id":25313,"date":"2024-08-01T16:01:02","date_gmt":"2024-08-01T13:01:02","guid":{"rendered":"https:\/\/akdenizhaber.com.tr\/?p=25313"},"modified":"2024-08-01T16:01:03","modified_gmt":"2024-08-01T13:01:03","slug":"bengal-kaplanlari-icin-etten-pasta-yapildi","status":"publish","type":"post","link":"https:\/\/akdenizhaber.com.tr\/index.php\/2024\/08\/01\/bengal-kaplanlari-icin-etten-pasta-yapildi\/","title":{"rendered":"Bengal kaplanlar\u0131 i\u00e7in etten pasta yap\u0131ld\u0131"},"content":{"rendered":"\n<p>Antalya B\u00fcy\u00fck\u015fehir Belediyesi Do\u011fal Ya\u015fam Park\u0131&#8217;nda bulunan Bengal kaplanlar i\u00e7in D\u00fcnya Kaplan G\u00fcn\u00fc\u2019ne \u00f6zel olarak etten yap\u0131lm\u0131\u015f pasta haz\u0131rland\u0131. Kaplanlar, kar\u0131\u015f\u0131k etlerden olu\u015fan bu \u00f6zel pastay\u0131 afiyetle yedi.<\/p>\n\n\n\n<p>Ya\u015fad\u0131klar\u0131 habitatlar\u0131n korunmas\u0131 ve kaplanlarla ilgili fark\u0131ndal\u0131\u011f\u0131n art\u0131r\u0131lmas\u0131 amac\u0131yla her y\u0131l 29 Temmuz\u2019da kutlanan D\u00fcnya Kaplan G\u00fcn\u00fc Antalya B\u00fcy\u00fck\u015fehir Belediyesi Do\u011fal Ya\u015fam Park\u0131&#8217;nda da unutulmad\u0131. Bu \u00f6zel g\u00fcnde bak\u0131c\u0131lar\u0131 taraf\u0131ndan parkta bulunan iki Bengal kaplan\u0131 i\u00e7in kar\u0131\u015f\u0131k etten 12 kilograml\u0131k pasta haz\u0131rland\u0131. Do\u011fal Ya\u015fam Park\u0131\u2019ndaki erkek ve di\u015fi Bengal kaplan\u0131, pastalar\u0131n\u0131 afiyetle yedi. Ayr\u0131ca kaplanlar\u0131n biyolojik adaptasyonu ve ya\u015famlar\u0131 hakk\u0131nda bilgi edinebilmeleri i\u00e7in hafta boyunca \u00e7ocuk ziyaret\u00e7ilere Do\u011fa S\u0131n\u0131f\u0131 i\u00e7erisinde \u00e7e\u015fitli bilgilendirme etkinlikleri d\u00fczenlenecek.<\/p>\n\n\n\n<p>KAPLANLARA \u00d6ZEL \u0130LG\u0130<\/p>\n\n\n\n<p>Antalya Do\u011fal Ya\u015fam Park\u0131 \u015eube M\u00fcd\u00fcr\u00fc Veteriner Hekim Dr. Ayg\u00fcl Arsun, Bengal kaplanlar\u0131n\u0131n neslinin tehlike alt\u0131nda oldu\u011funu belirterek Do\u011fal Ya\u015fam Park\u0131\u2019nda bulunan iki kapana s\u0131cak yaz aylar\u0131nda \u00f6zel bir \u015fekilde ilgi ile bakt\u0131klar\u0131n\u0131 belirtti. Arsun, \u201cKaplanlar\u0131n daralan ya\u015fam alanlar\u0131ndan dolay\u0131 soylar\u0131 t\u00fckenme tehlikesi alt\u0131nda. Biz de bir \u00e7ift Bengal kaplan\u0131na ev sahipli\u011fi yaparak korumam\u0131z alt\u0131nda tutuyoruz. 1 hafta boyunca s\u00fcrecek \u00f6zel etkinliklerimiz ger\u00e7ekle\u015fecek. Havalar\u0131n da s\u0131cak ge\u00e7mesi nedeniyle kaplanlar\u0131m\u0131z\u0131n serinlemesi i\u00e7in havuzlar\u0131na buz kal\u0131plar\u0131 at\u0131yoruz ve \u00f6zel f\u0131skiye sulama sistemleri ile kaplanlar\u0131n ferahlamas\u0131n\u0131 sa\u011fl\u0131yoruz\u201d dedi.<\/p>\n\n\n\n<p>Antalya B\u00fcy\u00fck\u015fehir Belediyesi \/ B\u00fclten<\/p>\n","protected":false},"excerpt":{"rendered":"<p>Antalya B\u00fcy\u00fck\u015fehir Belediyesi Do\u011fal Ya\u015fam Park\u0131&#8217;nda bulunan Bengal kaplanlar i\u00e7in D\u00fcnya Kaplan G\u00fcn\u00fc\u2019ne \u00f6zel olarak etten yap\u0131lm\u0131\u015f pasta haz\u0131rland\u0131. Kaplanlar, kar\u0131\u015f\u0131k etlerden olu\u015fan bu \u00f6zel <a href=\"https:\/\/akdenizhaber.com.tr\/index.php\/2024\/08\/01\/bengal-kaplanlari-icin-etten-pasta-yapildi\/\" class=\"read-more-link\">[more&#8230;]<\/a><\/p>\n","protected":false},"author":2,"featured_media":25314,"comment_status":"open","ping_status":"open","sticky":false,"template":"","format":"standard","meta":{"footnotes":""},"categories":[2],"tags":[],"class_list":["post-25313","post","type-post","status-publish","format-standard","has-post-thumbnail","hentry","category-gundem"],"_links":{"self":[{"href":"https:\/\/akdenizhaber.com.tr\/index.php\/wp-json\/wp\/v2\/posts\/25313","targetHints":{"allow":["GET"]}}],"collection":[{"href":"https:\/\/akdenizhaber.com.tr\/index.php\/wp-json\/wp\/v2\/posts"}],"about":[{"href":"https:\/\/akdenizhaber.com.tr\/index.php\/wp-json\/wp\/v2\/types\/post"}],"author":[{"embeddable":true,"href":"https:\/\/akdenizhaber.com.tr\/index.php\/wp-json\/wp\/v2\/users\/2"}],"replies":[{"embeddable":true,"href":"https:\/\/akdenizhaber.com.tr\/index.php\/wp-json\/wp\/v2\/comments?post=25313"}],"version-history":[{"count":1,"href":"https:\/\/akdenizhaber.com.tr\/index.php\/wp-json\/wp\/v2\/posts\/25313\/revisions"}],"predecessor-version":[{"id":25315,"href":"https:\/\/akdenizhaber.com.tr\/index.php\/wp-json\/wp\/v2\/posts\/25313\/revisions\/25315"}],"wp:featuredmedia":[{"embeddable":true,"href":"https:\/\/akdenizhaber.com.tr\/index.php\/wp-json\/wp\/v2\/media\/25314"}],"wp:attachment":[{"href":"https:\/\/akdenizhaber.com.tr\/index.php\/wp-json\/wp\/v2\/media?parent=25313"}],"wp:term":[{"taxonomy":"category","embeddable":true,"href":"https:\/\/akdenizhaber.com.tr\/index.php\/wp-json\/wp\/v2\/categories?post=25313"},{"taxonomy":"post_tag","embeddable":true,"href":"https:\/\/akdenizhaber.com.tr\/index.php\/wp-json\/wp\/v2\/tags?post=25313"}],"curies":[{"name":"wp","href":"https:\/\/api.w.org\/{rel}","templated":true}]}}