{"id":25310,"date":"2024-08-01T15:58:59","date_gmt":"2024-08-01T12:58:59","guid":{"rendered":"https:\/\/akdenizhaber.com.tr\/?p=25310"},"modified":"2024-08-01T15:59:00","modified_gmt":"2024-08-01T12:59:00","slug":"palandoken-enflasyon-duzeltmesi-yilda-bir-kez-yapilmali","status":"publish","type":"post","link":"https:\/\/akdenizhaber.com.tr\/index.php\/2024\/08\/01\/palandoken-enflasyon-duzeltmesi-yilda-bir-kez-yapilmali\/","title":{"rendered":"Paland\u00f6ken, \u201cEnflasyon D\u00fczeltmesi Y\u0131lda Bir Kez Yap\u0131lmal\u0131\u201d"},"content":{"rendered":"\n<hr class=\"wp-block-separator has-alpha-channel-opacity\"\/>\n\n\n\n<p>Enflasyon d\u00fczeltmesi ile esnafa fiktif bir kazan\u00e7 \u00e7\u0131km\u0131\u015f gibi vergi do\u011faca\u011f\u0131n\u0131 belirten TESK Genel Ba\u015fkan\u0131 Bendevi Paland\u00f6ken, \u201cEnflasyon d\u00fczeltmesi y\u0131lda bir kez yap\u0131lmal\u0131 ve bu y\u0131l alt\u0131 ayl\u0131k yap\u0131lacak d\u00fczeltme i\u015flemi y\u0131lsonuna ertelenmeli\u201d dedi.<\/p>\n\n\n\n<p>\u201cZARARDAK\u0130 ESNAFTAN ENFLASYON D\u00dcZENLEMES\u0130 \u0130LE NASIL VERG\u0130 ALINIR\u201d<\/p>\n\n\n\n<p>Enflasyon d\u00fczeltmesi ile k\u00e2rl\u0131 i\u015fletmenin k\u00e2r\u0131n\u0131n d\u00fc\u015febildi\u011fini, bor\u00e7lu ve zarardaki i\u015fletmeye de k\u00e2r do\u011fabildi\u011fini ifade eden Paland\u00f6ken, \u201cBor\u00e7lu bir i\u015fletmeye s\u0131rf enflasyon d\u00fczeltmesi yap\u0131ld\u0131 diye fiktif bir k\u00e2r \u00e7\u0131kar\u0131p vergi istemek, vergide adalet ilkesiyle ba\u011fda\u015fmaz. Madem az kazanandan az, \u00e7ok kazanandan \u00e7ok vergi al\u0131nacak, zarardaki bir esnaftan enflasyon d\u00fczeltmesi ad\u0131 alt\u0131nda vergi istemeyi kim nas\u0131l a\u00e7\u0131klayabilir? Esnaf\u0131n \u00f6deyece\u011fi haks\u0131z vergi, telafisi m\u00fcmk\u00fcn olmayan sonu\u00e7lar do\u011furabilir. Bu nedenle, enflasyon d\u00fczeltmesi y\u0131lda bir kez yap\u0131lmal\u0131 ve y\u0131l sonuna kadar ertelenmelidir\u201d&nbsp;diye konu\u015ftu.&nbsp;<\/p>\n\n\n\n<p>T\u00fcrkiye Esnaf ve Sanatkarlar\u0131 Konfederasyonu \/ B\u00fclten<\/p>\n","protected":false},"excerpt":{"rendered":"<p>Enflasyon d\u00fczeltmesi ile esnafa fiktif bir kazan\u00e7 \u00e7\u0131km\u0131\u015f gibi vergi do\u011faca\u011f\u0131n\u0131 belirten TESK Genel Ba\u015fkan\u0131 Bendevi Paland\u00f6ken, \u201cEnflasyon d\u00fczeltmesi y\u0131lda bir kez yap\u0131lmal\u0131 ve bu <a href=\"https:\/\/akdenizhaber.com.tr\/index.php\/2024\/08\/01\/palandoken-enflasyon-duzeltmesi-yilda-bir-kez-yapilmali\/\" class=\"read-more-link\">[more&#8230;]<\/a><\/p>\n","protected":false},"author":2,"featured_media":25311,"comment_status":"open","ping_status":"open","sticky":false,"template":"","format":"standard","meta":{"footnotes":""},"categories":[2],"tags":[],"class_list":["post-25310","post","type-post","status-publish","format-standard","has-post-thumbnail","hentry","category-gundem"],"_links":{"self":[{"href":"https:\/\/akdenizhaber.com.tr\/index.php\/wp-json\/wp\/v2\/posts\/25310","targetHints":{"allow":["GET"]}}],"collection":[{"href":"https:\/\/akdenizhaber.com.tr\/index.php\/wp-json\/wp\/v2\/posts"}],"about":[{"href":"https:\/\/akdenizhaber.com.tr\/index.php\/wp-json\/wp\/v2\/types\/post"}],"author":[{"embeddable":true,"href":"https:\/\/akdenizhaber.com.tr\/index.php\/wp-json\/wp\/v2\/users\/2"}],"replies":[{"embeddable":true,"href":"https:\/\/akdenizhaber.com.tr\/index.php\/wp-json\/wp\/v2\/comments?post=25310"}],"version-history":[{"count":1,"href":"https:\/\/akdenizhaber.com.tr\/index.php\/wp-json\/wp\/v2\/posts\/25310\/revisions"}],"predecessor-version":[{"id":25312,"href":"https:\/\/akdenizhaber.com.tr\/index.php\/wp-json\/wp\/v2\/posts\/25310\/revisions\/25312"}],"wp:featuredmedia":[{"embeddable":true,"href":"https:\/\/akdenizhaber.com.tr\/index.php\/wp-json\/wp\/v2\/media\/25311"}],"wp:attachment":[{"href":"https:\/\/akdenizhaber.com.tr\/index.php\/wp-json\/wp\/v2\/media?parent=25310"}],"wp:term":[{"taxonomy":"category","embeddable":true,"href":"https:\/\/akdenizhaber.com.tr\/index.php\/wp-json\/wp\/v2\/categories?post=25310"},{"taxonomy":"post_tag","embeddable":true,"href":"https:\/\/akdenizhaber.com.tr\/index.php\/wp-json\/wp\/v2\/tags?post=25310"}],"curies":[{"name":"wp","href":"https:\/\/api.w.org\/{rel}","templated":true}]}}