{"id":25307,"date":"2024-08-01T15:58:31","date_gmt":"2024-08-01T12:58:31","guid":{"rendered":"https:\/\/akdenizhaber.com.tr\/?p=25307"},"modified":"2024-08-01T15:58:33","modified_gmt":"2024-08-01T12:58:33","slug":"projede-celik-cati-imalatinda-sona-yaklasildi","status":"publish","type":"post","link":"https:\/\/akdenizhaber.com.tr\/index.php\/2024\/08\/01\/projede-celik-cati-imalatinda-sona-yaklasildi\/","title":{"rendered":"Projede \u00e7elik \u00e7at\u0131 imalat\u0131nda sona yakla\u015f\u0131ld\u0131"},"content":{"rendered":"\n<p>Antalya B\u00fcy\u00fck\u015fehir Belediyesi\u2019nin Serik Kongre ve K\u00fclt\u00fcr Merkezi Projesi\u2019nde in\u015faat \u00e7al\u0131\u015fmalar\u0131 h\u0131zla s\u00fcr\u00fcyor. Projede ara sahne, \u00fcst balkon, \u00e7elik ve d\u00f6\u015feme beton imalatlar\u0131 tamamlan\u0131rken, \u00e7elik \u00e7at\u0131 imalat\u0131nda sona yakla\u015f\u0131ld\u0131. &nbsp;<\/p>\n\n\n\n<p>Antalya B\u00fcy\u00fck\u015fehir Belediyesi\u2019nin Serik Gedik Mahallesi\u2019nde 20 bin 140 metrekare alan \u00fczerinde in\u015fas\u0131 s\u00fcren Serik K\u00fclt\u00fcr Merkezi, iki ayr\u0131 bloktan olu\u015fuyor. Kongre ve K\u00fclt\u00fcr Merkezi\u2019nin yer ald\u0131\u011f\u0131 B Blok in\u015faat\u0131nda daha \u00f6nce betonarme ve duvar imalatlar\u0131n\u0131 bitiren ekipler, projede ara sahne ve \u00fcst balkon \u00e7elik ve d\u00f6\u015feme beton imalatlar\u0131n\u0131 da tamamlad\u0131.<\/p>\n\n\n\n<p>\u00c7elik \u00e7at\u0131 imalatlar\u0131nda y\u00fczde 60\u2019l\u0131k k\u0131sm\u0131 tamamlayan ekipler \u00e7evre d\u00fczenleme ve alt yap\u0131 imalatlar\u0131na da t\u00fcm h\u0131z\u0131yla devam ediyor. Serik\u2019in sosyal ve k\u00fclt\u00fcrel hayat\u0131n\u0131 canland\u0131racak projede bin ki\u015filik konferans salonu, 250 ki\u015filik salon, fuaye, kurs alanlar\u0131, galeri, kulisler, prova odalar\u0131, at\u00f6lyeler ve kost\u00fcm odalar\u0131 bulunuyor.<\/p>\n\n\n\n<p>Antalya B\u00fcy\u00fck\u015fehir Belediyesi \/ B\u00fclten<\/p>\n","protected":false},"excerpt":{"rendered":"<p>Antalya B\u00fcy\u00fck\u015fehir Belediyesi\u2019nin Serik Kongre ve K\u00fclt\u00fcr Merkezi Projesi\u2019nde in\u015faat \u00e7al\u0131\u015fmalar\u0131 h\u0131zla s\u00fcr\u00fcyor. Projede ara sahne, \u00fcst balkon, \u00e7elik ve d\u00f6\u015feme beton imalatlar\u0131 tamamlan\u0131rken, \u00e7elik <a href=\"https:\/\/akdenizhaber.com.tr\/index.php\/2024\/08\/01\/projede-celik-cati-imalatinda-sona-yaklasildi\/\" class=\"read-more-link\">[more&#8230;]<\/a><\/p>\n","protected":false},"author":2,"featured_media":25308,"comment_status":"open","ping_status":"open","sticky":false,"template":"","format":"standard","meta":{"footnotes":""},"categories":[1],"tags":[],"class_list":["post-25307","post","type-post","status-publish","format-standard","has-post-thumbnail","hentry","category-blog"],"_links":{"self":[{"href":"https:\/\/akdenizhaber.com.tr\/index.php\/wp-json\/wp\/v2\/posts\/25307","targetHints":{"allow":["GET"]}}],"collection":[{"href":"https:\/\/akdenizhaber.com.tr\/index.php\/wp-json\/wp\/v2\/posts"}],"about":[{"href":"https:\/\/akdenizhaber.com.tr\/index.php\/wp-json\/wp\/v2\/types\/post"}],"author":[{"embeddable":true,"href":"https:\/\/akdenizhaber.com.tr\/index.php\/wp-json\/wp\/v2\/users\/2"}],"replies":[{"embeddable":true,"href":"https:\/\/akdenizhaber.com.tr\/index.php\/wp-json\/wp\/v2\/comments?post=25307"}],"version-history":[{"count":1,"href":"https:\/\/akdenizhaber.com.tr\/index.php\/wp-json\/wp\/v2\/posts\/25307\/revisions"}],"predecessor-version":[{"id":25309,"href":"https:\/\/akdenizhaber.com.tr\/index.php\/wp-json\/wp\/v2\/posts\/25307\/revisions\/25309"}],"wp:featuredmedia":[{"embeddable":true,"href":"https:\/\/akdenizhaber.com.tr\/index.php\/wp-json\/wp\/v2\/media\/25308"}],"wp:attachment":[{"href":"https:\/\/akdenizhaber.com.tr\/index.php\/wp-json\/wp\/v2\/media?parent=25307"}],"wp:term":[{"taxonomy":"category","embeddable":true,"href":"https:\/\/akdenizhaber.com.tr\/index.php\/wp-json\/wp\/v2\/categories?post=25307"},{"taxonomy":"post_tag","embeddable":true,"href":"https:\/\/akdenizhaber.com.tr\/index.php\/wp-json\/wp\/v2\/tags?post=25307"}],"curies":[{"name":"wp","href":"https:\/\/api.w.org\/{rel}","templated":true}]}}