{"id":25300,"date":"2024-07-30T10:09:58","date_gmt":"2024-07-30T07:09:58","guid":{"rendered":"https:\/\/akdenizhaber.com.tr\/?p=25300"},"modified":"2024-07-30T10:09:59","modified_gmt":"2024-07-30T07:09:59","slug":"nedim-engin-samsuna-atandi","status":"publish","type":"post","link":"https:\/\/akdenizhaber.com.tr\/index.php\/2024\/07\/30\/nedim-engin-samsuna-atandi\/","title":{"rendered":"NED\u0130M ENG\u0130N SAMSUN\u2019A ATANDI"},"content":{"rendered":"\n<p>G\u00dcLE G\u00dcLE M\u00dcD\u00dcR\u00dcM<\/p>\n\n\n\n<p><\/p>\n\n\n\n<p>Bas\u0131n \u0130lan Kurumu (B\u0130K) Antalya \u015eube M\u00fcd\u00fcr\u00fc Nedim Engin, Samsun\u2019a atand\u0131. Sosyal medya \u00fczerinden bir veda mesaj\u0131 yay\u0131nlayan Engin, Antalya\u2019da g\u00f6rev yapt\u0131\u011f\u0131 10 y\u0131l\u0131n ard\u0131ndan B\u0130K Samsun \u015eube M\u00fcd\u00fcr\u00fc olarak atand\u0131\u011f\u0131n\u0131 payla\u015ft\u0131.<\/p>\n\n\n\n<p>29 Temmuz itibar\u0131 ile Bas\u0131n \u0130lan Kurumu (B\u0130K) Samsun \u015eube M\u00fcd\u00fcr\u00fc olarak atanan Nedim Engin, veda mesaj\u0131nda \u015fu ifadelere yer verdi: \u201c10 y\u0131l \u00f6nce g\u00f6reve ba\u015flad\u0131\u011f\u0131m Bas\u0131n \u0130lan Kurumu Antalya \u015eube M\u00fcd\u00fcrl\u00fc\u011f\u00fc g\u00f6revimden, Say\u0131n Genel M\u00fcd\u00fcr\u00fcm\u00fcz\u00fcn teklifi, Y\u00f6netim Kurulumuzun onay\u0131 ile 29 Temmuz 2024 tarihi itibar\u0131 ile Bas\u0131n \u0130lan Kurumu Samsun \u015eube M\u00fcd\u00fcr\u00fc olarak atanm\u0131\u015f bulunmaktay\u0131m. Geride b\u0131rakt\u0131\u011f\u0131m 10 y\u0131ll\u0131k kamu g\u00f6revim boyunca, her biri farkl\u0131 hayat hikayeleri olan \u00e7ok insan tan\u0131d\u0131m. Tan\u0131d\u0131\u011f\u0131m bu farkl\u0131 hayatlar\u0131n bana \u00f6\u011fretti\u011fi tek hakikat \u015fu oldu; stat\u00fcs\u00fc, maddi olana\u011f\u0131 ve imkanlar\u0131 ne olursa olsun bir insan\u0131n hakiki mutlulu\u011fu kazanmas\u0131n\u0131n tek yolu i\u00e7ten sevmek ve i\u00e7ten sevilmek. G\u00f6rev alan\u0131m i\u00e7erisinde yer alan, Antalya, Isparta ve Burdur\u2019u \u00e7ok sevdim, siz de beni ba\u011fr\u0131n\u0131za bast\u0131n\u0131z. Bu sebepledir ki; benim hayat hik\u00e2yemdeki Antalya, Isparta ve Burdur sayfas\u0131 daima mutluluk olacakt\u0131r.\u201d<\/p>\n\n\n\n<p>&nbsp;\u201cK\u0131ymetli hem\u015ferilerim; Antalya\u2019daki 10 y\u0131ll\u0131k g\u00f6rev s\u00fcrem boyunca daima desteklerini g\u00f6rd\u00fc\u011f\u00fcm; Antalya, Isparta ve Burdur Valilerime, il\u00e7e kaymakamlar\u0131ma, belediye ba\u015fkanlar\u0131ma, k\u0131ymetli kurum amirleri ve mesai arkada\u015flar\u0131ma, gazetelerimizin de\u011ferli sahipleri ve \u00e7al\u0131\u015fanlar\u0131na, \u2018samimiyetle ve iyi niyetle\u2019 bu topraklara, bu topraklar\u0131n insan\u0131na hizmet etmek i\u00e7in gayret g\u00f6sterip yan\u0131m\u0131zda saf tutan veya bir \u015fey yapamay\u0131p da uzaktan veya yak\u0131ndan \u2018duam seninle\u2019 diyebilen herkese, Antalya, Isparta ve Burdur\u2019umuzun, samimi g\u00fczel insanlar\u0131na, en kalbi duygular\u0131mla \u015f\u00fckranlar\u0131m\u0131 sunuyorum. Bana sizleri tan\u0131ma, sizlerle \u2018bir\u2019 olma imk\u00e2n\u0131n\u0131 veren Allah\u2019a \u015f\u00fck\u00fcrler olsun. Ben sizlerden raz\u0131y\u0131m. Y\u00fcce Allah (cc) da sizlerden raz\u0131 olsun. Sat\u0131rlara s\u0131\u011fd\u0131ramayaca\u011f\u0131m an\u0131lar ve benzersiz duygularla; uzaklara, ba\u015fka diyarlara gitme vaktidir \u015fimdi. Hakk\u0131m yoktur. Hakk\u0131n\u0131z\u0131 helal ediniz. Allah\u2019a \u0131smarlad\u0131k Antalya, Isparta ve Burdur.<\/p>\n\n\n\n<p>Haber Merkezi<\/p>\n","protected":false},"excerpt":{"rendered":"<p>G\u00dcLE G\u00dcLE M\u00dcD\u00dcR\u00dcM Bas\u0131n \u0130lan Kurumu (B\u0130K) Antalya \u015eube M\u00fcd\u00fcr\u00fc Nedim Engin, Samsun\u2019a atand\u0131. Sosyal medya \u00fczerinden bir veda mesaj\u0131 yay\u0131nlayan Engin, Antalya\u2019da g\u00f6rev yapt\u0131\u011f\u0131 <a href=\"https:\/\/akdenizhaber.com.tr\/index.php\/2024\/07\/30\/nedim-engin-samsuna-atandi\/\" class=\"read-more-link\">[more&#8230;]<\/a><\/p>\n","protected":false},"author":2,"featured_media":25301,"comment_status":"open","ping_status":"open","sticky":false,"template":"","format":"standard","meta":{"footnotes":""},"categories":[2],"tags":[],"class_list":["post-25300","post","type-post","status-publish","format-standard","has-post-thumbnail","hentry","category-gundem"],"_links":{"self":[{"href":"https:\/\/akdenizhaber.com.tr\/index.php\/wp-json\/wp\/v2\/posts\/25300","targetHints":{"allow":["GET"]}}],"collection":[{"href":"https:\/\/akdenizhaber.com.tr\/index.php\/wp-json\/wp\/v2\/posts"}],"about":[{"href":"https:\/\/akdenizhaber.com.tr\/index.php\/wp-json\/wp\/v2\/types\/post"}],"author":[{"embeddable":true,"href":"https:\/\/akdenizhaber.com.tr\/index.php\/wp-json\/wp\/v2\/users\/2"}],"replies":[{"embeddable":true,"href":"https:\/\/akdenizhaber.com.tr\/index.php\/wp-json\/wp\/v2\/comments?post=25300"}],"version-history":[{"count":1,"href":"https:\/\/akdenizhaber.com.tr\/index.php\/wp-json\/wp\/v2\/posts\/25300\/revisions"}],"predecessor-version":[{"id":25302,"href":"https:\/\/akdenizhaber.com.tr\/index.php\/wp-json\/wp\/v2\/posts\/25300\/revisions\/25302"}],"wp:featuredmedia":[{"embeddable":true,"href":"https:\/\/akdenizhaber.com.tr\/index.php\/wp-json\/wp\/v2\/media\/25301"}],"wp:attachment":[{"href":"https:\/\/akdenizhaber.com.tr\/index.php\/wp-json\/wp\/v2\/media?parent=25300"}],"wp:term":[{"taxonomy":"category","embeddable":true,"href":"https:\/\/akdenizhaber.com.tr\/index.php\/wp-json\/wp\/v2\/categories?post=25300"},{"taxonomy":"post_tag","embeddable":true,"href":"https:\/\/akdenizhaber.com.tr\/index.php\/wp-json\/wp\/v2\/tags?post=25300"}],"curies":[{"name":"wp","href":"https:\/\/api.w.org\/{rel}","templated":true}]}}