{"id":25294,"date":"2024-07-29T16:36:36","date_gmt":"2024-07-29T13:36:36","guid":{"rendered":"https:\/\/akdenizhaber.com.tr\/?p=25294"},"modified":"2024-07-29T16:36:37","modified_gmt":"2024-07-29T13:36:37","slug":"manavgat-belediye-baskani-halkin-doktorunun-seyir-defteri-baskana-secmenden-tam-not","status":"publish","type":"post","link":"https:\/\/akdenizhaber.com.tr\/index.php\/2024\/07\/29\/manavgat-belediye-baskani-halkin-doktorunun-seyir-defteri-baskana-secmenden-tam-not\/","title":{"rendered":"Manavgat Belediye Ba\u015fkan\u0131 Halk\u0131n Doktorunun Seyir Defteri                                                              \u201cBa\u015fkana Se\u00e7menden Tam Not\u201d"},"content":{"rendered":"\n<p><\/p>\n\n\n\n<p>31 Mart 2024 tarihinde yap\u0131lan yerel se\u00e7imlerde Manavgat Belediye ba\u015fkanl\u0131\u011f\u0131na se\u00e7ilen Doktor Niyazi Nefi Kara 5 Nisan 2024 tarihinde g\u00f6revi devir ald\u0131..<\/p>\n\n\n\n<figure class=\"wp-block-image size-large\"><img loading=\"lazy\" decoding=\"async\" width=\"1024\" height=\"650\" src=\"https:\/\/akdenizhaber.com.tr\/wp-content\/uploads\/2024\/07\/rdfth-1024x650.jpg\" alt=\"\" class=\"wp-image-25296\" srcset=\"https:\/\/akdenizhaber.com.tr\/wp-content\/uploads\/2024\/07\/rdfth-1024x650.jpg 1024w, https:\/\/akdenizhaber.com.tr\/wp-content\/uploads\/2024\/07\/rdfth-300x190.jpg 300w, https:\/\/akdenizhaber.com.tr\/wp-content\/uploads\/2024\/07\/rdfth-768x487.jpg 768w, https:\/\/akdenizhaber.com.tr\/wp-content\/uploads\/2024\/07\/rdfth-1536x975.jpg 1536w, https:\/\/akdenizhaber.com.tr\/wp-content\/uploads\/2024\/07\/rdfth.jpg 1626w\" sizes=\"auto, (max-width: 1024px) 100vw, 1024px\" \/><\/figure>\n\n\n\n<p>O g\u00fcnden bu g\u00fcne ge\u00e7en s\u00fcre\u00e7 yakla\u015f\u0131k d\u00f6rt ay\u0131 ge\u00e7mi\u015f bulunmakta ekonomik zorluklara kar\u015f\u0131n Manavgat Belediye ba\u015fkan\u0131 Dr. Niyazi Nefi Kara bu s\u00fcre\u00e7te hi\u00e7te yabana at\u0131lmayacak g\u00fczel i\u015flere imza atarak kendine oy verenlerin takdirini kazanm\u0131\u015f oldu.<\/p>\n\n\n\n<p>5 Nisan tarihinde g\u00f6revi teslim ald\u0131ktan sonra makam koltu\u011funa oturmadan \u00f6\u011fle \u00fczeri Eski Hisar mezarl\u0131\u011f\u0131nda \u015fehit \u00fcste\u011fmen Ahmet Ozan \u015earlak\u2019\u0131n mezar\u0131 ba\u015f\u0131nda yap\u0131lan anma t\u00f6renine kat\u0131ld\u0131ktan sonra ilk i\u015fi Hat\u0131plar k\u00f6y\u00fcndeki anne ve babas\u0131n\u0131n mezarlar\u0131n\u0131 ziyaret ederek hay\u0131r dualar\u0131n\u0131 ald\u0131..<\/p>\n\n\n\n<p>Atalardan gelen bir nasihat olan \u201cSuya sabuna dokun ki kirli kalmayas\u0131n\u201d s\u00f6ylemi doktorun ya\u015fam\u0131nda ilke olmu\u015f, bu ilke \u0131\u015f\u0131\u011f\u0131nda Hipokrat yeminine ba\u015ftan sona sad\u0131k bir hekim ve milletin oylar\u0131yla Milletvekilli\u011fi g\u00f6revini hep suya, sabuna dokunarak kirlili\u011fin \u00f6n\u00fcne ge\u00e7mek i\u00e7in ya\u015fam\u0131 boyunca m\u00fccadele eden ki\u015filik olarak halk taraf\u0131ndan sevilen, say\u0131lan bir ki\u015fi oldu\u011fu i\u00e7in \u201cHalk\u0131n Doktoru\u201d unvan\u0131 halk taraf\u0131ndan kendine verilmi\u015ftir.<\/p>\n\n\n\n<p>Y\u00fcrekli, \u00fclke sever ba\u015fta hekimlik mesle\u011fi olmak \u00fczere hi\u00e7 bir siyasi ay\u0131r\u0131m yapmadan halka her daim dokunan Doktor Niyazi Nefi Kara,31 Mart 2024 se\u00e7imlerinin ard\u0131ndan \u00fclke genelinde bir\u00e7ok belediye bor\u00e7 bata\u011f\u0131nda olduklar\u0131n\u0131 a\u00e7\u0131klayarak boy boy afi\u015flerle halkla payla\u015f\u0131rken, Halk\u0131n doktoru g\u00fcler y\u00fcz\u00fc ile t\u00fcm bor\u00e7lara kar\u015f\u0131n y\u00fcre\u011fini ortaya koyarak ekibi ile birlikte her i\u015fin \u00fcstesinden gelece\u011fini a\u00e7\u0131klayarak Manavgat kamuoyundan tam g\u00fcven notu ald\u0131..<\/p>\n\n\n\n<p>A\u011flamak yerine i\u015f yapman\u0131n ve onun i\u00e7in g\u00f6reve talip olman\u0131n verdi\u011fi y\u00fcrek g\u00fczelli\u011fi ile ba\u015flad\u0131 g\u00f6revine&#8230;<\/p>\n\n\n\n<p>G\u00f6reve gelir gelmez ilk s\u0131nav\u0131 11. Manavgat Ya\u011fl\u0131 Pehlivan G\u00fcre\u015fleri oldu. G\u00fcre\u015flerin yap\u0131ld\u0131\u011f\u0131 tarihlerde hava muhalefeti kas\u0131p kavurdu ortal\u0131\u011f\u0131, ya\u011fmur f\u0131rt\u0131na derken T\u00fcrkiye tarihinde Manavgat ya\u011fl\u0131 g\u00fcre\u015fleri bir ilke imza atarak finaller Pazartesi g\u00fcn\u00fcne sarkt\u0131.<\/p>\n\n\n\n<p>\u0130lk s\u0131nav\u0131ndan ba\u015far\u0131yla \u00e7\u0131kmas\u0131n\u0131 istemeyenlerde oldu,\u201dBeceremez, ba\u015faramaz\u201d gibi s\u00f6ylemler dola\u015ft\u0131 ortal\u0131kta bir\u00e7ok ki\u015finin bilmedi\u011fi bir y\u00f6n\u00fc de g\u00fcre\u015flerde ortaya \u00e7\u0131kt\u0131 Halk\u0131n Doktorunun gen\u00e7li\u011finde kispet giymi\u015f, ya\u011fl\u0131 g\u00fcre\u015fe g\u00f6n\u00fcl veren ki\u015filik olmas\u0131 nedeniyle ilk s\u0131nav\u0131ndan tam not ald\u0131.<\/p>\n\n\n\n<p>T\u00fcrkiye Geleneksel G\u00fcre\u015fler Federasyonu Ba\u015fkan\u0131 \u0130brahim T\u00fcrki\u015f, G\u00fcre\u015f A\u011fam\u0131z Hasan \u00d6zden, CW Enerji Y\u00f6netim Kurulu Ba\u015fkan\u0131 Tar\u0131k Sarvan, Ya\u011fl\u0131 G\u00fcre\u015flerin Efsane Ba\u015fpehlivan\u0131 Ahmet Ta\u015f\u00e7\u0131 dahil olmak \u00fczere ya\u011fl\u0131 g\u00fcre\u015flerin efsane isimleri tam not verdiler ve y\u00fcrekten tebrik ettiler halk\u0131n doktorunu..<\/p>\n\n\n\n<p>Olu\u015fturdu\u011fu yeni tak\u0131ma yine efsane isim Ali G\u00fcrb\u00fcz\u2019\u00fc dahil ederek T\u00fcrkiye genelinde hem CW enerji g\u00fcre\u015f liginde hem de K\u0131rkp\u0131nar\u2019da Manavgat pehlivanlar\u0131n\u0131n g\u00fcc\u00fcn\u00fc ortaya koydu.<\/p>\n\n\n\n<p>TAZI KANYONU MANAVGAT\u2019IN<\/p>\n\n\n\n<p>Antalya Orman b\u00f6lge m\u00fcd\u00fcrl\u00fc\u011f\u00fcnde d\u00fczenlenen Taz\u0131 Kanyonu kullan\u0131m hakk\u0131 ihalesine Manavgatl\u0131lar\u0131n yo\u011fun kat\u0131l\u0131m\u0131 ile girerek Taz\u0131 kanyonunun Manavgat\u2019ta kalmas\u0131n\u0131 sa\u011flad\u0131..<\/p>\n\n\n\n<p>B\u00fcy\u00fck \u00e7eki\u015fmeye kar\u015f\u0131n ihaleyi b\u0131rakmayan halk\u0131n doktoru vatanda\u015flar\u0131n deste\u011fi ile ihaleyi kazanarak Manavgat\u2019\u0131n olmas\u0131na katk\u0131 sa\u011flad\u0131.<\/p>\n\n\n\n<p>\u0130hale sonras\u0131 Ba\u015fkan Dr. Niyazi Nefi Kara duygular\u0131n\u0131 Manavgatl\u0131larla \u015f\u00f6yle payla\u015ft\u0131;<\/p>\n\n\n\n<p>\u201cAntalya Orman B\u00f6lge M\u00fcd\u00fcrl\u00fc\u011f\u00fc\u2019nde ger\u00e7ekle\u015fen ve Belediyemizin kazand\u0131\u011f\u0131 ihalenin t\u00fcm halk\u0131m\u0131za hay\u0131rl\u0131 u\u011furlu olmas\u0131n\u0131 diliyoruz. Taz\u0131 Kanyonu hepimizin!\u201d<\/p>\n\n\n\n<p>ENERJ\u0130DE DEV ADIM<\/p>\n\n\n\n<p>Manavgat Belediyesi yenilenebilir enerji kaynaklar\u0131 yat\u0131r\u0131mlar\u0131na bir yenisini daha ekliyor. Manavgat Belediyesi\u2019nin G\u00fcne\u015f Enerji Santrali Projesi, belediye binas\u0131nda yap\u0131lan bas\u0131n toplant\u0131s\u0131yla halka duyuruldu.<\/p>\n\n\n\n<p>Toplant\u0131ya, Manavgat Belediye Ba\u015fkan\u0131 Niyazi Nefi Kara, CHP Manavgat \u0130l\u00e7e Ba\u015fkan\u0131 Oykun Ba\u015far, belediye ba\u015fkan yard\u0131mc\u0131lar\u0131, STK temsilcileri, oda ba\u015fkanlar\u0131, muhtarlar ve bas\u0131n mensuplar\u0131 kat\u0131ld\u0131.<\/p>\n\n\n\n<p>Proje, D\u00fcza\u011fa\u00e7 Mahallesinde, m\u00fclkiyeti Manavgat Belediyesi\u2019ne ait 181 ada 4 parselde toplam 28.600m\u00b2 alanda in\u015fa edilecek. Proje kapsam\u0131nda 4800 adet \u00e7ift y\u00fczl\u00fc, yar\u0131 kesimli, monokristal fotovoltaik panel kullan\u0131lacak. Son derece titizlikle haz\u0131rlanan projede kamera g\u00f6r\u00fcnt\u00fcleme sistemleri, \u00e7evre ayd\u0131nlatma sistemleri, yang\u0131na kar\u015f\u0131 g\u00fcvenlik sistemleri bulunacak. T\u00fcm g\u00fcvenlik, izleme ve g\u00f6r\u00fcnt\u00fcleme, depo sistemleri santral i\u00e7erisinde yer alan idari binadan y\u00f6netilecek. Proje i\u00e7in yap\u0131lan fizibilite \u00e7al\u0131\u015fmas\u0131na g\u00f6re santralde, ilk y\u0131l yakla\u015f\u0131k olarak 4.882 MWh elektrik \u00fcretilecek. Belediyenin toplam elektrik t\u00fcketiminin yakla\u015f\u0131k %86\u2019s\u0131n\u0131 kar\u015f\u0131lamas\u0131 beklenen projenin, 9 ayda hayata ge\u00e7irilmesi hedefleniyor.<\/p>\n\n\n\n<p>\u0130KL\u0130M DE\u011e\u0130\u015e\u0130KL\u0130\u011e\u0130NDE \u00d6NEML\u0130 ADIM<\/p>\n\n\n\n<p>GES projesi, Manavgat Belediyesi\u2019nin elektrik enerji ihtiyac\u0131n\u0131n temiz ve yenilenebilir enerji kaynaklar\u0131ndan elde edilerek belediyenin t\u00fcketim maliyetlerini azaltmay\u0131 hedefliyor. Proje, enerjide fosil yak\u0131tlara olan ba\u011f\u0131ml\u0131l\u0131\u011f\u0131 azaltacak ve il\u00e7enin ekonomik olarak kalk\u0131nmas\u0131n\u0131 sa\u011flayacak. Ayr\u0131ca, temiz enerji kaynaklar\u0131 kullan\u0131larak iklim de\u011fi\u015fikli\u011fiyle m\u00fccadelede ad\u0131m at\u0131larak halk\u0131n \u00e7evresel ve ekonomik refah\u0131na katk\u0131 sa\u011flayacak. Yeni elektrik santrali projesi, \u015fehrin s\u00fcrd\u00fcr\u00fclebilir gelece\u011fine katk\u0131 sa\u011flayacak \u00f6nemli bir ad\u0131m olarak de\u011ferlendiriliyor.<\/p>\n\n\n\n<p>Tan\u0131t\u0131m toplant\u0131s\u0131n\u0131n a\u00e7\u0131l\u0131\u015f konu\u015fmas\u0131n\u0131 yapan Manavgat Belediye Ba\u015fkan\u0131 Niyazi Nefi Kara, \u201cBug\u00fcn burada sizlerle \u00e7ok \u00f6nemli bir projemizi payla\u015fmak i\u00e7in bir araya geldik. S\u00fcrd\u00fcr\u00fclebilir \u015eehirler Projesi kapsam\u0131nda, D\u00fcnya Bankas\u0131 taraf\u0131ndan finanse edilecek olan ve belediyemiz taraf\u0131ndan y\u00fcr\u00fct\u00fclecek G\u00fcne\u015f Enerjisi Santrali (GES) projemizin tan\u0131t\u0131m\u0131n\u0131 yapmaktan b\u00fcy\u00fck bir gurur ve mutluluk duyuyorum. G\u00fcne\u015f Enerjisi Santrali, Manavgat&#8217;\u0131m\u0131z\u0131n s\u00fcrd\u00fcr\u00fclebilir ve \u00e7evre dostu bir gelece\u011fe ad\u0131m atmas\u0131n\u0131 sa\u011flayacak \u00f6nemli bir projedir. Bu proje, yenilenebilir enerji kaynaklar\u0131n\u0131n kullan\u0131m\u0131n\u0131 art\u0131rarak, afetlere ve iklim de\u011fi\u015fikli\u011finin etkilerine kar\u015f\u0131 \u015fehrimizin direncini g\u00fc\u00e7lendirecektir.\u201d ifadelerini kulland\u0131.<\/p>\n\n\n\n<p>Belediyeye ait t\u00fcketimin %86\u2019s\u0131n\u0131 kar\u015f\u0131layacak<\/p>\n\n\n\n<p>Projeyle birlikte belediyenin elektrik t\u00fcketiminin %86\u2019s\u0131n\u0131 kar\u015f\u0131lamay\u0131 hedeflediklerini s\u00f6yleyen Ba\u015fkan Kara, \u201cD\u00fcza\u011fa\u00e7 Mahallesi&#8217;nde 53.000 metrekare alana in\u015fa edilecek olan projenin kullan\u0131m S\u00fcresi 30 y\u0131l olacak. 9 ayda tamamlanmas\u0131 \u00f6ng\u00f6r\u00fclen projemizden yakla\u015f\u0131k 260.000 ki\u015fi fayda sa\u011flayacak. Enerji \u00fcretimimiz y\u0131ll\u0131k yakla\u015f\u0131k 5000 MWh olacak. Manavgat GES projesi ile belediyemize ait elektrik t\u00fcketiminin %86&#8217;s\u0131n\u0131 kar\u015f\u0131layaca\u011f\u0131z. Y\u0131ll\u0131k yakla\u015f\u0131k 5000 MWh enerji \u00fcretimi ile enerji maliyetlerimiz \u00f6nemli \u00f6l\u00e7\u00fcde azalacak. B\u00f6ylece enerji i\u00e7in ayr\u0131lan b\u00fct\u00e7emizin b\u00fcy\u00fck bir k\u0131sm\u0131n\u0131 siz de\u011ferli halk\u0131m\u0131z\u0131n di\u011fer ihtiya\u00e7lar\u0131na y\u00f6nlendirebilece\u011fiz. Bu proje, fosil yak\u0131tlara olan ba\u011f\u0131ml\u0131l\u0131\u011f\u0131m\u0131z\u0131 azaltarak \u00e7evremizi koruyacak ve iklim de\u011fi\u015fikli\u011fi ile m\u00fccadelemize katk\u0131 sa\u011flayacakt\u0131r. Temiz ve yenilenebilir enerji kullan\u0131m\u0131, gelecek nesillerimize daha ya\u015fanabilir bir d\u00fcnya b\u0131rakmam\u0131z\u0131 sa\u011flayacak. Projemiz, ekonomik kalk\u0131nmam\u0131z\u0131 destekleyecek ve halk\u0131m\u0131za yeni i\u015f imkanlar\u0131 sunacakt\u0131r. \u0130n\u015faat s\u0131ras\u0131nda \u00f6ncelikli olarak halktan i\u015f\u00e7i istihdam ederek, b\u00f6lge ekonomisine do\u011frudan katk\u0131 sa\u011flayaca\u011f\u0131z.\u201d dedi.<\/p>\n\n\n\n<p>\u201c\u0130klim de\u011fi\u015fikli\u011fiyle m\u00fccadele \u00f6nc\u00fc ad\u0131mlar ataca\u011f\u0131z\u201d<\/p>\n\n\n\n<p>\u0130klim de\u011fi\u015fikli\u011fiyle m\u00fccadelede \u00f6nc\u00fc ad\u0131mlar atacaklar\u0131n\u0131 s\u00f6yleyen Kara, \u201cGES projesiyle Manavgat\u2019\u0131m\u0131z ulusal ve uluslararas\u0131 kalite standartlar\u0131na uyum sa\u011flayacak. Sevgili Manavgatl\u0131lar, sizlerin deste\u011fi ile \u015fehrimizi daha ye\u015fil, daha s\u00fcrd\u00fcr\u00fclebilir ve daha g\u00fc\u00e7l\u00fc bir gelece\u011fe ta\u015f\u0131yaca\u011f\u0131z. G\u00fcne\u015f Enerjisi Santrali projemizle birlikte, \u00e7evresel ve ekonomik refah\u0131 art\u0131racak, iklim de\u011fi\u015fikli\u011fi ile m\u00fccadelede \u00f6nc\u00fc ad\u0131mlar ataca\u011f\u0131z. Hep birlikte, Manavgat&#8217;\u0131m\u0131z\u0131n gelece\u011fini ayd\u0131nlatmak i\u00e7in \u00e7al\u0131\u015fmaya devam edece\u011fiz. Bu \u00f6nemli projeye katk\u0131 sa\u011flayanlara ve siz de\u011ferli halk\u0131m\u0131za te\u015fekk\u00fcr ederim.\u201d diye konu\u015ftu.<\/p>\n\n\n\n<p>MANAVGAT\u2019TA \u201cS\u0130DE K\u00dcLT\u00dcR G\u00dcNLER\u0130\u201d FIRTINASI EST\u0130<\/p>\n\n\n\n<p>Manavgat Belediyesi Side K\u00fclt\u00fcr G\u00fcnleri g\u00fcn\u00fcnde, K\u00fclt\u00fcr Evinde Bahtiyar Memili ve Emrah Alt\u0131ntoprak workshop\u2019una ev sahipli\u011fi yapt\u0131. Apollon Tap\u0131na\u011f\u0131 \u00f6n\u00fcnde ger\u00e7ekle\u015fen konserde kat\u0131l\u0131mc\u0131lar g\u00f6n\u00fcllerince e\u011flenme imkan\u0131 buldu.<\/p>\n\n\n\n<p>Muhte\u015fem performanslar\u0131 ile Tayfun Y\u0131lmaz organizat\u00f6rl\u00fc\u011f\u00fcnde sahne alan Ritaband, Grup Nova, Derinsu Hazal Kaya ve Lamaj\u00f6r izleyenleri b\u00fcy\u00fcledi.<\/p>\n\n\n\n<p>Sanatseverler Side K\u00fclt\u00fcr Evi\u2019nde Bulu\u015ftu<\/p>\n\n\n\n<p>Manavgat Kent Tiyatrosu Genel Sanat Y\u00f6netmeni Kosta Kortidis\u2019in moderat\u00f6rl\u00fc\u011f\u00fcnde Bahtiyar Memili ve Emrah Alt\u0131ntoprak ile yap\u0131lan s\u00f6yle\u015filer, k\u00fclt\u00fcr g\u00fcnlerinin amac\u0131na uygun olarak edebiyat, sinema ve sanat d\u00fcnyas\u0131na dair derinlemesine sohbetlerle dolu dolu ge\u00e7ti. Kat\u0131l\u0131mc\u0131lar, bu de\u011ferli sanat\u00e7\u0131lar\u0131n deneyimlerinden ve bak\u0131\u015f a\u00e7\u0131lar\u0131ndan ilham alarak keyifli zaman ge\u00e7irdiler.<\/p>\n\n\n\n<p>Apollon Tap\u0131na\u011f\u0131 Manzaras\u0131nda Muhte\u015fem Konserler<\/p>\n\n\n\n<p>M\u00fczikseverler ise G\u00fclay, Atilla, Onur G\u00f6k Orkestras\u0131 ve Akdeniz Vokal\u2019in sundu\u011fu muhte\u015fem performanslarla co\u015fku dolu anlar ya\u015fad\u0131lar. Ritaband, Grup Nova, Derinsu Hazal Kaya ve Lamaj\u00f6r gibi gen\u00e7 ve dinamik gruplar\u0131n konserleri ise geni\u015f bir m\u00fczik yelpazesi sunarak her zevke hitap etti.<\/p>\n\n\n\n<p>\u201cTiyatroyu S\u00fcrd\u00fcr\u00fclebilir K\u0131lmak \u0130stiyoruz\u201d<\/p>\n\n\n\n<p>Side K\u00fclt\u00fcr G\u00fcnleri kapsam\u0131nda Bahtiyar Memili ve Emrah Alt\u0131ntoprak s\u00f6yle\u015fisinin ard\u0131ndan a\u00e7\u0131klamalarda bulunan Manavgat Belediye Ba\u015fkan\u0131 Niyazi Nefi Kara, Manavgat\u2019ta kent tiyatrosunu s\u00fcrd\u00fcr\u00fclebilir k\u0131lmak istediklerini s\u00f6yledi. Ba\u015fkan Kara, \u201cSizleri burada g\u00f6rmek bizleri \u00e7ok mutlu etti. Bizim amac\u0131m\u0131z kent tiyatrosunu s\u00fcrd\u00fcr\u00fclebilir k\u0131lmak, kurumsal hale getirmek ve Manavgat\u2019tan d\u00fcnyaya sizler gibi de\u011ferli sanat\u00e7\u0131lar yeti\u015ftirmek. Bu kadar duygu y\u00fckl\u00fc bir toplum i\u00e7in tiyatronun \u00e7ok uygun oldu\u011funu d\u00fc\u015f\u00fcn\u00fcyorum. O sanat\u00e7\u0131lar\u0131n, bu topraklardan \u00e7\u0131kaca\u011f\u0131n\u0131 biliyoruz. Bizleri k\u0131rmay\u0131p geldi\u011finiz i\u00e7in \u00e7ok te\u015fekk\u00fcr ederim.\u201d ifadelerini kulland\u0131.<\/p>\n\n\n\n<p>PAZARCILARLA B\u0130R ARAYA GEL\u0130ND\u0130<\/p>\n\n\n\n<p>Manavgat Belediye Ba\u015fkan\u0131 Niyazi Nefi Kara, Sabit ve Seyyar Pazarc\u0131lar Odas\u0131 1. \u0130sti\u015fare Toplant\u0131s\u0131&#8217;nda pazarc\u0131 esnaf\u0131yla bir araya geldi.<\/p>\n\n\n\n<p>Toplant\u0131, Pazarc\u0131lar Odas\u0131 Ba\u015fkan\u0131 Mehmet Do\u011fan&#8217;\u0131n moderat\u00f6rl\u00fc\u011f\u00fcnde; Manavgat Belediye Ba\u015fkan\u0131 Niyazi Nefi Kara, belediye ba\u015fkan yard\u0131mc\u0131lar\u0131, birim m\u00fcd\u00fcrleri ve pazarc\u0131 esnaf\u0131n\u0131n kat\u0131l\u0131m\u0131yla Atat\u00fcrk K\u00fclt\u00fcr Merkezi&#8217;nde ger\u00e7ekle\u015ftirildi. Burada pazarc\u0131 esnaf\u0131n\u0131n sorunlar\u0131 dinlenerek, bug\u00fcne kadar yap\u0131lan \u00e7al\u0131\u015fmalar ve bundan sonra yap\u0131lacaklar konu\u015fuldu.<\/p>\n\n\n\n<p>Toplant\u0131 boyunca esnaf\u0131n \u00e7e\u015fitli konulardaki sorular\u0131 ve \u00f6nerileri dinlendi. Esnaf\u0131n ya\u015fad\u0131\u011f\u0131 s\u0131k\u0131nt\u0131lar \u00fczerine detayl\u0131 bir \u015fekilde g\u00f6r\u00fc\u015f al\u0131\u015fveri\u015finde bulunuldu. \u00d6zellikle Pazar yerlerinin d\u00fczenlenmesi, altyap\u0131, devir \u00fccreti gibi konular ele al\u0131nd\u0131. Ba\u015fkan Niyazi Nefi Kara, bu konularla ilgili olarak belediye olarak yap\u0131lan \u00e7al\u0131\u015fmalar\u0131 ve planlanan projeleri detaylar\u0131yla payla\u015ft\u0131. Ba\u015fkan Kara, esnaf\u0131n \u00f6neri ve taleplerinin dikkate al\u0131naca\u011f\u0131n\u0131 ve sorunlar\u0131n \u00e7\u00f6z\u00fcm\u00fc i\u00e7in h\u0131zl\u0131 ad\u0131mlar at\u0131laca\u011f\u0131n\u0131 s\u00f6zlerine ekledi.<\/p>\n\n\n\n<p>Ba\u015fkan Niyazi Nefi Kara, esnaf\u0131n kar\u015f\u0131la\u015ft\u0131\u011f\u0131 sorunlar\u0131n \u00e7\u00f6z\u00fcm\u00fc i\u00e7in belediye olarak ellerinden gelen deste\u011fi vermeye haz\u0131r olduklar\u0131n\u0131 ifade etti. Ayr\u0131ca, esnaf\u0131n i\u015flerini daha iyi yapabilmesi i\u00e7in yeni projeler \u00fczerinde \u00e7al\u0131\u015ft\u0131klar\u0131n\u0131 ve bu projelerin hayata ge\u00e7irilmesi i\u00e7in \u00e7al\u0131\u015fmalar\u0131n s\u00fcrd\u00fc\u011f\u00fcn\u00fc dile getirdi.<\/p>\n\n\n\n<p>Ba\u015fkan Kara\u2019dan Temizlik Vurgusu<\/p>\n\n\n\n<p>Tertemiz bir Manavgat hedeflediklerini s\u00f6yleyen Ba\u015fkan Kara, bu noktada katk\u0131 koyan vatanda\u015flara da te\u015fekk\u00fcr etti. Ba\u015fkan Kara, \u201cDaha \u00f6nce s\u00f6z verdi\u011fimiz gibi kentin bir\u00e7ok konusunu birlikte y\u00f6netece\u011fiz. \u00d6n\u00fcm\u00fczdeki s\u00fcre\u00e7te 5 y\u0131ll\u0131k strateji plan\u0131m\u0131z\u0131 devreye sokaca\u011f\u0131z. Bundan sonra pazar yerlerimizde belirli aral\u0131klarla y\u00fcz y\u00fcze g\u00f6r\u00fc\u015fece\u011fiz. Temel hedefimiz tertemiz bir Manavgat. Nisan ay\u0131nda g\u00f6reve geldi\u011fimizden bu yana akan bir \u00e7\u00f6p konteyneri, kutusu kalmad\u0131. Yakla\u015f\u0131k 180 adet \u00e7\u00f6p konteyneri ve 250\u2019nin \u00fczerinde \u00e7\u00f6p kutusu s\u0131f\u0131rdan imalat\u0131 yap\u0131l\u0131p kullan\u0131ma ge\u00e7irildi. Buna katk\u0131 koyan sizlere de te\u015fekk\u00fcr ediyorum. Manavgat\u2019ta ya\u015fayan insanlar olarak duyarl\u0131 oldu\u011fumuz s\u00fcrece bunu birlikte ba\u015faraca\u011f\u0131m\u0131za inan\u0131yoruz.\u201d ifadelerini kulland\u0131.<\/p>\n\n\n\n<p>\u0130ADE\u0130 Z\u0130YARET YER\u0130NE HALK BULU\u015eMALARI<\/p>\n\n\n\n<p>Manavgat Belediye Ba\u015fkan\u0131 Niyazi Nefi Kara, g\u00f6reve geldi\u011fi andan itibaren kendisini ziyarete gelenlere iadei ziyaret yerine halk toplant\u0131lar\u0131n\u0131 \u00f6nem vererek. Karakaya, Oda\u00f6n\u00fc ve Boztepe&#8217;de vatanda\u015flarla bir araya geldi.<\/p>\n\n\n\n<p>Vatanda\u015f\u0131n taleplerini yerinde dinlemek i\u00e7in sahaya inen ve mahalle bulu\u015fmalar\u0131na ba\u015flayan Niyazi Nefi Kara, mahalle sakinlerinin taleplerini do\u011frudan dinleyip sorunlar\u0131 yerinde inceledi. Vatanda\u015flar, Ba\u015fkan Kara ile do\u011frudan ileti\u015fim kurarak sorunlar\u0131n\u0131 aktarabildikleri i\u00e7in memnuniyetlerini dile getirdiler.<\/p>\n\n\n\n<p>Sorunlar\u0131 Yerinde \u0130nceledi Ba\u015fkan Kara, Karakaya Mahallesi&#8217;ni ziyaret ederek buradaki vatanda\u015flar\u0131n talep ve \u00f6nerilerini dinledi. Mahalle sakinleriyle birebir g\u00f6r\u00fc\u015fmeler yaparak, altyap\u0131, yol sorunlar\u0131, \u00e7evre d\u00fczenlemesi gibi konularda neler yap\u0131labilece\u011fini ve beklentilerini do\u011frudan \u00f6\u011frendi.<\/p>\n\n\n\n<p>Oda\u00f6n\u00fc Mahallesi&#8217;nde yap\u0131lan ziyarette de Ba\u015fkan Kara, mahalle sakinlerinin ev sahipli\u011finde sorunlar\u0131 yerinde inceledi. Ba\u015fkan Kara, bu ziyaretlerde de mahalle sakinlerinin g\u00f6r\u00fc\u015flerine b\u00fcy\u00fck \u00f6nem verdi\u011fini ve belediye olarak \u00e7\u00f6z\u00fcm odakl\u0131 \u00e7al\u0131\u015ft\u0131klar\u0131n\u0131 vurgulad\u0131.<\/p>\n\n\n\n<p>Son olarak Boztepe Mahallesi&#8217;ni ziyaret eden Ba\u015fkan Kara, buradaki vatanda\u015flarla bir araya gelerek mahalledeki mevcut durumu yerinde g\u00f6zlemledi. Ziyaret s\u0131ras\u0131nda Boztepe&#8217;nin altyap\u0131 ihtiya\u00e7lar\u0131 ve vatanda\u015ftan gelen talepler masaya yat\u0131r\u0131ld\u0131. Ba\u015fkan Kara, vatanda\u015flar\u0131n g\u00f6r\u00fc\u015flerini alarak belediye \u00e7al\u0131\u015fmalar\u0131n\u0131n nas\u0131l daha etkin bir \u015fekilde y\u00fcr\u00fct\u00fclebilece\u011fini de\u011ferlendirdi.<\/p>\n\n\n\n<p>Ba\u015fkan Kara\u2019n\u0131n vatanda\u015flar\u0131n do\u011frudan taleplerini dinleyip \u00e7\u00f6z\u00fcm \u00fcretme yakla\u015f\u0131m\u0131, belediyenin hizmetlerini daha etkin bir \u015fekilde planlamas\u0131na da olanak sa\u011fl\u0131yor. Kara&#8217;n\u0131n ba\u015fkanl\u0131\u011f\u0131nda Manavgat Belediyesi, halk\u0131n nabz\u0131n\u0131 tutarak \u015fehrin her k\u00f6\u015fesinde adaletli ve kapsay\u0131c\u0131 hizmetler sunma gayretini s\u00fcrd\u00fcr\u00fcyor.<\/p>\n\n\n\n<p>MAV\u0130 BAYRAK SORGUN\u2019DA DALGALANMAYA DEVAM EDECEK<\/p>\n\n\n\n<p>\u00c7evre y\u00f6netimi, su niteli\u011fi, g\u00fcvenlik ve hizmetler gibi 33 farkl\u0131 kriteri kar\u015f\u0131layan Manavgat Belediyesi, Sorgun Halk Plaj\u0131\u2019nda hizmet kalitesini s\u00fcrd\u00fcrerek Mavi Bayra\u011f\u0131n g\u00f6nderde kalmas\u0131n\u0131 sa\u011flad\u0131.<\/p>\n\n\n\n<p>Mavi Bayrak, T\u00fcrkiye \u00c7evre E\u011fitim Vakf\u0131 (T\u00dcR\u00c7EV) Y\u00f6netim Kurulu Ba\u015fkan Yard\u0131mc\u0131s\u0131 Cenk Beyaz ve T\u00dcR\u00c7EV Antalya Koordinat\u00f6r\u00fc Mustafa Ergiydiren taraf\u0131ndan Belediyemize teslim edildi.<\/p>\n\n\n\n<p>YEN\u0130 B\u0130R HALK PLAJI!<\/p>\n\n\n\n<p>Manavgat Belediyesi \u00c7olakl\u0131 Halk Plaj\u0131 vatanda\u015flar\u0131m\u0131z\u0131n hizmetine t\u00f6renle a\u00e7\u0131ld\u0131.<\/p>\n\n\n\n<p>Plaj\u0131m\u0131zda sizleri denizin mavisine ve do\u011fan\u0131n huzuruna davet ediyoruz. Ayr\u0131ca yine belediyemize ait Evrenseki, \u00c7ami\u00e7i, Bo\u011faz Otel, K\u0131z\u0131lot, Nar 1, Nar 2 ve Nar 3 Halk plajlar\u0131 da vatanda\u015flar\u0131m\u0131za hizmet vermeye devam ediyor.<\/p>\n\n\n\n<p>Manavgat Belediyesi olarak \u00e7evreye duyarl\u0131, halk\u0131m\u0131z\u0131n ihtiya\u00e7lar\u0131n\u0131 g\u00f6zeten projeler \u00fcretmeye devam edece\u011fiz.<\/p>\n\n\n\n<p>MANAVGAT KART: \u015eEHR\u0130N KAPILARINI ARALAYIN!<\/p>\n\n\n\n<p>Manavgatl\u0131 t\u00fcm hem\u015ferilerimizin sahip olabilece\u011fi Manavgat Kart, kullan\u0131c\u0131lara Manavgat \u015eelalesi\u2019ne \u00fccretsiz; Manavgat Kent M\u00fczesi ve Belediye Halk Plajlar\u0131na ise indirimli giri\u015f imkan\u0131 sa\u011fl\u0131yor.<\/p>\n\n\n\n<p>Manavgat Kart\u2019\u0131 belediyemiz \u0130\u015fletme ve \u0130\u015ftirakler M\u00fcd\u00fcrl\u00fc\u011f\u00fc ve Manavgat Kent M\u00fczesi&#8217;nden sadece kimlik ibraz ederek y\u0131ll\u0131k 50 lira abonman \u00fccretiyle temin edebilirsiniz. Manavgat Kart \u00f6zelinde yap\u0131lacak olan yeni ve s\u00fcrpriz geli\u015fmeleri belediyemizin sosyal medya hesaplar\u0131 \u00fczerinden takip etmeyi unutmay\u0131n.<\/p>\n\n\n\n<p>MAV\u0130YE PEDAL \u00c7EV\u0130RD\u0130K<\/p>\n\n\n\n<p>Manavgat Belediyesi\u2019nin destekleriyle Gen\u00e7lik ve Spor \u0130l\u00e7e M\u00fcd\u00fcrl\u00fc\u011f\u00fc, 3 Haziran D\u00fcnya Bisiklet G\u00fcn\u00fc\u2019nde Atat\u00fcrk K\u00fclt\u00fcr Merkezi\u2019nden DEKAFOK Bilgi G\u00f6zlem Merkezi\u2019ne pedal \u00e7evirdi.<\/p>\n\n\n\n<p>Belediye Ba\u015fkan\u0131 Dr. Niyazi Nefi Kara, DEKAFOK Bilgi G\u00f6zlem Merkezi\u2019nde 5 Haziran D\u00fcnya \u00c7evre G\u00fcn\u00fc \u00f6ncesinde bisiklet\u00e7ilerle bulu\u015ftu. Deniz k\u0131y\u0131s\u0131ndaki at\u0131klar\u0131 temizleyerek, Caretta \u2013 Caretta\u2019lar\u0131 ve do\u011fal ya\u015fam\u0131 korumaya katk\u0131da bulundu. Daha temiz ve ya\u015fan\u0131labilir bir Manavgat i\u00e7in \u00e7al\u0131\u015fmaya devam edeceklerini s\u00f6yledi.<\/p>\n\n\n\n<p>BA\u015eKANIN \u0130LK \u00d6D\u00dcL\u00dc<\/p>\n\n\n\n<p>11. Uluslararas\u0131 Yeni Tiyatro Dergisi, Emek ve Ba\u015far\u0131 \u00d6d\u00fclleri kapsam\u0131nda \u201cCumhuriyet 100. Y\u0131l \u00d6zel \u00d6d\u00fcl\u00fc\u201d Manavgat Belediyesi Kent Tiyatrosu\u2019nun sahnelenen \u201cSonsuz Kad\u0131n Sonsuz Cumhuriyet\u201d oyunu ile \u015fahs\u0131ma l\u00e2y\u0131k g\u00f6r\u00fclm\u00fc\u015ft\u00fcr.<\/p>\n\n\n\n<p>Yeni Tiyatro Dergisine, Y\u00f6netmenlik J\u00fcri \u00d6zel \u00d6d\u00fcl\u00fc\u2019n\u00fc kazanan Genel Sanat Y\u00f6netmenimiz Kosta Kortidis\u2019e, tiyatro ekibimize ve Yeni Tiyatro Dergisi\u2019ne te\u015fekk\u00fcr ediyor, ba\u015far\u0131lar\u0131n\u0131n devam\u0131n\u0131 diliyorum.<\/p>\n\n\n\n<p>SOKAKTA M\u00dcZ\u0130K VAR<\/p>\n\n\n\n<p>Manavgat Belediyesince ilk kez d\u00fczenlenen sokak konserleri etkinli\u011fi \u00e7er\u00e7evesinde ge\u00e7ti\u011fimiz hafta Cuma ak\u015fam\u0131 A\u015fa\u011f\u0131 Hisar Mahallesi zindan mevki dolup ta\u015ft\u0131.<\/p>\n\n\n\n<p>Gen\u00e7lerin b\u00fcy\u00fck ilgi g\u00f6sterdi\u011fi sokak konserlerine ilgi yo\u011fundu.<\/p>\n\n\n\n<p>Kat\u0131l\u0131mc\u0131lara unutulmaz bir ak\u015fam ya\u015fatan Lamaj\u00f6r ve Arkada\u015flar\u0131 grubu muhte\u015femdi. Etkinli\u011fin a\u011f\u0131rl\u0131\u011f\u0131n\u0131 olu\u015fturan gen\u00e7ler Belediye ba\u015fkan\u0131 Dr. Niyazi Nefi Kara\u2019ya te\u015fekk\u00fcr ederek, gen\u00e7lere y\u00f6nelik bu tip organizasyonlar\u0131n devam etmesini, istediler.<\/p>\n\n\n\n<p>Geride kalan d\u00f6rt ayl\u0131k zaman diliminde Manavgat Belediye ba\u015fkan\u0131 Dr. Niyazi Nefi Kara\u2019n\u0131n seyir defteri \u015fimdilik bu kadar f\u0131rsat bulduk\u00e7a geli\u015fmeleri ve seyir defterini yazmaya devam edece\u011fim..<\/p>\n\n\n\n<p>Haydi kal\u0131n sa\u011fl\u0131cakla..Her \u015fey y\u00fcre\u011finize g\u00f6re olsun..<\/p>\n","protected":false},"excerpt":{"rendered":"<p>31 Mart 2024 tarihinde yap\u0131lan yerel se\u00e7imlerde Manavgat Belediye ba\u015fkanl\u0131\u011f\u0131na se\u00e7ilen Doktor Niyazi Nefi Kara 5 Nisan 2024 tarihinde g\u00f6revi devir ald\u0131.. O g\u00fcnden bu <a href=\"https:\/\/akdenizhaber.com.tr\/index.php\/2024\/07\/29\/manavgat-belediye-baskani-halkin-doktorunun-seyir-defteri-baskana-secmenden-tam-not\/\" class=\"read-more-link\">[more&#8230;]<\/a><\/p>\n","protected":false},"author":2,"featured_media":25295,"comment_status":"open","ping_status":"open","sticky":false,"template":"","format":"standard","meta":{"footnotes":""},"categories":[2],"tags":[],"class_list":["post-25294","post","type-post","status-publish","format-standard","has-post-thumbnail","hentry","category-gundem"],"_links":{"self":[{"href":"https:\/\/akdenizhaber.com.tr\/index.php\/wp-json\/wp\/v2\/posts\/25294","targetHints":{"allow":["GET"]}}],"collection":[{"href":"https:\/\/akdenizhaber.com.tr\/index.php\/wp-json\/wp\/v2\/posts"}],"about":[{"href":"https:\/\/akdenizhaber.com.tr\/index.php\/wp-json\/wp\/v2\/types\/post"}],"author":[{"embeddable":true,"href":"https:\/\/akdenizhaber.com.tr\/index.php\/wp-json\/wp\/v2\/users\/2"}],"replies":[{"embeddable":true,"href":"https:\/\/akdenizhaber.com.tr\/index.php\/wp-json\/wp\/v2\/comments?post=25294"}],"version-history":[{"count":1,"href":"https:\/\/akdenizhaber.com.tr\/index.php\/wp-json\/wp\/v2\/posts\/25294\/revisions"}],"predecessor-version":[{"id":25297,"href":"https:\/\/akdenizhaber.com.tr\/index.php\/wp-json\/wp\/v2\/posts\/25294\/revisions\/25297"}],"wp:featuredmedia":[{"embeddable":true,"href":"https:\/\/akdenizhaber.com.tr\/index.php\/wp-json\/wp\/v2\/media\/25295"}],"wp:attachment":[{"href":"https:\/\/akdenizhaber.com.tr\/index.php\/wp-json\/wp\/v2\/media?parent=25294"}],"wp:term":[{"taxonomy":"category","embeddable":true,"href":"https:\/\/akdenizhaber.com.tr\/index.php\/wp-json\/wp\/v2\/categories?post=25294"},{"taxonomy":"post_tag","embeddable":true,"href":"https:\/\/akdenizhaber.com.tr\/index.php\/wp-json\/wp\/v2\/tags?post=25294"}],"curies":[{"name":"wp","href":"https:\/\/api.w.org\/{rel}","templated":true}]}}