{"id":25291,"date":"2024-07-29T16:33:15","date_gmt":"2024-07-29T13:33:15","guid":{"rendered":"https:\/\/akdenizhaber.com.tr\/?p=25291"},"modified":"2024-07-29T16:33:16","modified_gmt":"2024-07-29T13:33:16","slug":"tgf-genel-baskani-karaca-bike-yuklendi-siz-tasarruf-edeceksiniz-biz-ne-yapacagiz","status":"publish","type":"post","link":"https:\/\/akdenizhaber.com.tr\/index.php\/2024\/07\/29\/tgf-genel-baskani-karaca-bike-yuklendi-siz-tasarruf-edeceksiniz-biz-ne-yapacagiz\/","title":{"rendered":"TGF Genel Ba\u015fkan\u0131 Karaca B\u0130K\u2019e Y\u00fcklendi:                       Siz Tasarruf Edeceksiniz, Biz Ne Yapaca\u011f\u0131z !"},"content":{"rendered":"\n<p>Tasarruf tedbirleri kapsam\u0131nda 13 ildeki \u015fubelerini kapatan Bas\u0131n \u0130lan Kurumu (B\u0130K), gazeteleri ve gazetecileri zora sokmaya devam ediyor. TGF Genel Ba\u015fkan\u0131 Karaca; siz tasarruf edeceksiniz, biz ne yapaca\u011f\u0131z dedi.<\/p>\n\n\n\n<p>Konuyla ilgili bir bas\u0131n a\u00e7\u0131klamas\u0131 yapan T\u00fcrkiye Gazeteciler Federasyonu Genel Ba\u015fkan\u0131 Y\u0131lmaz Karaca B\u0130K\u2019e y\u00fcklendi. Karaca bug\u00fcne kadar yapt\u0131klar\u0131 uyar\u0131lar\u0131 hat\u0131rlatarak, gelinen noktada gazetecilerin ya\u015fad\u0131\u011f\u0131 t\u00fcm s\u0131k\u0131nt\u0131lar\u0131n hi\u00e7e say\u0131ld\u0131\u011f\u0131n\u0131 ve T\u00fcrk bas\u0131n\u0131n\u0131n B\u0130K taraf\u0131ndan yaln\u0131z b\u0131rak\u0131ld\u0131\u011f\u0131n\u0131 ifade etti.<\/p>\n\n\n\n<p>Karaca; \u201cG\u00f6revde oldu\u011fumuz s\u00fcre boyunca durumun bu noktaya gelece\u011fini neredeyse her bas\u0131n a\u00e7\u0131klamam\u0131zda dile getirdik. Gitti\u011finiz yol yol de\u011fil, bu hem sizi hem de gazetecileri zora sokar diye uyard\u0131k. Gelinen noktada kapat\u0131lan \u015fubeler B\u0130K\u2019nun k\u00fc\u00e7\u00fclmeye gitti\u011finin g\u00f6stergesidir. Siz tasarruf tedbirlerini uygulamak ve ayakta kalmak i\u00e7in giderlerinizi d\u00fc\u015f\u00fcn\u00fcyorsunuz da gazeteler i\u00e7in neden rahatlat\u0131c\u0131 tedbirler alm\u0131yorsunuz? Onlar nas\u0131l ayakta kalacaklar? Ayn\u0131 personel say\u0131s\u0131 ve ayn\u0131 bask\u0131 maliyetleri ile onlar nereden tasarruf edecekler? Madem durum bu kadar vahim, \u00f6nce neden kendi derdinize d\u00fc\u015ft\u00fcn\u00fcz? As\u0131l olan gazeteleri ya\u015fatmak m\u0131, B\u0130K\u2019i ya\u015fatmak m\u0131? Gazetelerimiz olmasa siz nas\u0131l ya\u015fayacaks\u0131n\u0131z da \u00f6nce kendi derdinize d\u00fc\u015ft\u00fcn\u00fcz? \u00d6nce neden bas\u0131n\u0131 rahatlatacak tedbirler alm\u0131yorsunuz? Ayakta kalmak i\u00e7in biz de tasarruf edelim desek bir i\u015f\u00e7i \u00e7\u0131karsak resmi ilanlar\u0131 keseceksiniz. Tasarruf edelim desek bir g\u00fcn bask\u0131 yapmasak k\u0131rk dereden su getireceksiniz. Tasarruf tedbirleri gere\u011fi resmi ilanlar yok denecek kadar azalm\u0131\u015fken biz nas\u0131l ve nereden tasarruf ederek gazetelerimizi ya\u015fataca\u011f\u0131z? Kendi derdinize d\u00fc\u015fece\u011finize varolu\u015f sebebiniz gazeteler i\u00e7in bug\u00fcne kadar niye tedbirler almad\u0131n\u0131z? Onlar\u0131 rahatlatacak \u00f6nerileri niye hayata ge\u00e7irmediniz? \u00c7ektikleri s\u0131k\u0131nt\u0131lar azm\u0131\u015f gibi, gazeteciler \u015fimdi bir de \u015fehir \u015fehir derdini anlatacak \u015fube mi arayacak?<\/p>\n\n\n\n<p>T\u00fcrk bas\u0131n\u0131n\u0131n B\u0130K taraf\u0131ndan yaln\u0131z b\u0131rak\u0131ld\u0131\u011f\u0131n\u0131 s\u00f6yleyen TGF Genel Ba\u015fkan\u0131 Y\u0131lmaz Karaca Bas\u0131n \u0130lan Kurumu y\u00f6netimini su\u00e7lad\u0131.<\/p>\n\n\n\n<p>Karaca; \u201cMadem bu d\u00f6nemde ayakta kalmak i\u00e7in tasarruf etmek gerekiyor bir an \u00f6nce gazeteler i\u00e7in de harekete ge\u00e7in. \u00dclkemizde hi\u00e7bir i\u015fletmeye dayat\u0131lmayan uygulamalarla bo\u011fu\u015fan gazetelerimizi art\u0131k g\u00f6r\u00fcn. Ka\u011f\u0131t ve kal\u0131ptaki KDV oranlar\u0131n\u0131n d\u00fczenlenmesi i\u00e7in giri\u015fimlerde bulunun, Elektrik, ileti\u015fim ve ula\u015f\u0131mda, vergilerde acil d\u00fczenlemelere gidin. Bu kadar zor hayat \u015fartlar\u0131nda bizler bir \u00e7al\u0131\u015fan\u0131m\u0131z\u0131 bile i\u015ften \u00e7\u0131kartmak istemiyoruz. Onlar bizim bu zorlu yolda yol arkada\u015flar\u0131m\u0131z. Bu zor s\u00fcreci atlatabilmemiz i\u00e7in acilen \u00e7e\u015fitli d\u00fczenlemeler \u00fczerinde \u00e7al\u0131\u015fmal\u0131s\u0131n\u0131z.<\/p>\n\n\n\n<p>Biz T\u00fcrkiye Gazeteciler Federasyonu olarak her zaman deklare etti\u011fimiz gibi bu \u00e7al\u0131\u015fmalar\u0131 birlikte y\u00fcr\u00fctmeye haz\u0131r\u0131z.&nbsp; Bas\u0131n meslek kurulu\u015flar\u0131n\u0131 dikkate alarak onlar\u0131n feryad\u0131na kulak vererek hareket etmelisiniz. Yoksa bu gemide hepimiz bataca\u011f\u0131z. Siz kendinizi kurtarm\u0131\u015f olmayacaks\u0131n\u0131z. Gazetelerin olmad\u0131\u011f\u0131 yerde Bas\u0131n \u0130lan Kurumu diye bir kurum zaten ya\u015fayamaz. O y\u00fczden gelin art\u0131k bu yanl\u0131\u015ftan bir an \u00f6nce d\u00f6n\u00fcn. Kendiniz tasarruf ederken, gazetelerin de tasarruf edebilecekleri d\u00fczenlemeleri bir an \u00f6nce hayata ge\u00e7irin. Bizler sizden SGK ve vergi muafiyeti, \u00e7al\u0131\u015fanlar\u0131n maa\u015flar\u0131nda devlet deste\u011fi, ka\u011f\u0131t, kal\u0131p ve matbaa malzemelerinde KDV oranlar\u0131n\u0131n acilen d\u00fc\u015f\u00fcr\u00fclmesi gibi, ger\u00e7ekten nefes ald\u0131racak m\u00fcjdeler bekliyoruz. Gelin birlikte tasarruf edelim. Tek tarafl\u0131 tasarruf olmaz. Biz ya\u015fayal\u0131m ki sizi de ya\u015fatal\u0131m \u201cdedi.<\/p>\n\n\n\n<p>KARARNAME GERE\u011e\u0130;<\/p>\n\n\n\n<p>Cumhurba\u015fkan\u0131 Recep Tayyip Erdo\u011fan&#8217;\u0131n imzas\u0131yla Resmi Gazete de yay\u0131nlanan tasarruf tedbirleri kapsam\u0131nda Bas\u0131n \u0130lan Kurumu (B\u0130K) Genel M\u00fcd\u00fcrl\u00fc\u011f\u00fc&#8217;ne ba\u011fl\u0131 13 \u015fube m\u00fcd\u00fcrl\u00fc\u011f\u00fc kapat\u0131ld\u0131. B\u0130K Mersin ve Kayseri \u015eubesi, Adana&#8217;ya ba\u011fland\u0131. Kayseri, Mersin, Bolu, Zonguldak, Denizli, Bal\u0131kesir, Eski\u015fehir, Konya, Bilecik, \u015eanl\u0131urfa, Sakarya, Kocaeli, D\u00fczce, Ayd\u0131n, Mu\u011fla, Manisa, U\u015fak, Nev\u015fehir, Sivas, Ordu, \u00c7orum, Yozgat, \u00c7anakkale ve Giresun da farkl\u0131 \u015fubelere ba\u011flanarak al\u0131nan bu karardan olumsuz etkilenen iller aras\u0131nda yerini ald\u0131.<\/p>\n\n\n\n<p>Haber Merkezi<\/p>\n","protected":false},"excerpt":{"rendered":"<p>Tasarruf tedbirleri kapsam\u0131nda 13 ildeki \u015fubelerini kapatan Bas\u0131n \u0130lan Kurumu (B\u0130K), gazeteleri ve gazetecileri zora sokmaya devam ediyor. TGF Genel Ba\u015fkan\u0131 Karaca; siz tasarruf edeceksiniz, <a href=\"https:\/\/akdenizhaber.com.tr\/index.php\/2024\/07\/29\/tgf-genel-baskani-karaca-bike-yuklendi-siz-tasarruf-edeceksiniz-biz-ne-yapacagiz\/\" class=\"read-more-link\">[more&#8230;]<\/a><\/p>\n","protected":false},"author":2,"featured_media":25292,"comment_status":"open","ping_status":"open","sticky":false,"template":"","format":"standard","meta":{"footnotes":""},"categories":[2],"tags":[],"class_list":["post-25291","post","type-post","status-publish","format-standard","has-post-thumbnail","hentry","category-gundem"],"_links":{"self":[{"href":"https:\/\/akdenizhaber.com.tr\/index.php\/wp-json\/wp\/v2\/posts\/25291","targetHints":{"allow":["GET"]}}],"collection":[{"href":"https:\/\/akdenizhaber.com.tr\/index.php\/wp-json\/wp\/v2\/posts"}],"about":[{"href":"https:\/\/akdenizhaber.com.tr\/index.php\/wp-json\/wp\/v2\/types\/post"}],"author":[{"embeddable":true,"href":"https:\/\/akdenizhaber.com.tr\/index.php\/wp-json\/wp\/v2\/users\/2"}],"replies":[{"embeddable":true,"href":"https:\/\/akdenizhaber.com.tr\/index.php\/wp-json\/wp\/v2\/comments?post=25291"}],"version-history":[{"count":1,"href":"https:\/\/akdenizhaber.com.tr\/index.php\/wp-json\/wp\/v2\/posts\/25291\/revisions"}],"predecessor-version":[{"id":25293,"href":"https:\/\/akdenizhaber.com.tr\/index.php\/wp-json\/wp\/v2\/posts\/25291\/revisions\/25293"}],"wp:featuredmedia":[{"embeddable":true,"href":"https:\/\/akdenizhaber.com.tr\/index.php\/wp-json\/wp\/v2\/media\/25292"}],"wp:attachment":[{"href":"https:\/\/akdenizhaber.com.tr\/index.php\/wp-json\/wp\/v2\/media?parent=25291"}],"wp:term":[{"taxonomy":"category","embeddable":true,"href":"https:\/\/akdenizhaber.com.tr\/index.php\/wp-json\/wp\/v2\/categories?post=25291"},{"taxonomy":"post_tag","embeddable":true,"href":"https:\/\/akdenizhaber.com.tr\/index.php\/wp-json\/wp\/v2\/tags?post=25291"}],"curies":[{"name":"wp","href":"https:\/\/api.w.org\/{rel}","templated":true}]}}