{"id":25283,"date":"2024-07-29T16:20:17","date_gmt":"2024-07-29T13:20:17","guid":{"rendered":"https:\/\/akdenizhaber.com.tr\/?p=25283"},"modified":"2024-07-29T16:20:17","modified_gmt":"2024-07-29T13:20:17","slug":"yusuf-altunayi-rahmetle-aniyoruz","status":"publish","type":"post","link":"https:\/\/akdenizhaber.com.tr\/index.php\/2024\/07\/29\/yusuf-altunayi-rahmetle-aniyoruz\/","title":{"rendered":"Yusuf Altunay\u2019\u0131 Rahmetle An\u0131yoruz"},"content":{"rendered":"\n<p>Manavgat\u2019\u0131n hay\u0131rsever i\u015fadam\u0131 Yusuf Altunay, \u0130zmir\u2019e i\u015f ziyaretine giderken ge\u00e7irdi\u011fi kaza sonras\u0131 16 ay yo\u011fun bak\u0131mda tedavi g\u00f6rd\u00fckten sonra ya\u015fama veda etmi\u015fti. Manavgat&#8217;\u0131n hay\u0131rsever i\u015fadamlar\u0131ndan Ferit Ticaret&#8217;in sahibi Yusuf Altunay, 29 Mart yerel se\u00e7imleri \u00f6ncesi Manavgat&#8217;tan \u0130zmir&#8217;e giderken Korkuteli karayolunun 25&#8217;nci kilometresinde kaza yaparak ba\u015f\u0131ndan a\u011f\u0131r yaralanm\u0131\u015f Akdeniz \u00dcniversitesi T\u0131p Fak\u00fcltesi Hastanesi&#8217;nde kald\u0131r\u0131lm\u0131\u015ft\u0131. Yusuf Altunay, uzun s\u00fcre Akdeniz \u00dcniversitesi T\u0131p Fak\u00fcltesi Hastanesi&#8217;nde yo\u011fun bak\u0131m \u00fcnitesinde cihaza ba\u011fl\u0131 olarak ya\u015fad\u0131. Manavgat K\u00fclliye Camii&#8217;nin, Sanayi sitesinin ev Devlet hastanesi acil servisinin yap\u0131mlar\u0131nda maddi-manevi b\u00fcy\u00fck emekleri olan\u00a0 Yusuf Altunay\u2019\u0131n vefat Manavgat\u2019ta b\u00fcy\u00fck \u00fcz\u00fcnt\u00fc ile kar\u015f\u0131lanm\u0131\u015ft\u0131. Maddi \u2013 manevi b\u00fcy\u00fck emekleri olan K\u00fclliye Camii&#8217;nde k\u0131l\u0131nan namaz\u0131 sonras\u0131 do\u011fum yeri olan Akseki&#8217;nin G\u00f6dene k\u00f6y\u00fcnde topra\u011f\u0131 verilen Yusuf Altunay\u2019\u0131 \u00f6l\u00fcm\u00fcn\u00fcn 14. Y\u0131l\u0131nda rahmet ve \u00f6zlemle an\u0131yoruz.<\/p>\n\n\n\n<p>B\u00fc\u015fra Deveci \/ Haber<\/p>\n","protected":false},"excerpt":{"rendered":"<p>Manavgat\u2019\u0131n hay\u0131rsever i\u015fadam\u0131 Yusuf Altunay, \u0130zmir\u2019e i\u015f ziyaretine giderken ge\u00e7irdi\u011fi kaza sonras\u0131 16 ay yo\u011fun bak\u0131mda tedavi g\u00f6rd\u00fckten sonra ya\u015fama veda etmi\u015fti. Manavgat&#8217;\u0131n hay\u0131rsever i\u015fadamlar\u0131ndan <a href=\"https:\/\/akdenizhaber.com.tr\/index.php\/2024\/07\/29\/yusuf-altunayi-rahmetle-aniyoruz\/\" class=\"read-more-link\">[more&#8230;]<\/a><\/p>\n","protected":false},"author":2,"featured_media":25284,"comment_status":"open","ping_status":"open","sticky":false,"template":"","format":"standard","meta":{"footnotes":""},"categories":[2],"tags":[],"class_list":["post-25283","post","type-post","status-publish","format-standard","has-post-thumbnail","hentry","category-gundem"],"_links":{"self":[{"href":"https:\/\/akdenizhaber.com.tr\/index.php\/wp-json\/wp\/v2\/posts\/25283","targetHints":{"allow":["GET"]}}],"collection":[{"href":"https:\/\/akdenizhaber.com.tr\/index.php\/wp-json\/wp\/v2\/posts"}],"about":[{"href":"https:\/\/akdenizhaber.com.tr\/index.php\/wp-json\/wp\/v2\/types\/post"}],"author":[{"embeddable":true,"href":"https:\/\/akdenizhaber.com.tr\/index.php\/wp-json\/wp\/v2\/users\/2"}],"replies":[{"embeddable":true,"href":"https:\/\/akdenizhaber.com.tr\/index.php\/wp-json\/wp\/v2\/comments?post=25283"}],"version-history":[{"count":1,"href":"https:\/\/akdenizhaber.com.tr\/index.php\/wp-json\/wp\/v2\/posts\/25283\/revisions"}],"predecessor-version":[{"id":25285,"href":"https:\/\/akdenizhaber.com.tr\/index.php\/wp-json\/wp\/v2\/posts\/25283\/revisions\/25285"}],"wp:featuredmedia":[{"embeddable":true,"href":"https:\/\/akdenizhaber.com.tr\/index.php\/wp-json\/wp\/v2\/media\/25284"}],"wp:attachment":[{"href":"https:\/\/akdenizhaber.com.tr\/index.php\/wp-json\/wp\/v2\/media?parent=25283"}],"wp:term":[{"taxonomy":"category","embeddable":true,"href":"https:\/\/akdenizhaber.com.tr\/index.php\/wp-json\/wp\/v2\/categories?post=25283"},{"taxonomy":"post_tag","embeddable":true,"href":"https:\/\/akdenizhaber.com.tr\/index.php\/wp-json\/wp\/v2\/tags?post=25283"}],"curies":[{"name":"wp","href":"https:\/\/api.w.org\/{rel}","templated":true}]}}