{"id":25262,"date":"2024-07-29T16:10:37","date_gmt":"2024-07-29T13:10:37","guid":{"rendered":"https:\/\/akdenizhaber.com.tr\/?p=25262"},"modified":"2024-07-29T16:10:38","modified_gmt":"2024-07-29T13:10:38","slug":"chp-ankara-milletvekili-dincerden-baskan-kocagoze-ziyaret","status":"publish","type":"post","link":"https:\/\/akdenizhaber.com.tr\/index.php\/2024\/07\/29\/chp-ankara-milletvekili-dincerden-baskan-kocagoze-ziyaret\/","title":{"rendered":"CHP Ankara Milletvekili Din\u00e7er\u2019den Ba\u015fkan Kocag\u00f6z\u2019e ziyaret"},"content":{"rendered":"\n<p>Kepez Belediye Ba\u015fkan\u0131 Mesut Kocag\u00f6z\u2019e nezaket ziyaretinde bulunan CHP Ankara Milletvekili ve Parti Meclisi \u00dcyesi Semra Din\u00e7er, \u201cKepez&#8217;de 30 y\u0131l sonra Cumhuriyet Halk Partili bir belediye ba\u015fkan\u0131m\u0131z\u0131n gururunu ya\u015fatt\u0131n\u0131z\u201d diyerek tebrik etti.&nbsp;<\/p>\n\n\n\n<p>Cumhuriyet Halk Partisi (CHP) Ankara Milletvekili ve Parti Meclisi \u00dcyesi Semra Din\u00e7er, Kepez Belediye Ba\u015fkan\u0131 Mesut Kocag\u00f6z\u2019\u00fc makam\u0131nda ziyaret etti. Kepez Belediye Ba\u015fkan\u0131 Mesut Kocag\u00f6z, nazik ziyareti i\u00e7in Milletvekili Din\u00e7er\u2019e te\u015fekk\u00fcr ederek, \u201cAday oldu\u011fum s\u00fcre\u00e7te de bana \u00e7ok destek olmu\u015ftunuz. Aya\u011f\u0131n\u0131za sa\u011fl\u0131k. \u015eeref verdiniz&#8221; dedi. Ba\u015fkan Kocag\u00f6z, \u00f6zellikle cezaevi s\u00fcrecinde kendisine destek olan Din\u00e7er ailesinin her bir ferdine de ayr\u0131 ayr\u0131 te\u015fekk\u00fcrlerini iletti. Ba\u015fkan Kocag\u00f6z, &#8220;Bize inananlar\u0131n g\u00fcvenlerini bo\u015fa \u00e7\u0131kartmayaca\u011f\u0131m. Kepez halk\u0131na hak etti\u011fi hizmeti verece\u011fiz&#8221; diye konu\u015ftu.&nbsp;<\/p>\n\n\n\n<p>KEPEZ\u2019E LAYIKIYLA H\u0130ZMET EDECEKS\u0130N\u0130Z<\/p>\n\n\n\n<p>CHP Ankara Milletvekili Semra Din\u00e7er de, konu\u015fmas\u0131nda Kepez\u2019in Mesut Kocag\u00f6z ile birlikte b\u00fcy\u00fck bir de\u011fi\u015fim ya\u015fayaca\u011f\u0131na olan inanc\u0131n\u0131 dile getirdi. Vekil Din\u00e7er, \u201cBiz biliyorduk, Kepez\u2019i Mesut Kocag\u00f6z&#8217;den ba\u015fka kimseyle alamayaca\u011f\u0131m\u0131z\u0131n fark\u0131ndayd\u0131k. Kepez\u2019de 30 y\u0131l sonra Cumhuriyet Halk Partili bir belediye ba\u015fkan\u0131m\u0131z\u0131n gururunu ya\u015fatt\u0131n\u0131z. Size \u00e7ok te\u015fekk\u00fcr ediyorum. Siz, Kepez\u2019e lay\u0131k\u0131yla hizmet edeceksiniz. Ger\u00e7ekten Kepez\u2019in hak etti\u011fi sosyal demokrat belediyecili\u011finin ne oldu\u011funu g\u00f6stereceksiniz. Biz size inand\u0131k, sonuna kadar yan\u0131n\u0131zday\u0131z. Hi\u00e7 endi\u015feniz olmas\u0131n.&#8221; dedi.<\/p>\n\n\n\n<p>&nbsp;Kepez Belediyesi \/ B\u00fclten<\/p>\n","protected":false},"excerpt":{"rendered":"<p>Kepez Belediye Ba\u015fkan\u0131 Mesut Kocag\u00f6z\u2019e nezaket ziyaretinde bulunan CHP Ankara Milletvekili ve Parti Meclisi \u00dcyesi Semra Din\u00e7er, \u201cKepez&#8217;de 30 y\u0131l sonra Cumhuriyet Halk Partili bir <a href=\"https:\/\/akdenizhaber.com.tr\/index.php\/2024\/07\/29\/chp-ankara-milletvekili-dincerden-baskan-kocagoze-ziyaret\/\" class=\"read-more-link\">[more&#8230;]<\/a><\/p>\n","protected":false},"author":2,"featured_media":25263,"comment_status":"open","ping_status":"open","sticky":false,"template":"","format":"standard","meta":{"footnotes":""},"categories":[2],"tags":[],"class_list":["post-25262","post","type-post","status-publish","format-standard","has-post-thumbnail","hentry","category-gundem"],"_links":{"self":[{"href":"https:\/\/akdenizhaber.com.tr\/index.php\/wp-json\/wp\/v2\/posts\/25262","targetHints":{"allow":["GET"]}}],"collection":[{"href":"https:\/\/akdenizhaber.com.tr\/index.php\/wp-json\/wp\/v2\/posts"}],"about":[{"href":"https:\/\/akdenizhaber.com.tr\/index.php\/wp-json\/wp\/v2\/types\/post"}],"author":[{"embeddable":true,"href":"https:\/\/akdenizhaber.com.tr\/index.php\/wp-json\/wp\/v2\/users\/2"}],"replies":[{"embeddable":true,"href":"https:\/\/akdenizhaber.com.tr\/index.php\/wp-json\/wp\/v2\/comments?post=25262"}],"version-history":[{"count":1,"href":"https:\/\/akdenizhaber.com.tr\/index.php\/wp-json\/wp\/v2\/posts\/25262\/revisions"}],"predecessor-version":[{"id":25264,"href":"https:\/\/akdenizhaber.com.tr\/index.php\/wp-json\/wp\/v2\/posts\/25262\/revisions\/25264"}],"wp:featuredmedia":[{"embeddable":true,"href":"https:\/\/akdenizhaber.com.tr\/index.php\/wp-json\/wp\/v2\/media\/25263"}],"wp:attachment":[{"href":"https:\/\/akdenizhaber.com.tr\/index.php\/wp-json\/wp\/v2\/media?parent=25262"}],"wp:term":[{"taxonomy":"category","embeddable":true,"href":"https:\/\/akdenizhaber.com.tr\/index.php\/wp-json\/wp\/v2\/categories?post=25262"},{"taxonomy":"post_tag","embeddable":true,"href":"https:\/\/akdenizhaber.com.tr\/index.php\/wp-json\/wp\/v2\/tags?post=25262"}],"curies":[{"name":"wp","href":"https:\/\/api.w.org\/{rel}","templated":true}]}}