{"id":25255,"date":"2024-07-29T16:08:44","date_gmt":"2024-07-29T13:08:44","guid":{"rendered":"https:\/\/akdenizhaber.com.tr\/?p=25255"},"modified":"2024-07-29T16:08:45","modified_gmt":"2024-07-29T13:08:45","slug":"butcede-emekliye-yer-yok","status":"publish","type":"post","link":"https:\/\/akdenizhaber.com.tr\/index.php\/2024\/07\/29\/butcede-emekliye-yer-yok\/","title":{"rendered":"B\u00fct\u00e7ede Emekliye Yer Yok!"},"content":{"rendered":"\n<p>CHP Genel Ba\u015fkan Yard\u0131mc\u0131s\u0131 \u00d6zg\u00fcr Karabat, yoksullu\u011fa s\u00fcr\u00fcklenen emekliler hakk\u0131nda sosyal medya hesab\u0131ndan bir a\u00e7\u0131klama yay\u0131nlad\u0131.<\/p>\n\n\n\n<p>H\u00fck\u00fcmetin \u00f6zellikle emeklilere kar\u015f\u0131 \u00e7ok cimri ve zalim davrand\u0131\u011f\u0131n\u0131 ifade eden Karabat, EYT (Emeklilikte Ya\u015fa Tak\u0131lanlar) ile b\u00fct\u00e7e y\u00fck\u00fcn\u00fcn artmad\u0131\u011f\u0131n\u0131 bilakis daha da azald\u0131\u011f\u0131n\u0131 tespit ettiklerini s\u00f6yledi.<\/p>\n\n\n\n<p>SOSYAL G\u00dcVENL\u0130K B\u00dcT\u00c7ES\u0130 AZALDI<\/p>\n\n\n\n<p>CHP Genel Ba\u015fkan Yard\u0131mc\u0131s\u0131 ve \u0130stanbul Millletvekili \u00d6zg\u00fcr Karabat, AKP Genel Ba\u015fkan Vekili Mustafa Elita\u015f\u2019\u0131n a\u00e7\u0131klamalar\u0131n\u0131 de\u011ferlendirdi\u011fi payla\u015f\u0131m\u0131nda, emeklilerin hakl\u0131 taleplerini \u201cb\u00fct\u00e7e yok\u201d diyerek reddeden AKP\u2019nin a\u00e7\u0131klamalar\u0131n\u0131n da ger\u00e7ek d\u0131\u015f\u0131 oldu\u011funu savundu.<\/p>\n\n\n\n<p>A\u00e7\u0131klamas\u0131n\u0131n devam\u0131nda sonras\u0131nda EYT\u2019nin b\u00fct\u00e7eye maliyetinin de AKP\u2019nin a\u00e7\u0131klad\u0131\u011f\u0131n\u0131n aksine 300 milyar dolar\u0131n \u00e7ok alt\u0131nda oldu\u011funu belirtti. \u201c2020 y\u0131l\u0131ndan itibaren b\u00fct\u00e7eden sosyal g\u00fcvenlik i\u00e7in ayr\u0131lan pay hep gerilemi\u015f. EYT bu e\u011filimi \u00e7ok fazla etkilememi\u015f&#8230;\u201d diyen Karabat, h\u00fck\u00fcmetin \u00f6zellikle dar gelirli kesimlere ay\u0131rd\u0131\u011f\u0131 b\u00fct\u00e7eyi y\u0131ldan y\u0131la k\u0131st\u0131\u011f\u0131n\u0131 da belgelerle a\u00e7\u0131klad\u0131.<\/p>\n\n\n\n<p>KALKINMA VE REFAHI HEDEFLEYEN B\u00dcT\u00c7E<\/p>\n\n\n\n<p>\u201cAKP rant\u00e7\u0131lara bonk\u00f6r ama \u00e7al\u0131\u015fana, emekliye, \u00f6\u011frenciye, yard\u0131ma muhta\u00e7 durumda olanlara, \u015fehit ve gazilere, \u00e7ift\u00e7ilere, esnafa cimri&#8230;\u201d diyen Karabat, 2024 b\u00fct\u00e7esinde \u201cYeniden Da\u011f\u0131t\u0131labilir Kaynak\u201d\u0131n 89,9 milyar dolar oldu\u011funu bunun da toplam b\u00fct\u00e7enin %25.6\u2019s\u0131na denk geldi\u011fini ifade etti.<\/p>\n\n\n\n<p>T\u00fcrkiye\u2019de temel sorunun kaynaklar\u0131n adil da\u011f\u0131t\u0131lmad\u0131\u011f\u0131 oldu\u011funu s\u00f6yleyen Karabat; \u201cT\u00fcrkiye\u2019nin yeterli kayna\u011f\u0131 var, esas sorun bu kayna\u011f\u0131n adil da\u011f\u0131t\u0131lmamas\u0131d\u0131r. Merkezi Y\u00f6netim B\u00fct\u00e7esi\u2019ne yeni bir anlay\u0131\u015f getirme zaman\u0131! G\u00f6zetilecek kesimler ve sekt\u00f6rler, kalk\u0131nma ve refah\u0131 sa\u011flayacak \u015fekilde se\u00e7ilmeli.\u201d<\/p>\n\n\n\n<p>EMEKL\u0130LERE B\u00dcT\u00c7EDEN DAHA FAZLA PAY AYIRMAK M\u00dcMK\u00dcN<\/p>\n\n\n\n<p>1-H\u00fck\u00fcmet toplad\u0131\u011f\u0131 vergileri harcarken baz\u0131 kesimlere, \u00f6zellikle emeklilere kar\u015f\u0131 \u00e7ok cimri ve zalim bir tutum tak\u0131n\u0131yor.<\/p>\n\n\n\n<p>Ele\u015ftiriler art\u0131nca da \u201cb\u00fct\u00e7e s\u0131n\u0131rl\u0131\u201d cevab\u0131n\u0131 veriyorlar. Yalanda da s\u0131n\u0131r tan\u0131m\u0131yorlar\u2026<\/p>\n\n\n\n<p>2-AKP Genel Ba\u015fkan Vekili Mustafa Elita\u015f, \u201cPrim kay\u0131plar\u0131 da dahil EYT\u2019nin 5 y\u0131ll\u0131k maliyeti 300 milyar dolar oldu\u201d dedi.<\/p>\n\n\n\n<p>Elita\u015f a\u00e7\u0131k\u00e7a s\u00f6ylemiyor ama EYT\u2019nin b\u00fcy\u00fck bir hata oldu\u011funu ve ayl\u0131klarda iyile\u015ftirme yap\u0131lmayaca\u011f\u0131n\u0131 belirtti.<\/p>\n\n\n\n<p>3-Elita\u015f asl\u0131nda ne s\u00f6yledi: \u201c2023 se\u00e7imleri \u00f6ncesi EYT\u2019de mecburen yapt\u0131\u011f\u0131m\u0131z gibi, emekli ayl\u0131klar\u0131n\u0131 ger\u00e7ek anlamda iyile\u015ftirmeyi de ancak bir sonraki se\u00e7imlerden \u00f6nce yapaca\u011f\u0131z.\u201d<\/p>\n\n\n\n<p>AKP\u2019nin genel se\u00e7imleri kazanmak i\u00e7in her t\u00fcrl\u00fc plans\u0131z programs\u0131z i\u015fi yapabilece\u011finin kan\u0131t\u0131d\u0131r.<\/p>\n\n\n\n<p>4-Peki, EYT\u2019nin ger\u00e7ek maliyeti 300 milyar dolar m\u0131?<\/p>\n\n\n\n<p>Ayr\u0131nt\u0131l\u0131 2 grafi\u011fe bak\u0131ld\u0131\u011f\u0131nda, bu maliyetin \u00e7ok daha az oldu\u011fu ortaya \u00e7\u0131k\u0131yor.<\/p>\n\n\n\n<p>5-Ayr\u0131ca \u015fu grafi\u011fe dikkatle bakmam\u0131z laz\u0131m. 2020 y\u0131l\u0131ndan itibaren b\u00fct\u00e7eden sosyal g\u00fcvenlik i\u00e7in ayr\u0131lan pay hep gerilemi\u015f. EYT bu e\u011filimi \u00e7ok fazla etkilememi\u015f&#8230;<\/p>\n\n\n\n<p>6-H\u00fck\u00fcmet toplumun geni\u015f kesimlerini ilgilendiren her alanda her y\u0131l b\u00fct\u00e7eden daha az pay ay\u0131r\u0131yor.<\/p>\n\n\n\n<p>AKP rant\u00e7\u0131lara bonk\u00f6r ama \u00e7al\u0131\u015fana, emekliye, \u00f6\u011frenciye, yard\u0131ma muhta\u00e7 durumda olanlara, \u015fehit ve gazilere, \u00e7ift\u00e7ilere, esnafa cimri&#8230;<\/p>\n\n\n\n<p>7-Oysa b\u00fct\u00e7ede emekliye daha fazla yer var!<\/p>\n\n\n\n<p>2024 b\u00fct\u00e7esinde bir \u00e7\u0131rp\u0131da yarat\u0131labilecek \u201cYeniden Da\u011f\u0131t\u0131labilir Kaynak\u201d 89,9 milyar dolar. Toplam b\u00fct\u00e7enin %25.6\u2019s\u0131na denk geliyor.<\/p>\n\n\n\n<p>8-T\u00fcrkiye\u2019nin yeterli kayna\u011f\u0131 var, esas sorun bu kayna\u011f\u0131n adil da\u011f\u0131t\u0131lmamas\u0131d\u0131r.<\/p>\n\n\n\n<p>Merkezi Y\u00f6netim B\u00fct\u00e7esi\u2019ne yeni bir anlay\u0131\u015f getirme zaman\u0131!<\/p>\n\n\n\n<p>G\u00f6zetilecek kesimler ve sekt\u00f6rler, kalk\u0131nma ve refah\u0131 sa\u011flayacak \u015fekilde se\u00e7ilmeli.<\/p>\n\n\n\n<p>9-Cumhuriyet Halk Partisi hem kalk\u0131nmay\u0131 sa\u011flayacak alanlara hem de toplumun geni\u015f kesimlerine refah getirecek konulara gereken miktarda \u00f6denek ay\u0131racak.<\/p>\n\n\n\n<p>Cumhuriyet Halk Partisi b\u00fct\u00e7eyi etkin ve verimli kullanacak.<\/p>\n\n\n\n<p>Haber Merkezi<\/p>\n","protected":false},"excerpt":{"rendered":"<p>CHP Genel Ba\u015fkan Yard\u0131mc\u0131s\u0131 \u00d6zg\u00fcr Karabat, yoksullu\u011fa s\u00fcr\u00fcklenen emekliler hakk\u0131nda sosyal medya hesab\u0131ndan bir a\u00e7\u0131klama yay\u0131nlad\u0131. H\u00fck\u00fcmetin \u00f6zellikle emeklilere kar\u015f\u0131 \u00e7ok cimri ve zalim davrand\u0131\u011f\u0131n\u0131 <a href=\"https:\/\/akdenizhaber.com.tr\/index.php\/2024\/07\/29\/butcede-emekliye-yer-yok\/\" class=\"read-more-link\">[more&#8230;]<\/a><\/p>\n","protected":false},"author":2,"featured_media":25256,"comment_status":"open","ping_status":"open","sticky":false,"template":"","format":"standard","meta":{"footnotes":""},"categories":[2],"tags":[],"class_list":["post-25255","post","type-post","status-publish","format-standard","has-post-thumbnail","hentry","category-gundem"],"_links":{"self":[{"href":"https:\/\/akdenizhaber.com.tr\/index.php\/wp-json\/wp\/v2\/posts\/25255","targetHints":{"allow":["GET"]}}],"collection":[{"href":"https:\/\/akdenizhaber.com.tr\/index.php\/wp-json\/wp\/v2\/posts"}],"about":[{"href":"https:\/\/akdenizhaber.com.tr\/index.php\/wp-json\/wp\/v2\/types\/post"}],"author":[{"embeddable":true,"href":"https:\/\/akdenizhaber.com.tr\/index.php\/wp-json\/wp\/v2\/users\/2"}],"replies":[{"embeddable":true,"href":"https:\/\/akdenizhaber.com.tr\/index.php\/wp-json\/wp\/v2\/comments?post=25255"}],"version-history":[{"count":1,"href":"https:\/\/akdenizhaber.com.tr\/index.php\/wp-json\/wp\/v2\/posts\/25255\/revisions"}],"predecessor-version":[{"id":25257,"href":"https:\/\/akdenizhaber.com.tr\/index.php\/wp-json\/wp\/v2\/posts\/25255\/revisions\/25257"}],"wp:featuredmedia":[{"embeddable":true,"href":"https:\/\/akdenizhaber.com.tr\/index.php\/wp-json\/wp\/v2\/media\/25256"}],"wp:attachment":[{"href":"https:\/\/akdenizhaber.com.tr\/index.php\/wp-json\/wp\/v2\/media?parent=25255"}],"wp:term":[{"taxonomy":"category","embeddable":true,"href":"https:\/\/akdenizhaber.com.tr\/index.php\/wp-json\/wp\/v2\/categories?post=25255"},{"taxonomy":"post_tag","embeddable":true,"href":"https:\/\/akdenizhaber.com.tr\/index.php\/wp-json\/wp\/v2\/tags?post=25255"}],"curies":[{"name":"wp","href":"https:\/\/api.w.org\/{rel}","templated":true}]}}