{"id":25253,"date":"2024-07-29T16:08:55","date_gmt":"2024-07-29T13:08:55","guid":{"rendered":"https:\/\/akdenizhaber.com.tr\/?p=25253"},"modified":"2024-07-29T16:08:56","modified_gmt":"2024-07-29T13:08:56","slug":"engelsiz-plajlara-ziyaretci-akini","status":"publish","type":"post","link":"https:\/\/akdenizhaber.com.tr\/index.php\/2024\/07\/29\/engelsiz-plajlara-ziyaretci-akini\/","title":{"rendered":"Engelsiz Plajlara ziyaret\u00e7i ak\u0131n\u0131"},"content":{"rendered":"\n<p>Antalya B\u00fcy\u00fck\u015fehir Belediyesi\u2019nin Konyaalt\u0131 ve Lara sahillerindeki Engelsiz Plajlar\u0131 bu y\u0131l da engelli bireylerin denizle bulu\u015fma noktas\u0131 oldu. Plajlardan denize daha rahat girebilen engelli bireyler, Akdeniz\u2019in serin sular\u0131n\u0131n keyfini ya\u015f\u0131yor.<\/p>\n\n\n\n<p>Antalya B\u00fcy\u00fck\u015fehir Belediyesi taraf\u0131ndan engelli vatanda\u015flar\u0131n rahat bir \u015fekilde denize girebilmesi i\u00e7in hayata ge\u00e7irilen \u201cEngelsiz Plajlar\u201d bu y\u0131l da yo\u011fun ilgi g\u00f6r\u00fcyor. Konyaalt\u0131 Sahili\u2019nde ve Lara Sahili\u2019nde bulunan Engelsiz Plajlar, bedensel engeli olan vatanda\u015flar\u0131n konforu d\u00fc\u015f\u00fcn\u00fclerek hayata ge\u00e7irildi. Engelli otopark\u0131, tuvalet, du\u015f, soyunma kabini, cankurtaran, \u015fezlong, g\u00f6lgelik alanlar gibi bir\u00e7ok hizmetten \u00fccretsiz \u015fekilde yararlanma f\u0131rsat\u0131 bulan engelli bireyler, bu konforlu alanda zorluk \u00e7ekmeden denizin tad\u0131n\u0131 \u00e7\u0131kar\u0131yor. Engelli otopark\u0131ndan itibaren ba\u015flayan k\u0131lavuz \u00e7izgiler sayesinde plaja gelen vatanda\u015flar, engelli rampas\u0131 ile de denize rahat\u00e7a girebiliyor. Sundu\u011fu kolayl\u0131klar, konfor ve g\u00fcvenli olmas\u0131 sebebiyle bir\u00e7ok ki\u015finin u\u011frak noktas\u0131 olan engelli plajlar tatil i\u00e7in Antalya\u2019y\u0131 tercih eden yabanc\u0131lara da hitap ediyor.<\/p>\n\n\n\n<p>CANKURTARAN VE G\u00d6REVL\u0130LER HER AN TET\u0130KTE<\/p>\n\n\n\n<p>Plajda g\u00f6rev yapan cankurtaranlar, acil bir durumda ziyaret\u00e7ilerin g\u00fcvenli\u011fini sa\u011flamak i\u00e7in haz\u0131r bekliyor. Bu sayede, engelli ziyaret\u00e7iler ve onlara refakat eden yak\u0131nlar\u0131, g\u00fcven i\u00e7inde denizin tad\u0131n\u0131 \u00e7\u0131karabiliyor. Plajda bulunan engelli plaj sandalyeleri, tekerlekli sandalye kullanan ziyaret\u00e7ilerin denize girebilmesini kolayla\u015ft\u0131r\u0131rken, deniz keyfini ya\u015famalar\u0131na olanak tan\u0131yor.<\/p>\n\n\n\n<p>TAMAMEN \u00dcCRETS\u0130Z<\/p>\n\n\n\n<p>Antalya B\u00fcy\u00fck\u015fehir Belediyesi Sosyal Hizmetler Dairesi Ba\u015fkanl\u0131\u011f\u0131 Engelli Hizmetleri \u015eube M\u00fcd\u00fcr\u00fc Fatin Iltar, Sosyal Belediyecilik anlay\u0131\u015f\u0131 i\u00e7erisinde t\u00fcm vatanda\u015flara oldu\u011fu gibi engelli vatanda\u015flar i\u00e7in de \u00f6zenle \u00e7al\u0131\u015fmaya devam ettiklerini s\u00f6yledi. Iltar, \u201cPlajlar\u0131m\u0131z yo\u011fun ilgi g\u00f6r\u00fcyor. Burada sunulan imkanlar tamamen \u00fccretsiz. Engelli vatanda\u015flar\u0131m\u0131z, rahat \u015fekilde denize girip e\u011flenebiliyorlar\u201d dedi.<\/p>\n\n\n\n<p>DAHA SIK DEN\u0130ZE GEL\u0130YORUZ<\/p>\n\n\n\n<p>Bedensel engelli bir \u00e7ocuk annesi olan \u00c7i\u011fden \u0130nan, o\u011flunun \u00e7ok sosyal oldu\u011funu ve denize girmeyi \u00e7ok sevdi\u011fini s\u00f6yledi. \u0130nan, \u201cB\u00fcy\u00fck\u015fehir Belediyesi\u2019nin Engelsiz Plaj\u0131 bizim i\u00e7in \u00e7ok iyi oldu. Denizin i\u00e7ine kadar giden ah\u015fap yol ve engelli rampas\u0131 i\u015fimizi \u00e7ok kolayla\u015ft\u0131r\u0131yor. Tamamen engelliler d\u00fc\u015f\u00fcn\u00fclerek yap\u0131lm\u0131\u015f bir plaj buras\u0131. Bu sayede daha s\u0131k denize gelir olduk. Burada di\u011fer engelli aileleriyle de tan\u0131\u015fma, fikir al\u0131\u015fveri\u015finde bulunma ve birbirimize yard\u0131mc\u0131 olabilme imkan\u0131 da ediniyoruz. Alandaki g\u00f6revliler bize yard\u0131mc\u0131 olmak ve g\u00fcvenli\u011fi sa\u011flamak i\u00e7in \u00e7ok \u00e7aba sarf ediyorlar. Antalya B\u00fcy\u00fck\u015fehir Belediyesi\u2019ne bu g\u00fczel hizmeti sa\u011flad\u0131\u011f\u0131 i\u00e7in \u00e7ok te\u015fekk\u00fcr ederim\u201d diye konu\u015ftu.<\/p>\n\n\n\n<p>Antalya B\u00fcy\u00fck\u015fehir Belediyesi \/ B\u00fclten<\/p>\n","protected":false},"excerpt":{"rendered":"<p>Antalya B\u00fcy\u00fck\u015fehir Belediyesi\u2019nin Konyaalt\u0131 ve Lara sahillerindeki Engelsiz Plajlar\u0131 bu y\u0131l da engelli bireylerin denizle bulu\u015fma noktas\u0131 oldu. Plajlardan denize daha rahat girebilen engelli bireyler, <a href=\"https:\/\/akdenizhaber.com.tr\/index.php\/2024\/07\/29\/engelsiz-plajlara-ziyaretci-akini\/\" class=\"read-more-link\">[more&#8230;]<\/a><\/p>\n","protected":false},"author":2,"featured_media":25254,"comment_status":"open","ping_status":"open","sticky":false,"template":"","format":"standard","meta":{"footnotes":""},"categories":[2],"tags":[],"class_list":["post-25253","post","type-post","status-publish","format-standard","has-post-thumbnail","hentry","category-gundem"],"_links":{"self":[{"href":"https:\/\/akdenizhaber.com.tr\/index.php\/wp-json\/wp\/v2\/posts\/25253","targetHints":{"allow":["GET"]}}],"collection":[{"href":"https:\/\/akdenizhaber.com.tr\/index.php\/wp-json\/wp\/v2\/posts"}],"about":[{"href":"https:\/\/akdenizhaber.com.tr\/index.php\/wp-json\/wp\/v2\/types\/post"}],"author":[{"embeddable":true,"href":"https:\/\/akdenizhaber.com.tr\/index.php\/wp-json\/wp\/v2\/users\/2"}],"replies":[{"embeddable":true,"href":"https:\/\/akdenizhaber.com.tr\/index.php\/wp-json\/wp\/v2\/comments?post=25253"}],"version-history":[{"count":1,"href":"https:\/\/akdenizhaber.com.tr\/index.php\/wp-json\/wp\/v2\/posts\/25253\/revisions"}],"predecessor-version":[{"id":25258,"href":"https:\/\/akdenizhaber.com.tr\/index.php\/wp-json\/wp\/v2\/posts\/25253\/revisions\/25258"}],"wp:featuredmedia":[{"embeddable":true,"href":"https:\/\/akdenizhaber.com.tr\/index.php\/wp-json\/wp\/v2\/media\/25254"}],"wp:attachment":[{"href":"https:\/\/akdenizhaber.com.tr\/index.php\/wp-json\/wp\/v2\/media?parent=25253"}],"wp:term":[{"taxonomy":"category","embeddable":true,"href":"https:\/\/akdenizhaber.com.tr\/index.php\/wp-json\/wp\/v2\/categories?post=25253"},{"taxonomy":"post_tag","embeddable":true,"href":"https:\/\/akdenizhaber.com.tr\/index.php\/wp-json\/wp\/v2\/tags?post=25253"}],"curies":[{"name":"wp","href":"https:\/\/api.w.org\/{rel}","templated":true}]}}