{"id":25230,"date":"2024-07-25T15:51:14","date_gmt":"2024-07-25T12:51:14","guid":{"rendered":"https:\/\/akdenizhaber.com.tr\/?p=25230"},"modified":"2024-07-25T15:51:16","modified_gmt":"2024-07-25T12:51:16","slug":"yasam-ve-su","status":"publish","type":"post","link":"https:\/\/akdenizhaber.com.tr\/index.php\/2024\/07\/25\/yasam-ve-su\/","title":{"rendered":"YA\u015eAM VE SU"},"content":{"rendered":"\n<p>Merhaba de\u011ferli okurlar!<br>\u0130nsan o\u011flunun ya\u015fam bi\u00e7imi suya benzer. Suyun var olu\u015fu denizlerin,sular\u0131n buharla\u015fmas\u0131yla bulutlar var olur. \u015eim\u015feklerin \u00e7akmas\u0131yla ya\u011fmurlar\u0131n, karlar\u0131n ya\u011fmas\u0131 sonucu yeralt\u0131 inlerde toplanan sular\u0131n p\u0131nar g\u00f6z\u00fcnden \u00e7\u0131kmas\u0131yla ba\u015flar. P\u0131narlar\u0131ndan \u00e7\u0131kan sular yer y\u00fcz\u00fcnde \u0131rmak olur, \u00e7ay olur s\u00fcz\u00fcl\u00fcr bir g\u00f6lde, barajda, denizde, son bulur. \u0130smi \u00fcst s\u0131n\u0131f alm\u0131\u015ft\u0131r art\u0131k suyun ismi g\u00f6l,baraj,derya deniz olmu\u015ftur.Su ge\u00e7ti\u011fi g\u00fczergahta \u00e7ok ta\u015fa, kaya&#8217;ya \u00e7arpar u\u00e7uruma d\u00fc\u015fer. d\u00fc\u015ft\u00fc\u011f\u00fc yere \u015felale deriz, u\u00e7uran su deriz, \u00e7a\u011flayan su deriz. Bunlar hep su yolunda \u00e7\u0131kan zorluklard\u0131r. Bazen y\u00fczlerce metre y\u00fcksekten d\u00fc\u015fer sular. T\u00fcrkiye&#8217;nin en uzun \u0131rma\u011f\u0131 K\u0131z\u0131l\u0131rmak Sivas K\u0131z\u0131lda\u011f\u0131ndan do\u011far Kayseri, K\u0131r\u015fehir, K\u0131r\u0131kkale, \u00c7orum, Karadeniz&#8217;de bir \u00e7ok ili ziyaret ederek son bulur. F\u0131rat, Dicle&#8217;de \u00f6yledir Mezopotamyada ki sava\u015flar\u0131n sebebidir su. \u0130nsano\u011flu do\u011fumdan ba\u015flar akmaya hayat\u0131n pe\u015finden, kimisinin hikayesi b\u00fcy\u00fckt\u00fcr. K\u0131z\u0131l\u0131rmak gibidir kimisinin hikayesi, k\u00fc\u00e7\u00fck \u00e7a\u011flayan gibidir ya\u015fam m\u00fccadelesinde kime hangi andikap d\u00fc\u015ft\u00fcyse bir \u015fekilde metropol kent&#8217;te bir i\u015fte fabrikada, yada yurt d\u0131\u015f\u0131nda r\u0131sk\u0131n\u0131 arar. K\u0131z\u0131l\u0131rmak gibi uzun menzillidir kiminin ya\u015fam\u0131. Herkes kendini bulabildi\u011fi limana do\u011fru ak\u0131yor. Su misali d\u00fc\u015fe kalka zorluklarla bo\u011fu\u015fa bo\u011fu\u015fa kiminin hayat\u0131 kolay, kiminin hayat\u0131 zor, kimileri ta\u015fa \u00e7arparlar, kimileri \u015felale gibi y\u00fcksekten d\u00fc\u015ferler ac\u0131lar\u0131, m\u00fccaledesi b\u00fcy\u00fckt\u00fcr. Akar menziline, liman\u0131na do\u011fru insan o\u011flu. Dostlar benim susuz topra\u011f\u0131 \u00e7orak ba\u011f\u0131mda \u00fcr\u00fcn yeti\u015ftirmem \u00e7ok zordu. \u00d6yle olmasayd\u0131 g\u00f6n\u00fcl ba\u011f\u0131mdan size bir \u00e7ok \u015fey vermek isterdim. S\u00fcr\u00e7-i lisan ettiysem affola.<\/p>\n\n\n\n<p>TUNCER ATE\u015e<\/p>\n","protected":false},"excerpt":{"rendered":"<p>Merhaba de\u011ferli okurlar!\u0130nsan o\u011flunun ya\u015fam bi\u00e7imi suya benzer. Suyun var olu\u015fu denizlerin,sular\u0131n buharla\u015fmas\u0131yla bulutlar var olur. \u015eim\u015feklerin \u00e7akmas\u0131yla ya\u011fmurlar\u0131n, karlar\u0131n ya\u011fmas\u0131 sonucu yeralt\u0131 inlerde toplanan <a href=\"https:\/\/akdenizhaber.com.tr\/index.php\/2024\/07\/25\/yasam-ve-su\/\" class=\"read-more-link\">[more&#8230;]<\/a><\/p>\n","protected":false},"author":2,"featured_media":25231,"comment_status":"open","ping_status":"open","sticky":false,"template":"","format":"standard","meta":{"footnotes":""},"categories":[2],"tags":[],"class_list":["post-25230","post","type-post","status-publish","format-standard","has-post-thumbnail","hentry","category-gundem"],"_links":{"self":[{"href":"https:\/\/akdenizhaber.com.tr\/index.php\/wp-json\/wp\/v2\/posts\/25230","targetHints":{"allow":["GET"]}}],"collection":[{"href":"https:\/\/akdenizhaber.com.tr\/index.php\/wp-json\/wp\/v2\/posts"}],"about":[{"href":"https:\/\/akdenizhaber.com.tr\/index.php\/wp-json\/wp\/v2\/types\/post"}],"author":[{"embeddable":true,"href":"https:\/\/akdenizhaber.com.tr\/index.php\/wp-json\/wp\/v2\/users\/2"}],"replies":[{"embeddable":true,"href":"https:\/\/akdenizhaber.com.tr\/index.php\/wp-json\/wp\/v2\/comments?post=25230"}],"version-history":[{"count":1,"href":"https:\/\/akdenizhaber.com.tr\/index.php\/wp-json\/wp\/v2\/posts\/25230\/revisions"}],"predecessor-version":[{"id":25232,"href":"https:\/\/akdenizhaber.com.tr\/index.php\/wp-json\/wp\/v2\/posts\/25230\/revisions\/25232"}],"wp:featuredmedia":[{"embeddable":true,"href":"https:\/\/akdenizhaber.com.tr\/index.php\/wp-json\/wp\/v2\/media\/25231"}],"wp:attachment":[{"href":"https:\/\/akdenizhaber.com.tr\/index.php\/wp-json\/wp\/v2\/media?parent=25230"}],"wp:term":[{"taxonomy":"category","embeddable":true,"href":"https:\/\/akdenizhaber.com.tr\/index.php\/wp-json\/wp\/v2\/categories?post=25230"},{"taxonomy":"post_tag","embeddable":true,"href":"https:\/\/akdenizhaber.com.tr\/index.php\/wp-json\/wp\/v2\/tags?post=25230"}],"curies":[{"name":"wp","href":"https:\/\/api.w.org\/{rel}","templated":true}]}}