{"id":25221,"date":"2024-07-25T15:45:02","date_gmt":"2024-07-25T12:45:02","guid":{"rendered":"https:\/\/akdenizhaber.com.tr\/?p=25221"},"modified":"2024-07-25T15:45:03","modified_gmt":"2024-07-25T12:45:03","slug":"uzman-elektrik-macar-egitmenleri-agirladi","status":"publish","type":"post","link":"https:\/\/akdenizhaber.com.tr\/index.php\/2024\/07\/25\/uzman-elektrik-macar-egitmenleri-agirladi\/","title":{"rendered":"Uzman Elektrik, Macar E\u011fitmenleri A\u011f\u0131rlad\u0131"},"content":{"rendered":"\n<p>Manavgat&#8217;ta bulunan k\u00f6kl\u00fc firmalardan olan Uzman Elektri\u011fi, bir Erasmus projesi kapsam\u0131nda Macaristan&#8217;dan gelen e\u011fitimciler ziyaret etti.<\/p>\n\n\n\n<p>Proje kapsam\u0131nda Macarsitan\u2019dan Szerencsi Szakk\u00e9pz\u00e9si Centrum\u2019un m\u00fcd\u00fcr\u00fc ve uzmanlar\u0131, Uzman Elektrik\u2019in tesislerini ziyaret ederek T\u00fcrkiye ile Macaristan aras\u0131ndaki e\u011fitim i\u015f birli\u011fini daha da g\u00fc\u00e7lendirmeyi hedeflediklerini belirttiler.<\/p>\n\n\n\n<p>Uzman Elektrik Y\u00f6netim Kurulu Ba\u015fkan\u0131 Mehmet Ali Cengiz, Macar e\u011fitimcilerle yapt\u0131\u011f\u0131 g\u00f6r\u00fc\u015fmede, iki \u00fclke aras\u0131ndaki dostlu\u011fun ve i\u015f birli\u011finin \u00f6nemine dikkat \u00e7ekti. Cengiz, \u201cAyn\u0131 k\u00f6klerin insanlar\u0131 oldu\u011fumuzu biliyorum. Bu ba\u011flar sizlerle bizi daha \u00e7ok yak\u0131nla\u015ft\u0131r\u0131yor. Macar \u00f6\u011frencilerin bizde staj yapacak olmas\u0131 bizi \u00e7ok mutlu edecektir. \u015eirketlerimizin b\u00fct\u00fcn imkan ve kabiliyetleri emrinizde olacak. Ges- Taahh\u00fct ve imalat konular\u0131nda deneyimli m\u00fchendislerimiz ve teknikerlerimiz, e\u011fitime katk\u0131 sa\u011flamak i\u00e7in ellerinden geleni yapacaklar.\u201d dedi.<\/p>\n\n\n\n<p><strong>E\u011fitimde Yeni Ufuklar<\/strong><\/p>\n\n\n\n<p>Erasmus projesi, \u00f6\u011frencilere uluslararas\u0131 deneyim kazand\u0131rarak onlar\u0131n gelece\u011fine katk\u0131 sa\u011flamay\u0131 ama\u00e7l\u0131yor. Szerencsi Szakk\u00e9pz\u00e9si Centrum\u2019un Manavgat ziyareti, hem T\u00fcrkiye hem de Macaristan i\u00e7in e\u011fitim alan\u0131nda yeni f\u0131rsatlar ve g\u00fc\u00e7l\u00fc i\u015f birlikleri do\u011furacak. Bu t\u00fcr projeler, iki \u00fclke aras\u0131nda kal\u0131c\u0131 dostluk k\u00f6pr\u00fcleri kurulmas\u0131na da katk\u0131 sa\u011fl\u0131yor.<\/p>\n\n\n\n<p><strong>2024: T\u00fcrkiye ve Macaristan\u2019da Kar\u015f\u0131l\u0131kl\u0131 K\u00fclt\u00fcr Y\u0131l\u0131<\/strong><\/p>\n\n\n\n<p>Bu i\u015f birli\u011fi, iki \u00fclke aras\u0131ndaki k\u00fclt\u00fcrel ve tarihsel ba\u011flar\u0131n daha da g\u00fc\u00e7lenmesi i\u00e7in \u00f6nemli bir ad\u0131m olarak g\u00f6r\u00fcl\u00fcyor. Bu y\u0131l\u0131n ayr\u0131ca bir \u00f6nemi var. \u00d6rne\u011fin, K\u00fclt\u00fcr ve Turizm Bakan\u0131 Mehmet Ersoy, T\u00fcrk-Macar Dostluk Anla\u015fmas\u0131&#8217;n\u0131n 100. y\u0131l d\u00f6n\u00fcm\u00fc dolay\u0131s\u0131yla 2024 y\u0131l\u0131n\u0131n T\u00fcrkiye ve Macaristan\u2019da kar\u015f\u0131l\u0131kl\u0131 k\u00fclt\u00fcr y\u0131l\u0131 olarak kutlanaca\u011f\u0131n\u0131 a\u00e7\u0131klam\u0131\u015ft\u0131. Bu kutlamalar, iki \u00fclke halklar\u0131 aras\u0131nda k\u00fclt\u00fcrel al\u0131\u015fveri\u015fi ve anlay\u0131\u015f\u0131 te\u015fvik edecek etkinliklere ev sahipli\u011fi yapacak. Uzman Elektrik de Manavgat ad\u0131na bu k\u00fclt\u00fcr y\u0131l\u0131na destek veren ender firmalardan biri olarak dikkat \u00e7ekiyor.<\/p>\n\n\n\n<p><strong>Gelece\u011fe Yat\u0131r\u0131m<\/strong><\/p>\n\n\n\n<p>Uzman Elektrik\u2019in ev sahipli\u011fi yapt\u0131\u011f\u0131 bu ziyaret, yaln\u0131zca teknik bilgi al\u0131\u015fveri\u015fine de\u011fil, ayn\u0131 zamanda iki \u00fclke aras\u0131nda kal\u0131c\u0131 dostluk ve i\u015f birli\u011fi kurulmas\u0131na da hizmet ediyor. Hem e\u011fitim hem de k\u00fclt\u00fcr alan\u0131nda at\u0131lan bu ad\u0131mlar, gelecekte daha sa\u011flam bir ili\u015fki kurman\u0131n temellerini at\u0131yor.<\/p>\n\n\n\n<p>T\u00fcrkiye ve Macaristan aras\u0131ndaki ili\u015fkilerin g\u00fc\u00e7lenmesi, her iki \u00fclkenin de kar\u015f\u0131l\u0131kl\u0131 olarak fayda sa\u011flayaca\u011f\u0131 kal\u0131c\u0131 bir ortakl\u0131\u011f\u0131n ba\u015flang\u0131c\u0131 olabilir. Zira bu t\u00fcr projeler ve i\u015f birlikleri, \u00fclkeler aras\u0131nda bar\u0131\u015f\u00e7\u0131l ve yap\u0131c\u0131 ili\u015fkilerin geli\u015ftirilmesine \u00f6nemli katk\u0131lar sa\u011fl\u0131yor.<\/p>\n\n\n\n<p>B\u00fc\u015fra Deveci \/ Haber<\/p>\n","protected":false},"excerpt":{"rendered":"<p>Manavgat&#8217;ta bulunan k\u00f6kl\u00fc firmalardan olan Uzman Elektri\u011fi, bir Erasmus projesi kapsam\u0131nda Macaristan&#8217;dan gelen e\u011fitimciler ziyaret etti. Proje kapsam\u0131nda Macarsitan\u2019dan Szerencsi Szakk\u00e9pz\u00e9si Centrum\u2019un m\u00fcd\u00fcr\u00fc ve uzmanlar\u0131, <a href=\"https:\/\/akdenizhaber.com.tr\/index.php\/2024\/07\/25\/uzman-elektrik-macar-egitmenleri-agirladi\/\" class=\"read-more-link\">[more&#8230;]<\/a><\/p>\n","protected":false},"author":2,"featured_media":25222,"comment_status":"open","ping_status":"open","sticky":false,"template":"","format":"standard","meta":{"footnotes":""},"categories":[2],"tags":[],"class_list":["post-25221","post","type-post","status-publish","format-standard","has-post-thumbnail","hentry","category-gundem"],"_links":{"self":[{"href":"https:\/\/akdenizhaber.com.tr\/index.php\/wp-json\/wp\/v2\/posts\/25221","targetHints":{"allow":["GET"]}}],"collection":[{"href":"https:\/\/akdenizhaber.com.tr\/index.php\/wp-json\/wp\/v2\/posts"}],"about":[{"href":"https:\/\/akdenizhaber.com.tr\/index.php\/wp-json\/wp\/v2\/types\/post"}],"author":[{"embeddable":true,"href":"https:\/\/akdenizhaber.com.tr\/index.php\/wp-json\/wp\/v2\/users\/2"}],"replies":[{"embeddable":true,"href":"https:\/\/akdenizhaber.com.tr\/index.php\/wp-json\/wp\/v2\/comments?post=25221"}],"version-history":[{"count":1,"href":"https:\/\/akdenizhaber.com.tr\/index.php\/wp-json\/wp\/v2\/posts\/25221\/revisions"}],"predecessor-version":[{"id":25223,"href":"https:\/\/akdenizhaber.com.tr\/index.php\/wp-json\/wp\/v2\/posts\/25221\/revisions\/25223"}],"wp:featuredmedia":[{"embeddable":true,"href":"https:\/\/akdenizhaber.com.tr\/index.php\/wp-json\/wp\/v2\/media\/25222"}],"wp:attachment":[{"href":"https:\/\/akdenizhaber.com.tr\/index.php\/wp-json\/wp\/v2\/media?parent=25221"}],"wp:term":[{"taxonomy":"category","embeddable":true,"href":"https:\/\/akdenizhaber.com.tr\/index.php\/wp-json\/wp\/v2\/categories?post=25221"},{"taxonomy":"post_tag","embeddable":true,"href":"https:\/\/akdenizhaber.com.tr\/index.php\/wp-json\/wp\/v2\/tags?post=25221"}],"curies":[{"name":"wp","href":"https:\/\/api.w.org\/{rel}","templated":true}]}}