{"id":25174,"date":"2024-07-23T16:15:13","date_gmt":"2024-07-23T13:15:13","guid":{"rendered":"https:\/\/akdenizhaber.com.tr\/?p=25174"},"modified":"2024-07-23T16:15:14","modified_gmt":"2024-07-23T13:15:14","slug":"mayderden-tesekkur-plaketi","status":"publish","type":"post","link":"https:\/\/akdenizhaber.com.tr\/index.php\/2024\/07\/23\/mayderden-tesekkur-plaketi\/","title":{"rendered":"Mayder\u2019den Te\u015fekk\u00fcr Plaketi"},"content":{"rendered":"\n<p>Manavgat K\u00fclt\u00fcr ve Ya\u015fam Derne\u011fi (MAYDER) Ba\u015fkan\u0131 Ezgi Bah\u00e7ealt\u0131, Manavgat Kaymakaml\u0131\u011f\u0131 Engelliler Koordinat\u00f6r\u00fc \u0130\u015faret Dili Terc\u00fcman\u0131 ve E\u011fitmeni Guddusi Ayd\u0131n ile MAYDER \u00fcyeleri, Turizmci Side Square Otel sahibi \u0130\u015f \u0130nsan\u0131 Ferhat K\u0131l\u0131\u00e7\u2019a Mayder\u2019e desteklerinden dolay\u0131 te\u015fekk\u00fcr plaketi takdim edildi.<\/p>\n\n\n\n<p>Plaket takdimine Side Square Otel genel m\u00fcd\u00fcr\u00fc Okan Ali Akay\u2019da kat\u0131ld\u0131, y\u0131llard\u0131r il\u00e7emizde ya\u015fayan yabanc\u0131larla birlikte s\u00fcrekli \u00e7e\u015fitli, etkinlikler d\u00fczenlediklerini s\u00f6yleyen Mayder ba\u015fkan\u0131 Ezgi Bah\u00e7ealt\u0131, d\u00fczenledikleri etkinlere maddi &#8211; manevi destek sa\u011flayan i\u015f insanlar\u0131na te\u015fekk\u00fcr ederek \u0130\u015f \u0130nsan\u0131 turizmci Ferhat K\u0131l\u0131\u00e7\u2019a plaketini takdim etti.<\/p>\n\n\n\n<p>Samimi ve s\u0131cak havada ger\u00e7ekle\u015fen plaket takdiminde Ba\u015fkan Ezgi Bah\u00e7ealt\u0131, gelecek ad\u0131na projelerle ilgili \u0130\u015f \u0130nsan\u0131 Ferhat K\u0131l\u0131\u00e7\u2019\u0131 bilgilendirdi.<\/p>\n\n\n\n<p>Mayder Ba\u015fkan\u0131 Ezgi Bah\u00e7ealt\u0131, y\u0131llard\u0131r Mayder olarak gerek yurt i\u00e7i gerekse yurt d\u0131\u015f\u0131nda etkinlikleriyle \u00f6n saflarda yer almaktan b\u00fcy\u00fck gurur duyduklar\u0131n\u0131 ifade ederek \u015f\u00f6yle konu\u015ftu;<\/p>\n\n\n\n<p>\u201cMAYDER\u2019in ismi yurt genelinde oldu\u011fu gibi \u00fclke d\u0131\u015f\u0131nda da her ge\u00e7en g\u00fcn b\u00fcy\u00fcyerek geli\u015fiyor. MAYDER ailesi olarak bizler bu geli\u015fmelerden b\u00fcy\u00fck onur duyuyoruz. Ge\u00e7ti\u011fimiz s\u00fcre\u00e7te bir\u00e7ok nedenden dolay\u0131 proje ve etkinliklerimize ara vermi\u015ftik ge\u00e7ti\u011fimiz g\u00fcnlerde Ramazan ay\u0131 nedeniyle iftar yeme\u011fimizle birlikte yeniden proje ve etkinliklerimize start vermi\u015f bulunmaktay\u0131z. \u00d6n\u00fcm\u00fczdeki g\u00fcnlerde \u00e7ok yeni ve b\u00fcy\u00fck etkinliklerde birlikte olaca\u011f\u0131z. Son etkinli\u011fimizde maddi-manevi yan\u0131m\u0131zda yer alan Side Square otel sahibi \u0130\u015f insan\u0131 Ferhat K\u0131l\u0131\u00e7\u2019a desteklerinden dolay\u0131 y\u00fcrekten te\u015fekk\u00fcr ediyoruz\u201d dedi.<\/p>\n\n\n\n<p>HABER MERKEZ\u0130<\/p>\n","protected":false},"excerpt":{"rendered":"<p>Manavgat K\u00fclt\u00fcr ve Ya\u015fam Derne\u011fi (MAYDER) Ba\u015fkan\u0131 Ezgi Bah\u00e7ealt\u0131, Manavgat Kaymakaml\u0131\u011f\u0131 Engelliler Koordinat\u00f6r\u00fc \u0130\u015faret Dili Terc\u00fcman\u0131 ve E\u011fitmeni Guddusi Ayd\u0131n ile MAYDER \u00fcyeleri, Turizmci Side <a href=\"https:\/\/akdenizhaber.com.tr\/index.php\/2024\/07\/23\/mayderden-tesekkur-plaketi\/\" class=\"read-more-link\">[more&#8230;]<\/a><\/p>\n","protected":false},"author":2,"featured_media":25175,"comment_status":"open","ping_status":"open","sticky":false,"template":"","format":"standard","meta":{"footnotes":""},"categories":[2],"tags":[],"class_list":["post-25174","post","type-post","status-publish","format-standard","has-post-thumbnail","hentry","category-gundem"],"_links":{"self":[{"href":"https:\/\/akdenizhaber.com.tr\/index.php\/wp-json\/wp\/v2\/posts\/25174","targetHints":{"allow":["GET"]}}],"collection":[{"href":"https:\/\/akdenizhaber.com.tr\/index.php\/wp-json\/wp\/v2\/posts"}],"about":[{"href":"https:\/\/akdenizhaber.com.tr\/index.php\/wp-json\/wp\/v2\/types\/post"}],"author":[{"embeddable":true,"href":"https:\/\/akdenizhaber.com.tr\/index.php\/wp-json\/wp\/v2\/users\/2"}],"replies":[{"embeddable":true,"href":"https:\/\/akdenizhaber.com.tr\/index.php\/wp-json\/wp\/v2\/comments?post=25174"}],"version-history":[{"count":1,"href":"https:\/\/akdenizhaber.com.tr\/index.php\/wp-json\/wp\/v2\/posts\/25174\/revisions"}],"predecessor-version":[{"id":25176,"href":"https:\/\/akdenizhaber.com.tr\/index.php\/wp-json\/wp\/v2\/posts\/25174\/revisions\/25176"}],"wp:featuredmedia":[{"embeddable":true,"href":"https:\/\/akdenizhaber.com.tr\/index.php\/wp-json\/wp\/v2\/media\/25175"}],"wp:attachment":[{"href":"https:\/\/akdenizhaber.com.tr\/index.php\/wp-json\/wp\/v2\/media?parent=25174"}],"wp:term":[{"taxonomy":"category","embeddable":true,"href":"https:\/\/akdenizhaber.com.tr\/index.php\/wp-json\/wp\/v2\/categories?post=25174"},{"taxonomy":"post_tag","embeddable":true,"href":"https:\/\/akdenizhaber.com.tr\/index.php\/wp-json\/wp\/v2\/tags?post=25174"}],"curies":[{"name":"wp","href":"https:\/\/api.w.org\/{rel}","templated":true}]}}