{"id":25170,"date":"2024-07-22T16:05:34","date_gmt":"2024-07-22T13:05:34","guid":{"rendered":"https:\/\/akdenizhaber.com.tr\/?p=25170"},"modified":"2024-07-22T16:05:34","modified_gmt":"2024-07-22T13:05:34","slug":"meyad-genel-baskani-ismail-akgun-mobbing-insan-hakki-ihlalidir","status":"publish","type":"post","link":"https:\/\/akdenizhaber.com.tr\/index.php\/2024\/07\/22\/meyad-genel-baskani-ismail-akgun-mobbing-insan-hakki-ihlalidir\/","title":{"rendered":"Meyad Genel Ba\u015fkan\u0131 \u0130smail Akg\u00fcn;           \u2018Mobbing insan hakk\u0131 ihlalidir\u201d"},"content":{"rendered":"\n<p><\/p>\n\n\n\n<p><\/p>\n\n\n\n<p>Mobbing E\u011fitim Yard\u0131m Ara\u015ft\u0131rma Derne\u011fi (MEYAD) kurucusu ve genel ba\u015fkan\u0131 E\u011fitimci\/Yazar \u0130smail Akg\u00fcn ge\u00e7ti\u011fimiz hafta il\u00e7emizi ziyaret etti.<\/p>\n\n\n\n<p>Meyad Antalya il temsilcisi e\u011fitimci \u00c7a\u011flayan \u0130lk\u00f6\u011fretim okulu m\u00fcd\u00fcr\u00fc Ahmet \u0130yiol, Antalya \u0130l y\u00f6netim kurulu \u00fcyesi Bora Ayano\u011flu,Emekli polis Hac\u0131 Polat,\u0130\u015f insan\u0131 turizmci Ali \u00c7elik,Vergi dairesi emekli memur Cevdet Kantemur,Mali M\u00fc\u015favir G\u00fclseren \u00dcnal ve \u0130\u015f inans\u0131 Vedat Asilhan &nbsp;ile birlikte kahvalt\u0131da bir araya gelen \u0130smail Akg\u00fcn Mobbing sisteminin \u00f6nemine de\u011finerek bu konuda vatanda\u015flar\u0131n bilgilenmesi anlam\u0131nda yo\u011fun \u00e7al\u0131\u015fmalar yapt\u0131klar\u0131n\u0131 s\u00f6yledi.<\/p>\n\n\n\n<p><strong>Mobbing E\u011fitim Yard\u0131m Ara\u015ft\u0131rma Derne\u011fi (MEYAD) Genel Ba\u015fkan\u0131 \u0130smail Akg\u00fcn,<\/strong>&nbsp;dernek b\u00fcnyesinde yapt\u0131klar\u0131 \u00e7al\u0131\u015fmalar sonucu, T\u00fcrkiye&#8217;de y\u00fczde 40&#8217;\u0131n \u00fczerinde \u00e7al\u0131\u015fan\u0131n mobbinge maruz kald\u0131\u011f\u0131n\u0131 tespit ettiklerini, Mobbing neticesinde \u00e7al\u0131\u015fma hayat\u0131nda huzurun kalmad\u0131\u011f\u0131na dikkati \u00e7ekerek, bunun sonucunda sadece ki\u015finin etkilenmedi\u011fini belirtti.<\/p>\n\n\n\n<p>\u00c7al\u0131\u015fmalar\u0131n, mobbingin insan sa\u011fl\u0131\u011f\u0131n\u0131 ve psikolojisini bozdu\u011funu, bu durumun eve de yans\u0131d\u0131\u011f\u0131n\u0131 g\u00f6sterdi\u011fini dile getiren Akg\u00fcn, &#8220;Mobbing ma\u011fduru birey, ailedeki g\u00f6revini yerine getiremez duruma geliyor. Bu da kimi zaman bo\u015fanmalara, aile mutsuzluklar\u0131na kimi zaman da cinnet veya cinayetlere kadar ne yaz\u0131k ki gidebiliyor. Dolay\u0131s\u0131yla bunun \u00f6nlenmesi gerekiyor.&#8221; ifadelerini kulland\u0131.&nbsp;<\/p>\n\n\n\n<p>Akg\u00fcn, T\u00fcrkiye&#8217;nin \u00e7ok g\u00fc\u00e7l\u00fc olmas\u0131n\u0131 istediklerine vurgu yaparak, \u015f\u00f6yle devam etti:<\/p>\n\n\n\n<p>&#8220;\u00c7ok g\u00fc\u00e7l\u00fc olman\u0131n yollar\u0131 var. Onlardan biri, insan mutlulu\u011fudur. Bir de, kadim medeniyetimizde olan me\u015fveret k\u00fclt\u00fcr\u00fc var. \u015eu anda modern ad\u0131yla y\u00f6neti\u015fim diye bilinen kavram\u0131n T\u00fcrkiye&#8217;de hakim olmas\u0131n\u0131 istiyoruz. Y\u00f6neti\u015fimle \u00fclkemizin bir\u00e7ok sorununun daha iyi \u00e7\u00f6z\u00fclebilece\u011fine, \u00e7al\u0131\u015fan\u0131n kendini g\u00fcvende hissedip i\u015f yerlerinde huzurlu olaca\u011f\u0131na dolay\u0131s\u0131yla insana yara\u015f\u0131r bir i\u015f ortam\u0131yla da kalitenin artaca\u011f\u0131na inan\u0131yoruz. Bununla birlikte \u00e7al\u0131\u015fma hayat\u0131 daha iyi i\u015fleyecek ve ekonomiye de olumlu katk\u0131 olacak.&#8221;<\/p>\n\n\n\n<p><strong>Mobbing E\u011fitim Yard\u0131m Ara\u015ft\u0131rma Derne\u011fi (MEYAD) Genel Ba\u015fkan\u0131 \u0130smail Akg\u00fcn,<\/strong>&nbsp;&nbsp; \u201cMobbing\u201d terimi \u0130ngilizce \u201cto mob\u201d fiilinden t\u00fcretilmi\u015ftir ve \u201cd\u00fczensiz, kaba kalabal\u0131k, su\u00e7lu g\u00fcruhu\u201d anlam\u0131na gelmektedir. T\u00fcrk\u00e7e \u2019de \u201cy\u0131ld\u0131rma, bezdirme, psikolojik taciz\u201d olarak tan\u0131mlan\u0131r.&nbsp;<br>Mobbing terimi ilk kez, Alman bir etolog olan Lorenz taraf\u0131ndan, hayvan grup davran\u0131\u015flar\u0131n\u0131 tan\u0131mlamak i\u00e7in kullan\u0131lm\u0131\u015ft\u0131r. &nbsp;Stockholm \u00dcniversitesi\u2019nde profes\u00f6r olan Leymann, i\u015f yerlerindeki benzer davran\u0131\u015flar\u0131 nitelemek i\u00e7in ayn\u0131 terimi kulland\u0131\u011f\u0131nda terim g\u00fcn\u00fcm\u00fczde anlad\u0131\u011f\u0131m\u0131z ve dile getirdi\u011fimiz anlam\u0131na kavu\u015fmu\u015ftur. Leymann, ilk kez 1984\u2019te \u0130sve\u00e7\u2019te \u201c\u0130\u015f Hayat\u0131nda G\u00fcvenlik ve Sa\u011fl\u0131k\u201d konulu bir raporla kavram\u0131 me\u015frula\u015ft\u0131rm\u0131\u015f; 1993\u2019te \u0130sve\u00e7\u2019te \u00e7\u0131kar\u0131lan \u201c\u0130\u015fyerinde Ki\u015filerin Ma\u011fdur Edilmesi\u201d adl\u0131 kanunla da kavram ilk kez yasal nitelik kazanm\u0131\u015ft\u0131r.<br>Mobbing; i\u015fyerinde meydana gelen, bir ya da birka\u00e7 \u00e7al\u0131\u015fan\u0131n ba\u015fka bir ya da birka\u00e7 \u00e7al\u0131\u015fana uygulad\u0131\u011f\u0131 d\u00fc\u015fmanca tutum ve davran\u0131\u015flard\u0131r. Burada ama\u00e7, hedefteki ma\u011fdurun \u00e7aresiz hale getirilip, i\u015fyeriyle ba\u011f\u0131n\u0131n kesilmesini sa\u011flamakt\u0131r. Burada esas dikkat edilmesi gereken konu, davran\u0131\u015flar\u0131n tekrarlan\u0131r ve devaml\u0131l\u0131k g\u00f6sterir nitelikler ta\u015f\u0131mas\u0131d\u0131r.&nbsp;<br><strong>Mobbing E\u011fitim Yard\u0131m Ara\u015ft\u0131rma Derne\u011fi (MEYAD) Genel Ba\u015fkan\u0131 \u0130smail Akg\u00fcn,<\/strong>&nbsp;derne\u011fin kurulu\u015fundan bu yana \u00fclke genelinde \u00e7ok b\u00fcy\u00fck i\u015flere ima atmakla birlikte Mobbing sistemin anlatt\u0131klar\u0131n\u0131, anlatmaya devam ettiklerini ve i\u015flerin takip\u00e7isi olduklar\u0131n\u0131 dile getirdi.<\/p>\n\n\n\n<p>Genel Ba\u015fkan \u0130smail Akg\u00fcn s\u00f6zlerini \u015f\u00f6yle tamamlad\u0131;<\/p>\n\n\n\n<p>\u201c\u00d6ncelikle bir sorun varsa batakl\u0131\u011f\u0131 kurutmadan pansuman tedavinin asla \u00e7\u00f6z\u00fcm olmayaca\u011f\u0131 herkes taraf\u0131ndan bilinen bir ger\u00e7ektir. Biz \u00e7\u00f6z\u00fcm i\u00e7in ulusal ve uluslararas\u0131 d\u00fczenlemeler aramakla birlikte asl\u0131nda ULUSAL \u00c7\u00d6Z\u00dcM yolar\u0131n\u0131 \u0131srarla ve \u00f6nemle savunuyoruz. \u00c7\u00fcnk\u00fc Bat\u0131, \u00e7\u00f6z\u00fcm\u00fc kendi de\u011ferleri \u00fczerine kurmaktad\u0131r. Bu de\u011ferler bizim de\u011ferlerimizle \u00e7o\u011fu kez uyu\u015fmamaktad\u0131r. Ayr\u0131ca Bat\u0131, kendisi i\u00e7in insan haklar\u0131n\u0131 \u00f6nemsemektedir. S\u00f6z konusu ba\u015fkas\u0131 olunca umursamaz bir tutum sergilemekte ve hatta bazen hakl\u0131 bile g\u00f6rebilmektedir. Bu nedenle \u00e7\u00f6z\u00fcm \u00f6nerilerimizi \u015fu \u015fekilde arz etmek isterim;<br>1-Yap\u0131sal D\u00fczenlemeler<br>Her t\u00fcrl\u00fc atama, liyakat ve ehliyet esas al\u0131narak adalet ilkesi ile yap\u0131lmal\u0131d\u0131r.<br>\u0130\u015f tan\u0131mlar\u0131 a\u00e7\u0131k ve net olmal\u0131d\u0131r.<br>Kamu ve \u00f6zel sekt\u00f6rde y\u00fckselme kriterleri net, objektif ve adil olmal\u0131d\u0131r.<br>Y\u00f6neticiler, uzmanl\u0131klar\u0131n\u0131n yan\u0131 s\u0131ra \u201cinsan y\u00f6netimi\u201d konusunda \u00f6zel ve kapsaml\u0131 e\u011fitimden ge\u00e7irilmeli, y\u00f6netim anlay\u0131\u015f\u0131 yerine \u201cY\u00f6neti\u015fim\u201d anlay\u0131\u015f\u0131n\u0131 benimsemelidir.<br>Y\u00f6neticiler, tefti\u015f ve denetimin yan\u0131 s\u0131ra ba\u011f\u0131ms\u0131z denetim kurumlar\u0131nca denetime tabi tutulmal\u0131d\u0131rlar (Ombudsmanl\u0131k Kurumu, T\u00fcrkiye E\u015fitlik ve \u0130nsan Haklar\u0131 Kurumu gibi).<br>2-E\u011fitim ve Rehabilitasyon<br>\u0130\u015fe giri\u015fte ve her be\u015f y\u0131lda bir, oryantasyon e\u011fitimleri kapsam\u0131nda \u00abMobbing\u00bb e\u011fitimleri zorunlu olmal\u0131d\u0131r.<br>Mobbing ma\u011fdurlar\u0131 ve ailelerine rehabilitasyon deste\u011fi sa\u011flanmal\u0131d\u0131r.<br>3-\u015eik\u00e2yet Mekanizmas\u0131<br>Tarafs\u0131zl\u0131k ilkesi gere\u011fince \u015fik\u00e2yetler, T\u00fcrkiye \u0130nsan Haklar\u0131 ve E\u015fitlik Kurumunca, i\u015fin uzmanlar\u0131 taraf\u0131ndan objektif, adil ve h\u0131zl\u0131 incelenerek sonu\u00e7land\u0131r\u0131lmal\u0131d\u0131r.&nbsp;<br>4-\u00d6d\u00fcllendirme<br>Mobbing \u015fik\u00e2yeti gelmeyen kurum y\u00f6neticisine \u00f6d\u00fcl verilerek, MOBB\u0130NGS\u0130Z KURUM bayra\u011f\u0131 vb. sistem ile olay\u0131n \u00f6nemi vurgulanmal\u0131d\u0131r.<br>5-Yasal D\u00fczenlemeler<br>657 Say\u0131l\u0131 Devlet Memurlar\u0131 Kanunu ve 4857 Say\u0131l\u0131 \u0130\u015f Kanunu\u2019nda cayd\u0131r\u0131c\u0131 d\u00fczenlemeler yap\u0131lmal\u0131d\u0131r.<br>T\u00fcrk Ceza Kanunu\u2019nda (TCK) yap\u0131lacak d\u00fczenleme ile \u201cmobbing su\u00e7lar\u0131\u201d i\u00e7in hapis cezas\u0131 \u00f6ng\u00f6r\u00fclmelidir.<br>MOBB\u0130NG Yasas\u0131 \u00e7\u0131kar\u0131lmal\u0131d\u0131r.<br>6-Sivil Toplum Kurulu\u015flar\u0131<br>Kamu ve \u00f6zel sekt\u00f6r, sorunun \u00e7\u00f6z\u00fcm\u00fcne y\u00f6nelik MEYAD gibi \u201cBilimsel ve Teknik\u201d kurulu\u015flarla&nbsp;<strong>(STK) etkin i\u015fbirli\u011fi yap\u0131lmal\u0131d\u0131r\u201d<\/strong><\/p>\n\n\n\n<p><strong>\u0130smail Akg\u00fcn kimdir?&nbsp;<\/strong><\/p>\n\n\n\n<p>1970 Ad\u0131yaman do\u011fumludur. \u0130lkokulu k\u00f6y\u00fcnde okuduktan sonra devlet paras\u0131z yat\u0131l\u0131 okulu s\u0131nav\u0131n\u0131 kazanarak Ankara Hasano\u011flan Atat\u00fcrk \u00d6\u011fretmen Lisesi\u2019nde ortaokul ve lise \u00f6\u011frenimini yapm\u0131\u015f, ard\u0131ndan s\u0131n\u0131f \u00f6\u011fretmenli\u011fi, T\u00fcrk\u00e7e \u00d6\u011fretmenli\u011fi b\u00f6l\u00fcm\u00fcn\u00fc tamamlad\u0131ktan sonra yurdun de\u011fi\u015fik yerlerinde \u00f6\u011fretmen olarak g\u00f6rev yapm\u0131\u015ft\u0131r.<\/p>\n\n\n\n<p>&nbsp;Bu s\u0131rada \u201cuzman \u00f6\u011fretmen\u201d ve \u201cbilgisayar format\u00f6r \u00f6\u011fretmen\u201d unvanlar\u0131n\u0131 da alm\u0131\u015ft\u0131r. Bu s\u00fcre i\u00e7erisinde 15 y\u0131l \u00f6\u011fretmenlik, 4 y\u0131l kadar sosyal hizmetler il m\u00fcd\u00fcr\u00fc olarak g\u00f6rev yapm\u0131\u015ft\u0131r. Halen \u00c7SGB\u2019de uzman olarak g\u00f6rev yapmakta ve \u201c\u0130\u015fletme Y\u00f6netim ve Organizasyon\u201d alan\u0131nda y\u00fcksek lisans yapm\u0131\u015ft\u0131r. Bu s\u0131rada mobbing \u00fczerine \u00f6nemli \u00e7al\u0131\u015fmalar yaparak \u201cmobbing uzman\u0131\u201d olmu\u015f, \u00e7al\u0131\u015fmalar\u0131na devam etmektedir.&nbsp;<\/p>\n\n\n\n<p>B\u00fc\u015fra Deveci \/ Haber<\/p>\n","protected":false},"excerpt":{"rendered":"<p>Mobbing E\u011fitim Yard\u0131m Ara\u015ft\u0131rma Derne\u011fi (MEYAD) kurucusu ve genel ba\u015fkan\u0131 E\u011fitimci\/Yazar \u0130smail Akg\u00fcn ge\u00e7ti\u011fimiz hafta il\u00e7emizi ziyaret etti. Meyad Antalya il temsilcisi e\u011fitimci \u00c7a\u011flayan \u0130lk\u00f6\u011fretim <a href=\"https:\/\/akdenizhaber.com.tr\/index.php\/2024\/07\/22\/meyad-genel-baskani-ismail-akgun-mobbing-insan-hakki-ihlalidir\/\" class=\"read-more-link\">[more&#8230;]<\/a><\/p>\n","protected":false},"author":2,"featured_media":25171,"comment_status":"open","ping_status":"open","sticky":false,"template":"","format":"standard","meta":{"footnotes":""},"categories":[2],"tags":[],"class_list":["post-25170","post","type-post","status-publish","format-standard","has-post-thumbnail","hentry","category-gundem"],"_links":{"self":[{"href":"https:\/\/akdenizhaber.com.tr\/index.php\/wp-json\/wp\/v2\/posts\/25170","targetHints":{"allow":["GET"]}}],"collection":[{"href":"https:\/\/akdenizhaber.com.tr\/index.php\/wp-json\/wp\/v2\/posts"}],"about":[{"href":"https:\/\/akdenizhaber.com.tr\/index.php\/wp-json\/wp\/v2\/types\/post"}],"author":[{"embeddable":true,"href":"https:\/\/akdenizhaber.com.tr\/index.php\/wp-json\/wp\/v2\/users\/2"}],"replies":[{"embeddable":true,"href":"https:\/\/akdenizhaber.com.tr\/index.php\/wp-json\/wp\/v2\/comments?post=25170"}],"version-history":[{"count":1,"href":"https:\/\/akdenizhaber.com.tr\/index.php\/wp-json\/wp\/v2\/posts\/25170\/revisions"}],"predecessor-version":[{"id":25172,"href":"https:\/\/akdenizhaber.com.tr\/index.php\/wp-json\/wp\/v2\/posts\/25170\/revisions\/25172"}],"wp:featuredmedia":[{"embeddable":true,"href":"https:\/\/akdenizhaber.com.tr\/index.php\/wp-json\/wp\/v2\/media\/25171"}],"wp:attachment":[{"href":"https:\/\/akdenizhaber.com.tr\/index.php\/wp-json\/wp\/v2\/media?parent=25170"}],"wp:term":[{"taxonomy":"category","embeddable":true,"href":"https:\/\/akdenizhaber.com.tr\/index.php\/wp-json\/wp\/v2\/categories?post=25170"},{"taxonomy":"post_tag","embeddable":true,"href":"https:\/\/akdenizhaber.com.tr\/index.php\/wp-json\/wp\/v2\/tags?post=25170"}],"curies":[{"name":"wp","href":"https:\/\/api.w.org\/{rel}","templated":true}]}}