{"id":25167,"date":"2024-07-22T16:03:48","date_gmt":"2024-07-22T13:03:48","guid":{"rendered":"https:\/\/akdenizhaber.com.tr\/?p=25167"},"modified":"2024-07-22T16:03:49","modified_gmt":"2024-07-22T13:03:49","slug":"yksde-manavgat-ozel-fark-lisesi-gururlandirdi","status":"publish","type":"post","link":"https:\/\/akdenizhaber.com.tr\/index.php\/2024\/07\/22\/yksde-manavgat-ozel-fark-lisesi-gururlandirdi\/","title":{"rendered":"YKS\u2019de Manavgat \u00d6zel Fark Lisesi Gururland\u0131rd\u0131!"},"content":{"rendered":"\n<p>YKS S\u0131nav sonu\u00e7lar\u0131 a\u00e7\u0131kland\u0131. Manavgat\u2019ta dereceye yapan ilk 10 \u00f6\u011frencinin 4&#8217;\u00fc Fark Koleji k\u00f6kenli \u00e7\u0131kt\u0131.<\/p>\n\n\n\n<p>MANAVGAT\u2019TA YKS BA\u015eARISIYLA PARLAYAN \u00d6\u011eRENC\u0130LER!<\/p>\n\n\n\n<p>2024 YKS sonu\u00e7lar\u0131na g\u00f6re; Nam\u0131k Karamanc\u0131 Fen Lisesi \u00f6\u011frencisi Durukan \u00c7ift\u00e7i, Say\u0131sal T\u00fcrkiye 23\u2019\u00fcnc\u00fcs\u00fc, olarak Manavgat e\u011fitim camias\u0131n\u0131n gururu oldu. \u00d6zel Fark Anadolu Lisesi\u2019nin \u00f6\u011frencisi Ilg\u0131n Y\u0131ld\u0131r\u0131m ise E\u015fit A\u011f\u0131rl\u0131k T\u00fcrkiye 109.\u2019su, Muhsin Berat Yi\u011fit, E\u015fit A\u011f\u0131rl\u0131k T\u00fcrkiye 491\u2019incisi, oldu. \u00d6zel Fark Anadolu Lisesi\u2019nin 2024 YKS ba\u015far\u0131s\u0131 sadece bu isimlerden ibaret de\u011fil. Say\u0131sal puan t\u00fcr\u00fcnde Mehmet \u00c7a\u011f\u0131n Y\u0131ld\u0131r\u0131m T\u00fcrkiye 3339 uncusu olurken, Dil puan t\u00fcr\u00fcnde Elif Ate\u015f\u2019te T\u00fcrkiye 1291\u2019incisi oldu.<\/p>\n\n\n\n<p>MANAVGAT \u00d6ZEL FARK ANADOLU L\u0130SES\u0130\u2019NDEN YKS\u2019DE %100 BA\u015eARI!<\/p>\n\n\n\n<p>Ku\u015fkusuz hi\u00e7 bir ba\u015far\u0131 tesad\u00fcf de\u011fil. \u00d6\u011frenci veli ve \u00f6\u011fretmen \u00fc\u00e7geninde ya\u015fam bulan ekip \u00e7al\u0131\u015fmas\u0131nda okullar\u0131n deneyimli e\u011fitim kadrolar\u0131n\u0131n pay\u0131 b\u00fcy\u00fck. E\u011fitim duayeni Ramazan Ate\u015f liderli\u011finde ba\u015far\u0131n\u0131n adeta bir gelenek halini ald\u0131\u011f\u0131 Manavgat \u00d6zel Fark Anadolu Lisesi\u2019in de \u00fcniversite s\u0131nav\u0131na haz\u0131rlanan 35 \u00f6\u011frencinin tamam\u0131 4 y\u0131ll\u0131k fak\u00fclteler i\u00e7in tercih yapma hakk\u0131 kazand\u0131.<\/p>\n\n\n\n<p>2024 YKS SONU\u00c7LARINA G\u00d6RE;<\/p>\n\n\n\n<p>Nam\u0131k Karamanc\u0131 Fen Lisesi \u00f6\u011frencileri; Arda Ar\u0131, Say\u0131sal T\u00fcrkiye 291. \u2018si, Ozan \u015eeker, Dil T\u00fcrkiye 374.\u2019s\u00fc, Zeynep Biber, S\u00f6zel T\u00fcrkiye 381.\u2019si, Duygu Bulut, Dil T\u00fcrkiye 486.\u2019s\u0131, Mehmet Boyac\u0131, Say\u0131sal T\u00fcrkiye 502.\u2019si, Ferdane Ya\u011fmur Top, Dil T\u00fcrkiye 686.\u2019s\u0131, oldu.<\/p>\n\n\n\n<p>\u00c7a\u011flayan Anadolu Lisesi \u00f6\u011frencisi; Nilsu Ayd\u0131n, E\u015fit A\u011f\u0131rl\u0131k T\u00fcrkiye 690.\u2019s\u0131 oldu.<\/p>\n\n\n\n<p>Haber Merkezi<\/p>\n","protected":false},"excerpt":{"rendered":"<p>YKS S\u0131nav sonu\u00e7lar\u0131 a\u00e7\u0131kland\u0131. Manavgat\u2019ta dereceye yapan ilk 10 \u00f6\u011frencinin 4&#8217;\u00fc Fark Koleji k\u00f6kenli \u00e7\u0131kt\u0131. MANAVGAT\u2019TA YKS BA\u015eARISIYLA PARLAYAN \u00d6\u011eRENC\u0130LER! 2024 YKS sonu\u00e7lar\u0131na g\u00f6re; Nam\u0131k <a href=\"https:\/\/akdenizhaber.com.tr\/index.php\/2024\/07\/22\/yksde-manavgat-ozel-fark-lisesi-gururlandirdi\/\" class=\"read-more-link\">[more&#8230;]<\/a><\/p>\n","protected":false},"author":2,"featured_media":25168,"comment_status":"open","ping_status":"open","sticky":false,"template":"","format":"standard","meta":{"footnotes":""},"categories":[2],"tags":[],"class_list":["post-25167","post","type-post","status-publish","format-standard","has-post-thumbnail","hentry","category-gundem"],"_links":{"self":[{"href":"https:\/\/akdenizhaber.com.tr\/index.php\/wp-json\/wp\/v2\/posts\/25167","targetHints":{"allow":["GET"]}}],"collection":[{"href":"https:\/\/akdenizhaber.com.tr\/index.php\/wp-json\/wp\/v2\/posts"}],"about":[{"href":"https:\/\/akdenizhaber.com.tr\/index.php\/wp-json\/wp\/v2\/types\/post"}],"author":[{"embeddable":true,"href":"https:\/\/akdenizhaber.com.tr\/index.php\/wp-json\/wp\/v2\/users\/2"}],"replies":[{"embeddable":true,"href":"https:\/\/akdenizhaber.com.tr\/index.php\/wp-json\/wp\/v2\/comments?post=25167"}],"version-history":[{"count":1,"href":"https:\/\/akdenizhaber.com.tr\/index.php\/wp-json\/wp\/v2\/posts\/25167\/revisions"}],"predecessor-version":[{"id":25169,"href":"https:\/\/akdenizhaber.com.tr\/index.php\/wp-json\/wp\/v2\/posts\/25167\/revisions\/25169"}],"wp:featuredmedia":[{"embeddable":true,"href":"https:\/\/akdenizhaber.com.tr\/index.php\/wp-json\/wp\/v2\/media\/25168"}],"wp:attachment":[{"href":"https:\/\/akdenizhaber.com.tr\/index.php\/wp-json\/wp\/v2\/media?parent=25167"}],"wp:term":[{"taxonomy":"category","embeddable":true,"href":"https:\/\/akdenizhaber.com.tr\/index.php\/wp-json\/wp\/v2\/categories?post=25167"},{"taxonomy":"post_tag","embeddable":true,"href":"https:\/\/akdenizhaber.com.tr\/index.php\/wp-json\/wp\/v2\/tags?post=25167"}],"curies":[{"name":"wp","href":"https:\/\/api.w.org\/{rel}","templated":true}]}}