{"id":25111,"date":"2024-07-18T16:54:41","date_gmt":"2024-07-18T13:54:41","guid":{"rendered":"https:\/\/akdenizhaber.com.tr\/?p=25111"},"modified":"2024-07-18T16:54:41","modified_gmt":"2024-07-18T13:54:41","slug":"aile","status":"publish","type":"post","link":"https:\/\/akdenizhaber.com.tr\/index.php\/2024\/07\/18\/aile\/","title":{"rendered":"A\u0130LE"},"content":{"rendered":"\n<p>G\u00fcnayd\u0131n g\u00fczel insanlar\u2026<br>Aile i\u00e7erisinde bir b\u00fct\u00fcn olmak bir\u00e7ok a\u00e7\u0131dan olduk\u00e7a \u00f6nemlidir. Aile olarak bir b\u00fct\u00fcn olman\u0131n \u00f6nemi, bireylerin hem duygusal hem de sosyal geli\u015fimleri \u00fczerinde b\u00fcy\u00fck bir etkiye sahiptir. Aile birli\u011fi; sevgi, destek, g\u00fcven ve aidiyet duygular\u0131n\u0131 peki\u015ftirir. Gelin aile olarak b\u00fct\u00fcn olman\u0131n \u00f6nemli y\u00f6nlerine birlikte g\u00f6z atal\u0131m. Aile \u00fcyeleri birbirlerine zor zamanlarda destek olabilir, duygusal y\u00fcklerini hafifletebilir. Bu destek, stres ve anksiyete ile ba\u015fa \u00e7\u0131kmada yard\u0131mc\u0131 olur. Ayn\u0131 zamanda aile, g\u00fcven duygusunun geli\u015fti\u011fi en \u00f6nemli yap\u0131d\u0131r. G\u00fcven ise \u00e7ocuklar\u0131n sa\u011fl\u0131kl\u0131 bir \u015fekilde b\u00fcy\u00fcmeleri i\u00e7in olduk\u00e7a \u00f6nemlidir. Aileler, \u00e7ocuklar\u0131na de\u011ferler, ahlaki prensipler ve toplumsal kurallar hakk\u0131nda rehberlik eder. Bu durum, bireylerin toplum i\u00e7inde sorumlu ve bilin\u00e7li bireyler olarak yeti\u015fmelerine katk\u0131 sa\u011flar. Aile i\u00e7inde bireyler, ileti\u015fim, i\u015fbirli\u011fi ve problem \u00e7\u00f6zme becerilerini geli\u015ftirirler. Bu beceriler, sosyal hayatlar\u0131nda ve i\u015f hayatlar\u0131nda ba\u015far\u0131l\u0131 olmalar\u0131na yard\u0131mc\u0131 olur. Aile i\u00e7inde sevgi ve ba\u011fl\u0131l\u0131k, bireylerin genel mutluluk ve ya\u015fam tatminini art\u0131r\u0131r. Sa\u011fl\u0131kl\u0131 aile ili\u015fkileri, bireylerin ya\u015famlar\u0131n\u0131 daha olumlu ve anlaml\u0131 g\u00f6rmelerine yard\u0131mc\u0131 olur. Aileler, kriz anlar\u0131nda birbirlerine destek olarak daha g\u00fc\u00e7l\u00fc bir \u015fekilde bu d\u00f6nemleri atlatabilirler. Birlikte hareket etmek, sorunlar\u0131n \u00fcstesinden gelmeyi kolayla\u015ft\u0131r\u0131r. Aile olarak bir b\u00fct\u00fcn olman\u0131n bu ve benzeri bir\u00e7ok yarar\u0131, bireylerin ve toplumun sa\u011fl\u0131kl\u0131, mutlu ve dengeli bir \u015fekilde geli\u015fmesine katk\u0131 sa\u011flar.<\/p>\n\n\n\n<p>ESRA \u0130\u00c7G\u00d6Z<\/p>\n","protected":false},"excerpt":{"rendered":"<p>G\u00fcnayd\u0131n g\u00fczel insanlar\u2026Aile i\u00e7erisinde bir b\u00fct\u00fcn olmak bir\u00e7ok a\u00e7\u0131dan olduk\u00e7a \u00f6nemlidir. Aile olarak bir b\u00fct\u00fcn olman\u0131n \u00f6nemi, bireylerin hem duygusal hem de sosyal geli\u015fimleri \u00fczerinde <a href=\"https:\/\/akdenizhaber.com.tr\/index.php\/2024\/07\/18\/aile\/\" class=\"read-more-link\">[more&#8230;]<\/a><\/p>\n","protected":false},"author":2,"featured_media":0,"comment_status":"open","ping_status":"open","sticky":false,"template":"","format":"standard","meta":{"footnotes":""},"categories":[1],"tags":[],"class_list":["post-25111","post","type-post","status-publish","format-standard","hentry","category-blog"],"_links":{"self":[{"href":"https:\/\/akdenizhaber.com.tr\/index.php\/wp-json\/wp\/v2\/posts\/25111","targetHints":{"allow":["GET"]}}],"collection":[{"href":"https:\/\/akdenizhaber.com.tr\/index.php\/wp-json\/wp\/v2\/posts"}],"about":[{"href":"https:\/\/akdenizhaber.com.tr\/index.php\/wp-json\/wp\/v2\/types\/post"}],"author":[{"embeddable":true,"href":"https:\/\/akdenizhaber.com.tr\/index.php\/wp-json\/wp\/v2\/users\/2"}],"replies":[{"embeddable":true,"href":"https:\/\/akdenizhaber.com.tr\/index.php\/wp-json\/wp\/v2\/comments?post=25111"}],"version-history":[{"count":1,"href":"https:\/\/akdenizhaber.com.tr\/index.php\/wp-json\/wp\/v2\/posts\/25111\/revisions"}],"predecessor-version":[{"id":25112,"href":"https:\/\/akdenizhaber.com.tr\/index.php\/wp-json\/wp\/v2\/posts\/25111\/revisions\/25112"}],"wp:attachment":[{"href":"https:\/\/akdenizhaber.com.tr\/index.php\/wp-json\/wp\/v2\/media?parent=25111"}],"wp:term":[{"taxonomy":"category","embeddable":true,"href":"https:\/\/akdenizhaber.com.tr\/index.php\/wp-json\/wp\/v2\/categories?post=25111"},{"taxonomy":"post_tag","embeddable":true,"href":"https:\/\/akdenizhaber.com.tr\/index.php\/wp-json\/wp\/v2\/tags?post=25111"}],"curies":[{"name":"wp","href":"https:\/\/api.w.org\/{rel}","templated":true}]}}