{"id":25098,"date":"2024-07-18T16:29:12","date_gmt":"2024-07-18T13:29:12","guid":{"rendered":"https:\/\/akdenizhaber.com.tr\/?p=25098"},"modified":"2024-07-18T16:29:13","modified_gmt":"2024-07-18T13:29:13","slug":"akdeniz-universitesi-gelecegin-yapay-zeka-muhendislerini-yetistirecek","status":"publish","type":"post","link":"https:\/\/akdenizhaber.com.tr\/index.php\/2024\/07\/18\/akdeniz-universitesi-gelecegin-yapay-zeka-muhendislerini-yetistirecek\/","title":{"rendered":"Akdeniz \u00dcniversitesi gelece\u011fin Yapay Zek\u00e2 M\u00fchendislerini yeti\u015ftirecek"},"content":{"rendered":"\n<p>Akdeniz \u00dcniversitesi\u2019nde Yapay Zek\u00e2 ve Veri M\u00fchendisli\u011fi B\u00f6l\u00fcm\u00fc a\u00e7\u0131ld\u0131. Bu y\u0131l ilk \u00f6\u011frencilerini alacak olan b\u00f6l\u00fcm, yetkin akademik kadrosu, zengin ara\u015ft\u0131rma alt yap\u0131s\u0131, \u00e7ift anadal ve kamp\u00fcste staj imk\u00e2nlar\u0131 ile gelece\u011fin yapay zek\u00e2 m\u00fchendislerini yeti\u015ftirecek.<\/p>\n\n\n\n<p>Akdeniz \u00dcniversitesi\u2019nin yenilik\u00e7i ve gelece\u011fi \u015fekillendiren e\u011fitim imk\u00e2nlar\u0131na bir yenisi daha eklendi. M\u00fchendislik Fak\u00fcltesine gelece\u011fin mesleklerinden olan Yapay Zeka ve Veri M\u00fchendisli\u011fi B\u00f6l\u00fcm\u00fc a\u00e7\u0131ld\u0131. Bu y\u0131l ilk \u00f6\u011frencilerini alacak b\u00f6l\u00fcm\u00fcn otuz ki\u015filik kontenjan\u0131 bulunuyor. Yapay Zeka ve Veri M\u00fchendisli\u011fi B\u00f6l\u00fcm\u00fc \u00e7ift anadal imkan\u0131, y\u00fczde y\u00fcz \u0130ngilizce e\u011fitimi, geli\u015fmi\u015f laboratuvarlar\u0131 ve yeni nesil staj imkanlar\u0131 ile \u00f6ne \u00e7\u0131k\u0131yor.<\/p>\n\n\n\n<p>\u00c7\u0130FT ANADAL \u0130MK\u00c2NI<\/p>\n\n\n\n<p>Yapay Zek\u00e2 ve Veri M\u00fchendisli\u011fi B\u00f6l\u00fcm\u00fc ile ilgili bilgi veren Bilgisayar M\u00fchendisli\u011fi B\u00f6l\u00fcm Ba\u015fkan\u0131 Prof. Dr. \u00dcmit Deniz Ulu\u015far, \u201cAkdeniz \u00dcniversitesi olarak bu y\u0131l T\u00fcrkiye\u2019deki say\u0131l\u0131 b\u00f6l\u00fcmlerden bir tanesi olan Yapay Zeka ve Veri M\u00fchendisli\u011fi b\u00f6l\u00fcm\u00fcn\u00fc a\u00e7t\u0131k. 30 \u00f6\u011frenci alaca\u011f\u0131z. Bu anlamda T\u00fcrkiye\u2019deki ilklerden birini ger\u00e7ekle\u015ftiriyoruz. B\u00f6l\u00fcm\u00fcm\u00fcz y\u00fczde y\u00fcz \u0130ngilizce dilinde e\u011fitim vermekte. Bu anlamda, Akdeniz \u00dcniversitesi\u2019ndeki say\u0131l\u0131 b\u00f6l\u00fcmlerden bir tanesi. Gelen \u00f6\u011frencilerimiz Bilgisayar M\u00fchendisli\u011fi \u00f6\u011frencileriyle birlikte hemen hemen ayn\u0131 ders i\u00e7erikleriyle ayn\u0131 hocalardan dersler alacak. Bu da \u00e7ift anadal se\u00e7ene\u011fi sunarak \u00e7ift diploma verme imk\u00e2n\u0131 sa\u011fl\u0131yor bizlere. B\u00f6ylece Bilgisayar M\u00fchendisli\u011fine gelen \u00f6\u011frencilerin Yapay Zek\u00e2 Veri M\u00fchendisli\u011fi B\u00f6l\u00fcm\u00fcnden diploma alma ve benzer \u015fekilde Yapay Zek\u00e2 Veri M\u00fchendisli\u011fi B\u00f6l\u00fcm\u00fcne gelen \u00f6\u011frencilerin de Bilgisayar M\u00fchendisli\u011fi diplomas\u0131 alma imk\u00e2n\u0131 olacak.\u201d diye konu\u015ftu.<\/p>\n\n\n\n<p>KAL\u0130TEL\u0130 E\u011e\u0130T\u0130M, GEL\u0130\u015eM\u0130\u015e LABORATUVARLAR<\/p>\n\n\n\n<p>B\u00f6l\u00fcm\u00fcn zengin imk\u00e2nlara sahip oldu\u011funu belirten Prof. Dr. \u00dcmit Deniz Ulu\u015far \u201cB\u00f6l\u00fcm\u00fcm\u00fcz olduk\u00e7a gen\u00e7 bir b\u00f6l\u00fcm. \u0130ki profes\u00f6r, \u00fc\u00e7 do\u00e7ent, d\u00f6rt doktor \u00f6\u011fretim \u00fcyesinden olu\u015fan bir ekibimiz var. Dokuz tane de ara\u015ft\u0131rma g\u00f6revlimiz bulunuyor. Laboratuvar imk\u00e2nlar\u0131m\u0131z olduk\u00e7a geni\u015f. \u00d6\u011frencilerimizin birlikte \u00e7al\u0131\u015fabildi\u011fi y\u00fcksek h\u0131zl\u0131 hesaplama ve veri merkezi, yaz\u0131l\u0131m geli\u015ftirme laboratuvarlar\u0131m\u0131z bulunuyor. Bilgisayar M\u00fchendisli\u011fi B\u00f6l\u00fcm\u00fc olarak M\u00dcDEK akreditasyonumuz var. Bu akreditasyon da \u00e7ok kaliteli, d\u00fcnya standard\u0131nda bir e\u011fitim verdi\u011fimizi g\u00f6steriyor.\u201d \u015feklinde konu\u015ftu.<\/p>\n\n\n\n<p>ULUSAL VE ULUSLARARASI \u0130\u015e B\u0130RL\u0130KLER\u0130<\/p>\n\n\n\n<p>Fak\u00fcltede disiplinler aras\u0131 bir e\u011fitim ve ara\u015ft\u0131rma ortam\u0131 oldu\u011fundan bahseden Prof. Dr. \u00dcmit Deniz Ulu\u015far bir\u00e7ok b\u00f6l\u00fcm ile disiplinler aras\u0131 i\u015f birli\u011fi i\u00e7inde olduklar\u0131n\u0131, T\u0131p Fak\u00fcltesi, Di\u015f Hekimli\u011fi, Turizm Fak\u00fcltesi ile \u00e7e\u015fitli alanlarda projeler yapt\u0131klar\u0131n\u0131 s\u00f6yledi. B\u00f6l\u00fcm olarak uluslararas\u0131 alanda da g\u00fc\u00e7l\u00fc ba\u011flant\u0131lar\u0131n\u0131n oldu\u011funa de\u011finen Prof. Dr. Ulu\u015far \u201cB\u00f6l\u00fcm\u00fcm\u00fczde aktif olarak yurtd\u0131\u015f\u0131nda bulunan \u00fcniversitelerle de i\u015f birli\u011fimiz bulunuyor. Erasmus program\u0131 kapsam\u0131nda, \u00fcniversitedeki en fazla say\u0131da Erasmus anla\u015fmas\u0131na sahip b\u00f6l\u00fcmlerinden bir tanesiyiz. \u00d6\u011frencilerimize yurt d\u0131\u015f\u0131 imk\u00e2nlar\u0131 sa\u011flama konusunda aktif olarak destek veriyoruz.\u201d dedi.<\/p>\n\n\n\n<p>G\u00dc\u00c7L\u00dc ARGE ALTYAPISI<\/p>\n\n\n\n<p>Yapay zek\u00e2 alan\u0131nda ara\u015ft\u0131rma geli\u015ftirme \u00e7al\u0131\u015fmalar\u0131nda da T\u00fcrkiye\u2019deki say\u0131l\u0131 \u00fcniversitelerden biri olduklar\u0131na vurgu yapan Prof. Dr. \u00dcmit Deniz Ulu\u015far \u201cT\u00fcrkiye\u2019de bu y\u0131l T\u00dcB\u0130TAK taraf\u0131ndan onaylanan 18 adet Yapay Zek\u00e2 Ekosistemi Olu\u015fturma projesinin 2 tanesi b\u00f6l\u00fcm hocalar\u0131m\u0131z taraf\u0131ndan y\u00fcr\u00fct\u00fcl\u00fcyor. Bu projelerde, \u00f6zellikle turizm ve ta\u015f\u0131mac\u0131l\u0131k sekt\u00f6rlerinde T\u00fcrkiye\u2019nin bu alanda tan\u0131nm\u0131\u015f firmalar\u0131yla ortak proje y\u00fcr\u00fct\u00fcyoruz. T\u00dcB\u0130TAK Yapay Zek\u00e2 Enstit\u00fcs\u00fc de partnerlerimizden bir tanesi. \u201d ifadelerini kulland\u0131.&nbsp;<\/p>\n\n\n\n<p>KAMP\u00dcSTE STAJ \u0130MK\u00c2NI<\/p>\n\n\n\n<p>B\u00f6l\u00fcmde uygulanan yeni nesil staj program\u0131n\u0131 anlatan Prof. Dr. \u00dcmit Deniz Ulu\u015far \u201cT\u00fcrkiye&#8217;deki ilklerden bir tanesi olan kamp\u00fcste staj imk\u00e2n\u0131 \u015feklinde bir yeni bir program\u0131m\u0131z var, \u00fc\u00e7 y\u0131ld\u0131r y\u00fcr\u00fct\u00fcyoruz. \u00d6\u011frenciler i\u00e7in staj yeri bulmas\u0131 ger\u00e7ekten b\u00fcy\u00fck bir problem. Stajlar\u0131n genelde kalitesi \u00e7ok iyi olmuyor. Bunu \u00e7\u00f6zmek amac\u0131yla mesle\u011fimiz de \u00e7ok uygun oldu\u011fu i\u00e7in firmalar\u0131 kamp\u00fcs ortam\u0131na \u00e7a\u011f\u0131r\u0131yoruz. Burada kendilerine \u00f6zel bir yer veriyoruz. 15 ki\u015filik gruplar haz\u0131rl\u0131yoruz. 4 ya da 5 tane firmay\u0131 \u00e7a\u011f\u0131r\u0131yoruz, bu sayede 60-75 \u00f6\u011frencimize kamp\u00fcs ortam\u0131nda staj yapma imk\u00e2n\u0131 sa\u011fl\u0131yoruz.\u201d dedi.&nbsp;<\/p>\n\n\n\n<p>YAPAY ZEK\u00c2 GELECE\u011e\u0130N MESLE\u011e\u0130<\/p>\n\n\n\n<p>Tercih d\u00f6nemindeki \u00f6\u011frencilere seslenen ve \u00f6zellikle yapay zek\u00e2 alan\u0131n\u0131 d\u00fc\u015f\u00fcnen \u00f6\u011frencileri Akdeniz \u00dcniversitesi\u2019ne davet eden Prof. Dr. \u00dcmit Deniz Ulu\u015far \u201cYapay zek\u00e2 m\u00fchendisli\u011fi gelece\u011fin mesle\u011fi, bir\u00e7ok i\u015fin daha h\u0131zl\u0131, daha verimli ve daha kolay yap\u0131labilmesini sa\u011fl\u0131yor. Hayat\u0131m\u0131z\u0131n her alan\u0131na girdi. Otonom ara\u00e7lardan ak\u0131ll\u0131 sistemlere, g\u00f6r\u00fcnt\u00fc i\u015flemeden ki\u015fisel asistanlara kadar bir\u00e7ok alanda kullan\u0131l\u0131yor. Bu anlamda \u00fclkemizde yapay zeka teknolojilerini kullanarak problem \u00e7\u00f6zebilen m\u00fchendislere olan a\u00e7\u0131\u011f\u0131 kapatacak b\u00f6l\u00fcm\u00fcm\u00fcze herkesi bekliyoruz.\u201d dedi.<\/p>\n\n\n\n<p>ZENG\u0130N \u0130MK\u00c2NLARIYLA E\u015eS\u0130Z \u015eEH\u0130R VE KAMP\u00dcS<\/p>\n\n\n\n<p>Antalya\u2019n\u0131n ve Akdeniz \u00dcniversitesi\u2019nin zengin imk\u00e2nlar\u0131ndan da bahseden Prof. Dr. Ulu\u015far \u201c\u00c7ok g\u00fczel bir kamp\u00fcs\u00fcm\u00fcz var. Antalya&#8217;n\u0131n merkezinde, ula\u015f\u0131m imk\u00e2nlar\u0131 \u00e7ok geli\u015fmi\u015f. D\u00fcnyan\u0131n \u00e7ok say\u0131da \u00fclkesine direkt u\u00e7u\u015fu olan bir \u015fehir. Konaklama imk\u00e2nlar\u0131 olduk\u00e7a geli\u015fmi\u015f durumda. \u0130\u015f imk\u00e2nlar\u0131, \u00f6zellikle turizm sekt\u00f6r\u00fcnde bili\u015fim teknolojileri \u015fehrimizde \u00e7ok geli\u015fmi\u015f durumda. TEKNOKENT imk\u00e2nlar\u0131m\u0131z, staj imk\u00e2nlar\u0131m\u0131z olduk\u00e7a iyi. Sosyal olanaklar \u00e7ok fazla, kamp\u00fcs\u00fcm\u00fcz\u00fcn i\u00e7inde stadyum, y\u00fczme havuzu, tenis kortlar\u0131, voleybol sahalar\u0131 gibi \u00e7ok fazla imk\u00e2n bulunmakta. \u00dcniversitemiz, akademik ve sosyal imk\u00e2nlar\u0131 ile \u00f6\u011frenciler i\u00e7in benzersiz bir yer.\u201d a\u00e7\u0131klamas\u0131nda bulundu.<\/p>\n\n\n\n<p>Akdeniz \u00dcniversitesi Rekt\u00f6rl\u00fc\u011f\u00fc \/ B\u00fclten<\/p>\n","protected":false},"excerpt":{"rendered":"<p>Akdeniz \u00dcniversitesi\u2019nde Yapay Zek\u00e2 ve Veri M\u00fchendisli\u011fi B\u00f6l\u00fcm\u00fc a\u00e7\u0131ld\u0131. Bu y\u0131l ilk \u00f6\u011frencilerini alacak olan b\u00f6l\u00fcm, yetkin akademik kadrosu, zengin ara\u015ft\u0131rma alt yap\u0131s\u0131, \u00e7ift anadal <a href=\"https:\/\/akdenizhaber.com.tr\/index.php\/2024\/07\/18\/akdeniz-universitesi-gelecegin-yapay-zeka-muhendislerini-yetistirecek\/\" class=\"read-more-link\">[more&#8230;]<\/a><\/p>\n","protected":false},"author":2,"featured_media":25099,"comment_status":"open","ping_status":"open","sticky":false,"template":"","format":"standard","meta":{"footnotes":""},"categories":[2],"tags":[],"class_list":["post-25098","post","type-post","status-publish","format-standard","has-post-thumbnail","hentry","category-gundem"],"_links":{"self":[{"href":"https:\/\/akdenizhaber.com.tr\/index.php\/wp-json\/wp\/v2\/posts\/25098","targetHints":{"allow":["GET"]}}],"collection":[{"href":"https:\/\/akdenizhaber.com.tr\/index.php\/wp-json\/wp\/v2\/posts"}],"about":[{"href":"https:\/\/akdenizhaber.com.tr\/index.php\/wp-json\/wp\/v2\/types\/post"}],"author":[{"embeddable":true,"href":"https:\/\/akdenizhaber.com.tr\/index.php\/wp-json\/wp\/v2\/users\/2"}],"replies":[{"embeddable":true,"href":"https:\/\/akdenizhaber.com.tr\/index.php\/wp-json\/wp\/v2\/comments?post=25098"}],"version-history":[{"count":1,"href":"https:\/\/akdenizhaber.com.tr\/index.php\/wp-json\/wp\/v2\/posts\/25098\/revisions"}],"predecessor-version":[{"id":25100,"href":"https:\/\/akdenizhaber.com.tr\/index.php\/wp-json\/wp\/v2\/posts\/25098\/revisions\/25100"}],"wp:featuredmedia":[{"embeddable":true,"href":"https:\/\/akdenizhaber.com.tr\/index.php\/wp-json\/wp\/v2\/media\/25099"}],"wp:attachment":[{"href":"https:\/\/akdenizhaber.com.tr\/index.php\/wp-json\/wp\/v2\/media?parent=25098"}],"wp:term":[{"taxonomy":"category","embeddable":true,"href":"https:\/\/akdenizhaber.com.tr\/index.php\/wp-json\/wp\/v2\/categories?post=25098"},{"taxonomy":"post_tag","embeddable":true,"href":"https:\/\/akdenizhaber.com.tr\/index.php\/wp-json\/wp\/v2\/tags?post=25098"}],"curies":[{"name":"wp","href":"https:\/\/api.w.org\/{rel}","templated":true}]}}