{"id":25089,"date":"2024-07-18T15:45:14","date_gmt":"2024-07-18T12:45:14","guid":{"rendered":"https:\/\/akdenizhaber.com.tr\/?p=25089"},"modified":"2024-07-18T16:27:24","modified_gmt":"2024-07-18T13:27:24","slug":"sahipsiz-sokak-hayvanlari-toplantisi-yapildi","status":"publish","type":"post","link":"https:\/\/akdenizhaber.com.tr\/index.php\/2024\/07\/18\/sahipsiz-sokak-hayvanlari-toplantisi-yapildi\/","title":{"rendered":"Sahipsiz sokak hayvanlar\u0131 toplant\u0131s\u0131 yap\u0131ld\u0131"},"content":{"rendered":"\n<p>Antalya B\u00fcy\u00fck\u015fehir Belediyesi\u2019nin, il\u00e7e belediyeleri, STK\u2019lar ve yerel hayvan koruma g\u00f6revlileri ile \u2018Sokak Hayvanlar\u0131 Sorunu ve \u00c7\u00f6z\u00fcm \u00d6nerilerini\u2019 ele ald\u0131\u011f\u0131 toplant\u0131lar devam ediyor. B\u00fcy\u00fck\u015fehir Belediyesi \u00f6nc\u00fcl\u00fc\u011f\u00fcnde ikincisi ger\u00e7ekle\u015ftirilen toplant\u0131da sokak hayvanlar\u0131na y\u00f6nelik h\u0131zl\u0131 ve etkili rehabilitasyonda i\u015fbirli\u011fini devam ettirilmesi ve yeni do\u011fal ya\u015fam alanlar\u0131n\u0131n olu\u015fturulmas\u0131 konular\u0131 masaya yat\u0131r\u0131ld\u0131.<\/p>\n\n\n\n<p>Antalya B\u00fcy\u00fck\u015fehir Belediyesi Tar\u0131msal Hizmetler Dairesi Ba\u015fkanl\u0131\u011f\u0131 \u00f6nc\u00fcl\u00fc\u011f\u00fcnde ba\u015flat\u0131lan \u201cAntalya \u0130l Geneli Sokak Hayvanlar\u0131 Sorunu ve \u00c7\u00f6z\u00fcm \u00d6nerileri\u201d toplant\u0131lar\u0131n\u0131n ikincisi Antalya Su ve At\u0131ksu Genel M\u00fcd\u00fcrl\u00fc\u011f\u00fc (ASAT) Toplant\u0131 Salonu\u2019nda ger\u00e7ekle\u015ftirildi. Toplant\u0131ya B\u00fcy\u00fck\u015fehir Belediyesi Tar\u0131msal Hizmetler Dairesi Ba\u015fkan\u0131 Seda \u00d6zel, Sivil Toplum Kurulu\u015flar\u0131 temsilcileri, il\u00e7e belediyelerinin veteriner hekimleri ve yerel hayvan koruma g\u00f6revlileri kat\u0131ld\u0131.<\/p>\n\n\n\n<p>DO\u011eAL YA\u015eAM ALANLARI OLU\u015eTURULMALI<\/p>\n\n\n\n<p>Toplant\u0131da B\u00fcy\u00fck\u015fehir Belediyesi Veteriner \u0130\u015fleri \u015eube M\u00fcd\u00fcr\u00fc Asl\u0131 K\u0131l\u0131\u00e7, sahipsiz sokak hayvanlar\u0131n ya\u015fam ve rehabilitasyon ko\u015fullar\u0131n\u0131n iyile\u015ftirilmesi, yeni olu\u015fturulacak do\u011fal ya\u015fam alanlar\u0131 ve toplum refah\u0131n\u0131 art\u0131racak \u00e7al\u0131\u015fmalarla ilgili sunum yapt\u0131. Sokak hayvanlar\u0131yla ilgili yeni yasa tasar\u0131s\u0131na ili\u015fkin de\u011fi\u015fikliklerin tart\u0131\u015f\u0131ld\u0131\u011f\u0131 toplant\u0131da sahipsiz hayvanlara daha iyi bir gelecek ve ya\u015fam ko\u015fullar\u0131 sa\u011flanmas\u0131 ortak hedef olarak belirlendi.<\/p>\n\n\n\n<p>ORTAK AKILLA HAREKET EDECE\u011e\u0130Z<\/p>\n\n\n\n<p>B\u00fcy\u00fck\u015fehir Belediyesi Tar\u0131msal Hizmetler Dairesi Ba\u015fkan\u0131 Seda \u00d6zel, B\u00fcy\u00fck\u015fehir Belediyesi olarak bu konuya hassasiyetle yakla\u015ft\u0131klar\u0131n\u0131 belirterek, \u201cSokaktaki hayvanlar\u0131m\u0131z\u0131n artan pop\u00fclasyonuyla ilgili olarak yapt\u0131\u011f\u0131m\u0131z \u00e7al\u0131\u015fmalar\u0131 buradaki hayvan koruma g\u00f6revlilerimiz ile de payla\u015f\u0131yoruz. Kat\u0131l\u0131mc\u0131lar\u0131m\u0131z\u0131n i\u015fbirli\u011fi ve onlar\u0131n bize olan deste\u011fi son derece de\u011ferli. Bu anlamda ortak bir \u00e7al\u0131\u015fma program\u0131 haz\u0131rlamay\u0131 d\u00fc\u015f\u00fcn\u00fcyoruz. Bu program\u0131 da hep birlikte ortak ak\u0131lla bu toplant\u0131larda belirleyece\u011fiz\u201d dedi.<\/p>\n\n\n\n<p>BU KONUYA HASSAS\u0130YETLE YAKLA\u015eIYORUZ<\/p>\n\n\n\n<p>B\u00fcy\u00fck\u015fehir Belediye Ba\u015fkan\u0131 Muhittin B\u00f6cek\u2019in sokak hayvanlar\u0131 konusuna ayr\u0131 bir \u00f6nem verdi\u011fini aktaran Seda \u00d6zel, \u015funlar\u0131 s\u00f6yledi: \u201c\u0130l\u00e7e belediyelerimizle ald\u0131\u011f\u0131m\u0131z ortak kararlar\u0131n bilgisini bug\u00fcn kat\u0131l\u0131mc\u0131lar\u0131m\u0131zla payla\u015ft\u0131k. Bundan sonraki s\u00fcre\u00e7te kedi ve k\u00f6pek pop\u00fclasyonlar\u0131n\u0131n yo\u011fun ya\u015fam alanlar\u0131ndaki durumlar\u0131n\u0131n de\u011ferlendirilmesi ve azalt\u0131lmas\u0131na, bunlar\u0131n do\u011fru alanlarda do\u011fru beslenmelerinin sa\u011flanmas\u0131na y\u00f6nelik aktif \u00e7al\u0131\u015fmalar ger\u00e7ekle\u015ftirece\u011fiz. \u00d6zellikle sokaklardaki kedi ve k\u00f6pek pop\u00fclasyonlar\u0131n\u0131n son y\u0131llarda a\u015f\u0131r\u0131 derecede artm\u0131\u015f olmas\u0131n\u0131n halk sa\u011fl\u0131\u011f\u0131 ve g\u00fcvenli\u011fi a\u00e7\u0131s\u0131ndan olu\u015fturdu\u011fu tehlikeleri \u00f6nlemek amac\u0131yla etkin ad\u0131mlar at\u0131yoruz. Muhittin Ba\u015fkan\u0131m\u0131z\u0131n hassasiyetle \u00fczerinde durdu\u011fu halk sa\u011fl\u0131\u011f\u0131n\u0131 \u00f6ncelik alarak kapsaml\u0131 bir planlama ile bu pop\u00fclasyon dengesini sa\u011flayaca\u011f\u0131z. Hedefledi\u011fimiz ortak \u00e7al\u0131\u015fma planlamam\u0131zda hem t\u00fcm il\u00e7e belediyeleri veteriner i\u015fleri m\u00fcd\u00fcrl\u00fckleri hem de t\u00fcm hayvan koruma g\u00f6revlileri ve sivil toplum \u00f6rg\u00fctleriyle i\u015fbirli\u011fimizi artt\u0131rarak devam ettirece\u011fiz. Hayvan ve halk sa\u011fl\u0131\u011f\u0131 a\u00e7\u0131s\u0131ndan ba\u015far\u0131l\u0131 bir \u00e7al\u0131\u015fma olaca\u011f\u0131n\u0131 umuyoruz.\u201d<\/p>\n\n\n\n<p>KATKI SUNMAKTAN MEMNUNUZ<\/p>\n\n\n\n<p>D\u00f6\u015femealt\u0131 il\u00e7esinde yerel hayvan koruma g\u00f6revlisi olan Mehmet \u00c7iller de B\u00fcy\u00fck\u015fehir Belediyesi\u2019nin sokak hayvanlar\u0131na y\u00f6nelik \u00e7al\u0131\u015fmalar\u0131n\u0131 takdir etti\u011fine de\u011finerek \u015f\u00f6yle konu\u015ftu: \u201cBelediyemiz ger\u00e7ekten \u00f6zverili bir ekip \u00e7al\u0131\u015fmas\u0131 ile sokak hayvanlar\u0131na sahip \u00e7\u0131k\u0131yor. Hayvanlar i\u00e7in olu\u015fturulacak do\u011fal ya\u015fam alan\u0131 bizlerin her zaman d\u00fc\u015f\u00fcnd\u00fc\u011f\u00fc ve istedi\u011fi bir \u015fey. Fakat \u00e7e\u015fitli nedenlerle bu alanlar\u0131n yap\u0131laca\u011f\u0131 alanlara izin verilmiyor. Tar\u0131m ve Orman Bakanl\u0131\u011f\u0131\u2019na ba\u011fl\u0131 izinlerin al\u0131namad\u0131\u011f\u0131n\u0131 biliyorum. Bu t\u00fcr durumlar belediyelerimize g\u00fc\u00e7l\u00fck \u00e7\u0131kar\u0131yor ne yaz\u0131k ki. Bu toplant\u0131lar\u0131n fark\u0131ndal\u0131k olu\u015fturdu\u011fu i\u00e7in \u00e7ok faydal\u0131 oldu\u011funu d\u00fc\u015f\u00fcn\u00fcyorum.\u201d<\/p>\n\n\n\n<p>B\u00dcY\u00dcK\u015eEH\u0130R BA\u015eARILI B\u0130R S\u00dcRE\u00c7 Y\u00dcR\u00dcT\u00dcYOR<\/p>\n\n\n\n<p>Konyaalt\u0131 Belediyesi\u2019nde Veteriner Hekim olarak g\u00f6rev yapan Artun Efe Kum ise<\/p>\n\n\n\n<p>\u201cBu t\u00fcrl\u00fc toplant\u0131lar\u0131n s\u00fcrekli ve d\u00fczenli olarak devam etmesi taraftar\u0131y\u0131m. Yerel hayvan koruma g\u00f6revlileri ve belediyeler aras\u0131nda i\u015fbirli\u011finin artarak devam etmesi gerekiyor. T\u00fcm il\u00e7elerden sorumlu olan B\u00fcy\u00fck\u015fehir Belediyemizin i\u015f y\u00fck\u00fc olduk\u00e7a fazla ancak ba\u015far\u0131l\u0131 bir s\u00fcre\u00e7 y\u00fcr\u00fctt\u00fcklerini d\u00fc\u015f\u00fcn\u00fcyorum. Bu \u00e7al\u0131\u015fmalar\u0131ndan ve toplant\u0131lardan dolay\u0131 \u00e7ok te\u015fekk\u00fcrlerimi sunuyorum\u201d dedi.<\/p>\n\n\n\n<p>Antalya B\u00fcy\u00fck\u015fehir Belediyesi \/ B\u00fclten<\/p>\n","protected":false},"excerpt":{"rendered":"<p>Antalya B\u00fcy\u00fck\u015fehir Belediyesi\u2019nin, il\u00e7e belediyeleri, STK\u2019lar ve yerel hayvan koruma g\u00f6revlileri ile \u2018Sokak Hayvanlar\u0131 Sorunu ve \u00c7\u00f6z\u00fcm \u00d6nerilerini\u2019 ele ald\u0131\u011f\u0131 toplant\u0131lar devam ediyor. B\u00fcy\u00fck\u015fehir Belediyesi <a href=\"https:\/\/akdenizhaber.com.tr\/index.php\/2024\/07\/18\/sahipsiz-sokak-hayvanlari-toplantisi-yapildi\/\" class=\"read-more-link\">[more&#8230;]<\/a><\/p>\n","protected":false},"author":2,"featured_media":25095,"comment_status":"open","ping_status":"open","sticky":false,"template":"","format":"standard","meta":{"footnotes":""},"categories":[2],"tags":[],"class_list":["post-25089","post","type-post","status-publish","format-standard","has-post-thumbnail","hentry","category-gundem"],"_links":{"self":[{"href":"https:\/\/akdenizhaber.com.tr\/index.php\/wp-json\/wp\/v2\/posts\/25089","targetHints":{"allow":["GET"]}}],"collection":[{"href":"https:\/\/akdenizhaber.com.tr\/index.php\/wp-json\/wp\/v2\/posts"}],"about":[{"href":"https:\/\/akdenizhaber.com.tr\/index.php\/wp-json\/wp\/v2\/types\/post"}],"author":[{"embeddable":true,"href":"https:\/\/akdenizhaber.com.tr\/index.php\/wp-json\/wp\/v2\/users\/2"}],"replies":[{"embeddable":true,"href":"https:\/\/akdenizhaber.com.tr\/index.php\/wp-json\/wp\/v2\/comments?post=25089"}],"version-history":[{"count":1,"href":"https:\/\/akdenizhaber.com.tr\/index.php\/wp-json\/wp\/v2\/posts\/25089\/revisions"}],"predecessor-version":[{"id":25090,"href":"https:\/\/akdenizhaber.com.tr\/index.php\/wp-json\/wp\/v2\/posts\/25089\/revisions\/25090"}],"wp:featuredmedia":[{"embeddable":true,"href":"https:\/\/akdenizhaber.com.tr\/index.php\/wp-json\/wp\/v2\/media\/25095"}],"wp:attachment":[{"href":"https:\/\/akdenizhaber.com.tr\/index.php\/wp-json\/wp\/v2\/media?parent=25089"}],"wp:term":[{"taxonomy":"category","embeddable":true,"href":"https:\/\/akdenizhaber.com.tr\/index.php\/wp-json\/wp\/v2\/categories?post=25089"},{"taxonomy":"post_tag","embeddable":true,"href":"https:\/\/akdenizhaber.com.tr\/index.php\/wp-json\/wp\/v2\/tags?post=25089"}],"curies":[{"name":"wp","href":"https:\/\/api.w.org\/{rel}","templated":true}]}}