{"id":25085,"date":"2024-07-18T15:44:08","date_gmt":"2024-07-18T12:44:08","guid":{"rendered":"https:\/\/akdenizhaber.com.tr\/?p=25085"},"modified":"2024-07-18T15:44:08","modified_gmt":"2024-07-18T12:44:08","slug":"kepezli-guresciler-madalyalari-topladi","status":"publish","type":"post","link":"https:\/\/akdenizhaber.com.tr\/index.php\/2024\/07\/18\/kepezli-guresciler-madalyalari-topladi\/","title":{"rendered":"Kepezli g\u00fcre\u015f\u00e7iler madalyalar\u0131 toplad\u0131"},"content":{"rendered":"\n<p>Kepez Belediyesi Spor Kul\u00fcb\u00fc g\u00fcre\u015f tak\u0131m\u0131 U13 Antalya \u015eampiyonas\u0131nda 6 alt\u0131n, 6 g\u00fcm\u00fc\u015f ve 3 bronz madalya kazand\u0131<\/p>\n\n\n\n<p>Altyap\u0131ya \u00f6nem veren Kepez Belediyesi Spor Kul\u00fcb\u00fc g\u00fcre\u015f tak\u0131m\u0131, U13 Antalya \u015eampiyonas\u0131nda 6 alt\u0131n, 6 g\u00fcm\u00fc\u015f ve 3 bronz madalya kazand\u0131. D\u00f6\u015femealt\u0131 Spor Salonu\u2019nda d\u00fczenlenen organizasyonda, Kepez\u2019in k\u00fc\u00e7\u00fck pehlivanlar\u0131 alk\u0131\u015flar\u0131 da toplad\u0131. Yakla\u015f\u0131k 15 kul\u00fcb\u00fcn sporcular\u0131n\u0131n kat\u0131ld\u0131\u011f\u0131 \u015fampiyonada Kepezli sporcular gelecek vaat etti.<\/p>\n\n\n\n<p>HEDEF M\u0130LL\u0130 TAKIMLAR<\/p>\n\n\n\n<p>Minik Kad\u0131nlar kategorisinde Azime Co\u015fkun alt\u0131n, Fatmag\u00fcl \u015eirin ve Elif \u00d6zkan g\u00fcm\u00fc\u015f madalya kazand\u0131. K\u00fc\u00e7\u00fck Minikler Grekoromende H\u00fcseyin Aydemir, Kuzey Asar, Talha Sabanl\u0131 alt\u0131n madalya kazan\u0131rken, k\u00fc\u00e7\u00fck minikler serbest kategoride ise Mehmet Efe \u015een alt\u0131n madalya ald\u0131. T\u00fcrkiye \u015eampiyonas\u0131na kat\u0131lma hakk\u0131 alan g\u00fcre\u015f\u00e7iler, y\u0131ld\u0131zlar kategorisinden itibaren milli tak\u0131mlarda m\u00fccadele edebilecekler.<\/p>\n\n\n\n<p>Kepez Belediyesi \/ B\u00fclten<\/p>\n","protected":false},"excerpt":{"rendered":"<p>Kepez Belediyesi Spor Kul\u00fcb\u00fc g\u00fcre\u015f tak\u0131m\u0131 U13 Antalya \u015eampiyonas\u0131nda 6 alt\u0131n, 6 g\u00fcm\u00fc\u015f ve 3 bronz madalya kazand\u0131 Altyap\u0131ya \u00f6nem veren Kepez Belediyesi Spor Kul\u00fcb\u00fc <a href=\"https:\/\/akdenizhaber.com.tr\/index.php\/2024\/07\/18\/kepezli-guresciler-madalyalari-topladi\/\" class=\"read-more-link\">[more&#8230;]<\/a><\/p>\n","protected":false},"author":2,"featured_media":25086,"comment_status":"open","ping_status":"open","sticky":false,"template":"","format":"standard","meta":{"footnotes":""},"categories":[2],"tags":[],"class_list":["post-25085","post","type-post","status-publish","format-standard","has-post-thumbnail","hentry","category-gundem"],"_links":{"self":[{"href":"https:\/\/akdenizhaber.com.tr\/index.php\/wp-json\/wp\/v2\/posts\/25085","targetHints":{"allow":["GET"]}}],"collection":[{"href":"https:\/\/akdenizhaber.com.tr\/index.php\/wp-json\/wp\/v2\/posts"}],"about":[{"href":"https:\/\/akdenizhaber.com.tr\/index.php\/wp-json\/wp\/v2\/types\/post"}],"author":[{"embeddable":true,"href":"https:\/\/akdenizhaber.com.tr\/index.php\/wp-json\/wp\/v2\/users\/2"}],"replies":[{"embeddable":true,"href":"https:\/\/akdenizhaber.com.tr\/index.php\/wp-json\/wp\/v2\/comments?post=25085"}],"version-history":[{"count":1,"href":"https:\/\/akdenizhaber.com.tr\/index.php\/wp-json\/wp\/v2\/posts\/25085\/revisions"}],"predecessor-version":[{"id":25087,"href":"https:\/\/akdenizhaber.com.tr\/index.php\/wp-json\/wp\/v2\/posts\/25085\/revisions\/25087"}],"wp:featuredmedia":[{"embeddable":true,"href":"https:\/\/akdenizhaber.com.tr\/index.php\/wp-json\/wp\/v2\/media\/25086"}],"wp:attachment":[{"href":"https:\/\/akdenizhaber.com.tr\/index.php\/wp-json\/wp\/v2\/media?parent=25085"}],"wp:term":[{"taxonomy":"category","embeddable":true,"href":"https:\/\/akdenizhaber.com.tr\/index.php\/wp-json\/wp\/v2\/categories?post=25085"},{"taxonomy":"post_tag","embeddable":true,"href":"https:\/\/akdenizhaber.com.tr\/index.php\/wp-json\/wp\/v2\/tags?post=25085"}],"curies":[{"name":"wp","href":"https:\/\/api.w.org\/{rel}","templated":true}]}}