{"id":25082,"date":"2024-07-18T15:43:12","date_gmt":"2024-07-18T12:43:12","guid":{"rendered":"https:\/\/akdenizhaber.com.tr\/?p=25082"},"modified":"2024-07-18T15:44:30","modified_gmt":"2024-07-18T12:44:30","slug":"baskan-bocek-oruc-lokmasina-katildi","status":"publish","type":"post","link":"https:\/\/akdenizhaber.com.tr\/index.php\/2024\/07\/18\/baskan-bocek-oruc-lokmasina-katildi\/","title":{"rendered":"Ba\u015fkan B\u00f6cek oru\u00e7 lokmas\u0131na kat\u0131ld\u0131"},"content":{"rendered":"\n<p>Antalya B\u00fcy\u00fck\u015fehir Belediye Ba\u015fkan\u0131 Muhittin B\u00f6cek, Muharrem ay\u0131 dolay\u0131s\u0131yla Hac\u0131 Bekta\u015f Veli Anadolu K\u00fclt\u00fcr Vakf\u0131 Antalya K\u00fclt\u00fcr ve Cemevi&#8217;nde yas-\u0131 matem orucu tutan vatanda\u015flarla bir araya gelerek, lokma ikram\u0131nda bulundu. Ba\u015fkan B\u00f6cek, tutulan oru\u00e7lar\u0131n, edilen dualar ve yap\u0131lan hay\u0131rlar\u0131n Hak kat\u0131nda kabul olmas\u0131n\u0131 diledi.<\/p>\n\n\n\n<p>Antalya B\u00fcy\u00fck\u015fehir Belediye Ba\u015fkan\u0131 Muhittin B\u00f6cek, Konyaalt\u0131 Belediye Ba\u015fkan\u0131 Cem Kotan ile birlikte Hac\u0131 Bekta\u015f Veli Anadolu K\u00fclt\u00fcr Vakf\u0131 Antalya K\u00fclt\u00fcr ve Cemevi&#8217;nde canlarla bir araya geldi. Ba\u015fkan B\u00f6cek, Muharrem ay\u0131 dolay\u0131s\u0131yla yas-\u0131 matem orucu tutan canlara lokma ikram\u0131nda bulundu.<\/p>\n\n\n\n<p>BEREKET VE BOLLUK AYI<\/p>\n\n\n\n<p>Muharrem Ay\u0131\u2019n\u0131n bereket ve bolluk ay\u0131 oldu\u011funu s\u00f6yleyen Ba\u015fkan Muhittin B\u00f6cek, \u201cBu ay ayn\u0131 zamanda canlar\u0131m\u0131z\u0131n matem ay\u0131 olarak da bilinir. Bu \u00f6zel g\u00fcnde dostlar\u0131m\u0131zla, canlar\u0131m\u0131zla bir arada olmak istedik. Tutulan orucumuz, edilen dualar, yap\u0131lan hay\u0131rlar Hak kat\u0131nda kabul olsun\u201d dedi.<\/p>\n\n\n\n<p>Hac\u0131 Bekta\u015f Veli Anadolu K\u00fclt\u00fcr Vakf\u0131 K\u00fclt\u00fcr ve Cemevi yetkilileri de Ba\u015fkan Muhittin B\u00f6cek\u2019e yas-\u0131 matem orucuna ve lokmalar\u0131na ortak oldu\u011fu i\u00e7in te\u015fekk\u00fcr etti.<\/p>\n\n\n\n<p>Antalya B\u00fcy\u00fck\u015fehir Belediyesi \/ B\u00fclten<\/p>\n","protected":false},"excerpt":{"rendered":"<p>Antalya B\u00fcy\u00fck\u015fehir Belediye Ba\u015fkan\u0131 Muhittin B\u00f6cek, Muharrem ay\u0131 dolay\u0131s\u0131yla Hac\u0131 Bekta\u015f Veli Anadolu K\u00fclt\u00fcr Vakf\u0131 Antalya K\u00fclt\u00fcr ve Cemevi&#8217;nde yas-\u0131 matem orucu tutan vatanda\u015flarla bir <a href=\"https:\/\/akdenizhaber.com.tr\/index.php\/2024\/07\/18\/baskan-bocek-oruc-lokmasina-katildi\/\" class=\"read-more-link\">[more&#8230;]<\/a><\/p>\n","protected":false},"author":2,"featured_media":25083,"comment_status":"open","ping_status":"open","sticky":false,"template":"","format":"standard","meta":{"footnotes":""},"categories":[2],"tags":[],"class_list":["post-25082","post","type-post","status-publish","format-standard","has-post-thumbnail","hentry","category-gundem"],"_links":{"self":[{"href":"https:\/\/akdenizhaber.com.tr\/index.php\/wp-json\/wp\/v2\/posts\/25082","targetHints":{"allow":["GET"]}}],"collection":[{"href":"https:\/\/akdenizhaber.com.tr\/index.php\/wp-json\/wp\/v2\/posts"}],"about":[{"href":"https:\/\/akdenizhaber.com.tr\/index.php\/wp-json\/wp\/v2\/types\/post"}],"author":[{"embeddable":true,"href":"https:\/\/akdenizhaber.com.tr\/index.php\/wp-json\/wp\/v2\/users\/2"}],"replies":[{"embeddable":true,"href":"https:\/\/akdenizhaber.com.tr\/index.php\/wp-json\/wp\/v2\/comments?post=25082"}],"version-history":[{"count":1,"href":"https:\/\/akdenizhaber.com.tr\/index.php\/wp-json\/wp\/v2\/posts\/25082\/revisions"}],"predecessor-version":[{"id":25084,"href":"https:\/\/akdenizhaber.com.tr\/index.php\/wp-json\/wp\/v2\/posts\/25082\/revisions\/25084"}],"wp:featuredmedia":[{"embeddable":true,"href":"https:\/\/akdenizhaber.com.tr\/index.php\/wp-json\/wp\/v2\/media\/25083"}],"wp:attachment":[{"href":"https:\/\/akdenizhaber.com.tr\/index.php\/wp-json\/wp\/v2\/media?parent=25082"}],"wp:term":[{"taxonomy":"category","embeddable":true,"href":"https:\/\/akdenizhaber.com.tr\/index.php\/wp-json\/wp\/v2\/categories?post=25082"},{"taxonomy":"post_tag","embeddable":true,"href":"https:\/\/akdenizhaber.com.tr\/index.php\/wp-json\/wp\/v2\/tags?post=25082"}],"curies":[{"name":"wp","href":"https:\/\/api.w.org\/{rel}","templated":true}]}}