{"id":25078,"date":"2024-07-15T13:29:55","date_gmt":"2024-07-15T10:29:55","guid":{"rendered":"https:\/\/akdenizhaber.com.tr\/?p=25078"},"modified":"2024-07-15T13:29:56","modified_gmt":"2024-07-15T10:29:56","slug":"cosar-akp-kiyilari-halka-kapatip-ranta-aciyor","status":"publish","type":"post","link":"https:\/\/akdenizhaber.com.tr\/index.php\/2024\/07\/15\/cosar-akp-kiyilari-halka-kapatip-ranta-aciyor\/","title":{"rendered":"Co\u015far, AKP k\u0131y\u0131lar\u0131 halka kapat\u0131p ranta a\u00e7\u0131yor"},"content":{"rendered":"\n<p>CHP Antalya Milletvekili Aliye Co\u015far, TBMM Genel Kurulu\u2019nda yapt\u0131\u011f\u0131 G\u00fcndem D\u0131\u015f\u0131 konu\u015fmada Antalya\u2019n\u0131n sorunlar\u0131n\u0131 meclis g\u00fcndemine ta\u015f\u0131d\u0131.<\/p>\n\n\n\n<p>Antalya\u2019n\u0131n turizm ve tar\u0131m gelirleriyle \u00fclke b\u00fct\u00e7esine ciddi katk\u0131 sa\u011flad\u0131\u011f\u0131n\u0131 ancak Antalya\u2019n\u0131n b\u00fct\u00e7eye bu kadar katk\u0131 sa\u011flamas\u0131na ra\u011fmen b\u00fct\u00e7eden hak etti\u011fi pay\u0131 alamad\u0131\u011f\u0131na vurgu yapan CHP\u2019li Co\u015far, kamu yat\u0131r\u0131mlar\u0131 konusunda \u015fehrin yok say\u0131ld\u0131\u011f\u0131n\u0131 s\u00f6yledi.<\/p>\n\n\n\n<p>AKP iktidar\u0131n\u0131n Antalya\u2019ya s\u00f6z verdi\u011fi kamu yat\u0131r\u0131mlar\u0131n\u0131 yapmad\u0131\u011f\u0131n\u0131 ya da yar\u0131m b\u0131rakt\u0131\u011f\u0131n\u0131 ifade eden Co\u015far, otoyoldan, hastaneye, barajdan, sulama sistemlerine kadar her i\u015fin yar\u0131m b\u0131rak\u0131ld\u0131\u011f\u0131n\u0131 belirtti.<\/p>\n\n\n\n<p>CHP\u2019li Co\u015far konu\u015fmas\u0131n\u0131n devam\u0131nda \u015funlar\u0131 ifade etti;<\/p>\n\n\n\n<p>\u201cAKP\u2019N\u0130N HER \u0130\u015e\u0130 YARIM\u201d<\/p>\n\n\n\n<p>\u201cUluslararas\u0131 bir pazar ara\u015ft\u0131rmalar\u0131 \u015firketinin 2023 y\u0131l\u0131 raporunda, yabanc\u0131 ziyaret\u00e7ilerin d\u00fcnyada en \u00e7ok ziyaret etti\u011fi \u015fehirler aras\u0131nda Antalya 16,5 milyon ki\u015fiyle 4&#8217;\u00fcnc\u00fc s\u0131rada yer al\u0131yor.<\/p>\n\n\n\n<p>Turizm sezonunda Antalya&#8217;n\u0131n do\u011fu il\u00e7elerinde yo\u011funluk artmaktad\u0131r. Aksu, Serik, Manavgat ve Alanya&#8217;y\u0131 Antalya merkeze ba\u011flayan kara yolunda normal zamanlarda dahi trafik s\u0131k\u0131\u015f\u0131kl\u0131\u011f\u0131 vard\u0131r. Turizm sezonunda havaliman\u0131ndan ve ba\u015fka \u015fehirlerimizden Alanya ve Manavgat&#8217;a gelecek olan turistin trafik \u00e7ilesi bitmiyor.<\/p>\n\n\n\n<p>Antalya-Alanya Otoyolu Projesi&#8217;nin, b\u0131rak\u0131n yap\u0131lmas\u0131n\u0131, ihalesi bile aral\u0131k ay\u0131nda yap\u0131ld\u0131, otoyol projesi bile yar\u0131m. Antalya-Alanya Otoyol Projesi Antalya&#8217;ya ula\u015fm\u0131yor, Serik il\u00e7emizde sonlan\u0131yor. Trafi\u011fin en yo\u011fun ya\u015fand\u0131\u011f\u0131 Antalya-Serik aras\u0131 mesafe maalesef projede yok. Yol, Alanya&#8217;ya da ula\u015fm\u0131yor, Konakl\u0131&#8217;da sonlan\u0131yor. Ne yaz\u0131k ki AKP&#8217;nin her i\u015fi gibi bu i\u015fi de yar\u0131m.\u201d<\/p>\n\n\n\n<p>\u201cB\u0130TMEYEN BARAJ, \u0130LERLEMEYEN HASTANE \u0130N\u015eAATI\u201d<\/p>\n\n\n\n<p>\u201cAlanya&#8217;da 2015 y\u0131l\u0131nda in\u015fas\u0131na ba\u015flanan Alanya Yenik\u00f6y Baraj\u0131 tam dokuz y\u0131ld\u0131r bitirilemedi. Tar\u0131msal sulamada T\u00fcrkler, Payallar, Konakl\u0131 mahalleleri i\u00e7in \u00f6nemli olan bu baraj ne zaman bitecek?<\/p>\n\n\n\n<p>Manavgat&#8217;ta, y\u0131llard\u0131r s\u00f6z verilen, 500 yataktan 300 yata\u011fa d\u00fc\u015f\u00fcr\u00fclen, ihtiya\u00e7lar\u0131 bile kar\u015f\u0131layamayacak olan hastanenin ak\u0131betini defalarca sorduk.<\/p>\n\n\n\n<p>2023 May\u0131s ay\u0131nda, se\u00e7imlerden \u00f6nce, t\u00f6renlerle temelini att\u0131\u011f\u0131n\u0131z hastane in\u015faat\u0131nda bir y\u0131l\u0131 ge\u00e7tik, ortada in\u015faat\u0131n temelinden ba\u015fka bir \u015fey yok, in\u015faat ilerlemiyor ve hastanenin yer se\u00e7iminde zemin s\u0131v\u0131la\u015fmas\u0131 olmas\u0131na ra\u011fmen neden burada \u0131srar etmektesiniz?<\/p>\n\n\n\n<p>Manavgat&#8217;ta kapal\u0131 devre su sisteminin yayg\u0131nla\u015ft\u0131r\u0131lmas\u0131 gerekmektedir. Ne yaz\u0131k ki AKP&#8217;nin bu konuda da bir \u00e7al\u0131\u015fmas\u0131 yok.<\/p>\n\n\n\n<p>Demre, Finike, Kumluca ve Manavgat&#8217;ta ya\u015fanan son dolu ve hortum afeti sonras\u0131 hasar tespit \u00e7al\u0131\u015fmas\u0131 yap\u0131lan ancak TARS\u0130M&#8217;li olmayan \u00e7ift\u00e7inin zararlar\u0131 h\u00e2len kar\u015f\u0131lanmad\u0131. \u00dcreticinin yan\u0131nda olmayan AKP, tar\u0131m politikalar\u0131yla \u00fcreticimizi de kand\u0131rmaktan vazge\u00e7sin.<\/p>\n\n\n\n<p>Kumluca&#8217;da Bakanl\u0131k ve Devlet Su \u0130\u015flerinin dere \u0131slah\u0131 ve temizli\u011fi \u00e7al\u0131\u015fmalar\u0131n\u0131n ihalesi kamuda tasarruf tedbirleri kapsam\u0131nda iptal edilmi\u015f, olas\u0131 bir sel felaketinde ciddi zararlar do\u011facakt\u0131r; dere \u0131slah ve temizlik \u00e7al\u0131\u015fmalar\u0131 tasarruf edilecek bir konu de\u011fildir.\u201d<\/p>\n\n\n\n<p>\u201cAKP SAH\u0130LLER\u0130 VE KIYILARI HALKA KAPATIP, RANTA A\u00c7IYOR\u201d<\/p>\n\n\n\n<p>\u201cTOK\u0130&#8217;nin en \u00e7ok arsa satt\u0131\u011f\u0131 illerin ba\u015f\u0131nda Antalya gelmektedir, son \u00f6rne\u011fi ise Finike&#8217;dir. Finike&#8217;de 5 bin metrekareye yak\u0131n arazi Mill\u00ee Emlak\u2019tan TOK\u0130&#8217;ye ge\u00e7irilerek sat\u0131\u015fa sunuluyor. E\u011fer bu arsalar Mill\u00ee Emlak taraf\u0131ndan sat\u0131lm\u0131\u015f olsa belediyeler bu sat\u0131\u015ftan y\u00fczde 40 pay alacak ve belediyelere gelir sa\u011flanacakt\u0131; bu sat\u0131\u015flarla sizin amac\u0131n\u0131z Cumhuriyet Halk Partili belediyeleri ve halk\u0131 cezaland\u0131rmakt\u0131r.<\/p>\n\n\n\n<p>TOK\u0130, AKP&#8217;nin emlak\u00e7\u0131s\u0131 gibi \u00e7al\u0131\u015f\u0131yor; nerede arazi var, nerede rant var, TOK\u0130 orada.<\/p>\n\n\n\n<p>Halk\u00e7\u0131 belediyelerin i\u015fletti\u011fi plajlar\u0131 dahi AKP, Cumhuriyet Halk Partili belediyelere vermemek i\u00e7in ellerinden geleni yap\u0131yor; bunun son \u00f6rne\u011fi Sar\u0131su ve Bambus plajlar\u0131d\u0131r.<\/p>\n\n\n\n<p>Serik&#8217;te ise Belek ve Kadriye g\u00fcn\u00fcbirlik alanlar\u0131 ve sahilleri plan de\u011fi\u015fikli\u011fiyle ranta a\u00e7\u0131lmak isteniyor; halk\u0131n denize girece\u011fi alanlar tek tek kapat\u0131l\u0131yor. Turizm Bakan\u0131n\u0131n \u00fccretsiz plaj m\u00fcjdesine ra\u011fmen Bakanl\u0131\u011f\u0131n i\u015faret etti\u011fi plajlarda fahi\u015f fiyatlarla hizmet veriliyor.<\/p>\n\n\n\n<p>AKP&#8217;nin k\u0131y\u0131lardaki son rant\u00e7\u0131 \u00f6rne\u011fi Demre, Kekova \u00dc\u00e7a\u011f\u0131z&#8217;daki \u00d6\u00c7K s\u0131n\u0131rlar\u0131nda arkeolojik sit alan\u0131nda b\u00f6lge halk\u0131 kullan\u0131m\u0131nda olan iskele ve otopark ihaleyle b\u00fcy\u00fck bir firmaya verildi. B\u00f6lge halk\u0131, Demre Belediyemiz ve do\u011faseverlerin direni\u015fine ra\u011fmen bir \u00e7ivi dahi \u00e7ak\u0131lamayacak yer ranta a\u00e7\u0131ld\u0131.<\/p>\n\n\n\n<p>Antalya&#8217;n\u0131n de\u011ferlerini talan edece\u011finize turizm ve tar\u0131m kenti Antalya&#8217;n\u0131n hak etti\u011fi ve yar\u0131m b\u0131rak\u0131lan yat\u0131r\u0131mlar\u0131n\u0131n tamamlanmas\u0131n\u0131 istiyoruz.\u201d dedi.<\/p>\n\n\n\n<p>Haber Merkezi<\/p>\n","protected":false},"excerpt":{"rendered":"<p>CHP Antalya Milletvekili Aliye Co\u015far, TBMM Genel Kurulu\u2019nda yapt\u0131\u011f\u0131 G\u00fcndem D\u0131\u015f\u0131 konu\u015fmada Antalya\u2019n\u0131n sorunlar\u0131n\u0131 meclis g\u00fcndemine ta\u015f\u0131d\u0131. Antalya\u2019n\u0131n turizm ve tar\u0131m gelirleriyle \u00fclke b\u00fct\u00e7esine ciddi <a href=\"https:\/\/akdenizhaber.com.tr\/index.php\/2024\/07\/15\/cosar-akp-kiyilari-halka-kapatip-ranta-aciyor\/\" class=\"read-more-link\">[more&#8230;]<\/a><\/p>\n","protected":false},"author":2,"featured_media":25079,"comment_status":"open","ping_status":"open","sticky":false,"template":"","format":"standard","meta":{"footnotes":""},"categories":[2],"tags":[],"class_list":["post-25078","post","type-post","status-publish","format-standard","has-post-thumbnail","hentry","category-gundem"],"_links":{"self":[{"href":"https:\/\/akdenizhaber.com.tr\/index.php\/wp-json\/wp\/v2\/posts\/25078","targetHints":{"allow":["GET"]}}],"collection":[{"href":"https:\/\/akdenizhaber.com.tr\/index.php\/wp-json\/wp\/v2\/posts"}],"about":[{"href":"https:\/\/akdenizhaber.com.tr\/index.php\/wp-json\/wp\/v2\/types\/post"}],"author":[{"embeddable":true,"href":"https:\/\/akdenizhaber.com.tr\/index.php\/wp-json\/wp\/v2\/users\/2"}],"replies":[{"embeddable":true,"href":"https:\/\/akdenizhaber.com.tr\/index.php\/wp-json\/wp\/v2\/comments?post=25078"}],"version-history":[{"count":1,"href":"https:\/\/akdenizhaber.com.tr\/index.php\/wp-json\/wp\/v2\/posts\/25078\/revisions"}],"predecessor-version":[{"id":25080,"href":"https:\/\/akdenizhaber.com.tr\/index.php\/wp-json\/wp\/v2\/posts\/25078\/revisions\/25080"}],"wp:featuredmedia":[{"embeddable":true,"href":"https:\/\/akdenizhaber.com.tr\/index.php\/wp-json\/wp\/v2\/media\/25079"}],"wp:attachment":[{"href":"https:\/\/akdenizhaber.com.tr\/index.php\/wp-json\/wp\/v2\/media?parent=25078"}],"wp:term":[{"taxonomy":"category","embeddable":true,"href":"https:\/\/akdenizhaber.com.tr\/index.php\/wp-json\/wp\/v2\/categories?post=25078"},{"taxonomy":"post_tag","embeddable":true,"href":"https:\/\/akdenizhaber.com.tr\/index.php\/wp-json\/wp\/v2\/tags?post=25078"}],"curies":[{"name":"wp","href":"https:\/\/api.w.org\/{rel}","templated":true}]}}