{"id":25066,"date":"2024-07-15T13:16:54","date_gmt":"2024-07-15T10:16:54","guid":{"rendered":"https:\/\/akdenizhaber.com.tr\/?p=25066"},"modified":"2024-07-15T13:16:55","modified_gmt":"2024-07-15T10:16:55","slug":"caretta-carettalar-manavgatta-hayat-buluyor","status":"publish","type":"post","link":"https:\/\/akdenizhaber.com.tr\/index.php\/2024\/07\/15\/caretta-carettalar-manavgatta-hayat-buluyor\/","title":{"rendered":"Caretta Carettalar Manavgat\u2019ta Hayat Buluyor"},"content":{"rendered":"\n<p>Manavgat Belediyesi\u2019nin destekleriyle s\u00fcrd\u00fcr\u00fclen deniz kaplumba\u011falar\u0131na y\u00f6nelik koruma \u00e7al\u0131\u015fmalar\u0131 meyvelerini veriyor.<\/p>\n\n\n\n<p>Manavgat Belediye Ba\u015fkan\u0131 Niyazi Nefi Kara, deniz kaplumba\u011falar\u0131n\u0131 koruma \u00e7al\u0131\u015fmas\u0131 y\u00fcr\u00fcten DEKAFOK Bilgi G\u00f6zlem Merkezi\u2019ne ziyarette bulundu. Koruma \u00e7al\u0131\u015fmalar\u0131na ve deniz kaplumba\u011fas\u0131 yavrular\u0131n\u0131n suyla bulu\u015fmas\u0131na tan\u0131kl\u0131k eden Kara, merkezde incelemelerde bulundu.<\/p>\n\n\n\n<p><strong>Koruma \u00c7al\u0131\u015fmalar\u0131 ve Do\u011fa Bilinci Olu\u015fturma Projeleri<\/strong> Devam Ediyor<\/p>\n\n\n\n<p>Akdeniz&#8217;in en sevimli ve nadir canl\u0131lar\u0131ndan olan Caretta carettalar, Manavgat k\u0131y\u0131lar\u0131nda g\u00fcvenli bir \u015fekilde ya\u015famlar\u0131n\u0131 s\u00fcrd\u00fcrebilmek i\u00e7in belediyenin ve g\u00f6n\u00fcll\u00fc \u00e7evre \u00f6rg\u00fctlerinin \u00e7abalar\u0131yla koruma alt\u0131na al\u0131n\u0131yor. Manavgat Belediyesi&#8217;nin \u00f6nc\u00fcl\u00fc\u011f\u00fcnde y\u00fcr\u00fct\u00fclen koruma \u00e7al\u0131\u015fmalar\u0131, deniz kaplumba\u011falar\u0131n\u0131n yumurtlama alanlar\u0131n\u0131n belirlenmesi, korunmas\u0131 ve izlenmesi gibi \u00e7e\u015fitli faaliyetleri kaps\u0131yor. Belediye, bilim insanlar\u0131 ve \u00e7evre g\u00f6n\u00fcll\u00fcleriyle i\u015f birli\u011fi yaparak sahil \u015feridindeki kaplumba\u011fa yuvalar\u0131n\u0131 tespit ediyor ve bu alanlar\u0131 koruma alt\u0131na al\u0131yor. Yumurtlama d\u00f6nemlerinde, yuvalar\u0131n \u00e7evresinde dikkat \u00e7ekici i\u015faretler yerle\u015ftirilerek insanlar\u0131n bu b\u00f6lgelere girmemesi sa\u011flan\u0131yor.<\/p>\n\n\n\n<p>Bunun yan\u0131 s\u0131ra, kumsallarda yap\u0131lan temizlik \u00e7al\u0131\u015fmalar\u0131 ve kaplumba\u011fa yavrular\u0131n\u0131n y\u00f6nlerini bulabilmeleri i\u00e7in konulan k\u0131rm\u0131z\u0131 \u0131\u015f\u0131klar da b\u00fcy\u00fck \u00f6nem ta\u015f\u0131yor.<\/p>\n\n\n\n<p>\u201cDeste\u011fimiz S\u00fcrecek\u201d<\/p>\n\n\n\n<p>G\u00f6zlem Evi\u2019nde yapt\u0131\u011f\u0131 incelemelerin ard\u0131ndan konu\u015fan Manavgat Belediye Ba\u015fkan\u0131 Niyazi Nefi Kara, deniz kaplumba\u011falar\u0131na y\u00f6nelik koruma \u00e7al\u0131\u015fmalar\u0131na desteklerinin artarak s\u00fcrece\u011fini s\u00f6yledi. Ba\u015fkan Kara, \u201cB\u00f6lgeyi korumak i\u00e7in \u00e7al\u0131\u015fan bir\u00e7ok arkada\u015f\u0131m var, biz de onlara destek veriyoruz. \u00c7evreyle ilgili duyarl\u0131 gen\u00e7lerimizi e\u011fitiyoruz. K\u0131rm\u0131z\u0131 \u0131\u015f\u0131klarla ilgili gelen talepleri hayata ge\u00e7irdik. Yumurta alanlar\u0131n\u0131n artmas\u0131 i\u00e7in u\u011fra\u015faca\u011f\u0131z. Rehabilitasyon merkezi ve e\u011fitim alan\u0131n\u0131n geli\u015ftirilmesi noktas\u0131nda destek veriyoruz. Manavgat do\u011fas\u0131yla d\u00fcnyaya \u00f6rnek olsun istiyoruz. Manavgat Belediyesi olarak, deniz kaplumba\u011falar\u0131n\u0131n g\u00fcvenli bir \u015fekilde \u00fcreyebilmeleri ve ya\u015famlar\u0131n\u0131 s\u00fcrd\u00fcrebilmeleri i\u00e7in elimizden gelen t\u00fcm deste\u011fi sa\u011fl\u0131yoruz. Halk\u0131m\u0131z\u0131n da bu konuda duyarl\u0131 olmas\u0131n\u0131 ve do\u011fam\u0131z\u0131 birlikte korumak i\u00e7in \u00e7aba g\u00f6stermesini bekliyoruz.\u201d ifadelerini kulland\u0131.<\/p>\n\n\n\n<p>Manavgat Belediyesi \/ B\u00fclten<\/p>\n","protected":false},"excerpt":{"rendered":"<p>Manavgat Belediyesi\u2019nin destekleriyle s\u00fcrd\u00fcr\u00fclen deniz kaplumba\u011falar\u0131na y\u00f6nelik koruma \u00e7al\u0131\u015fmalar\u0131 meyvelerini veriyor. Manavgat Belediye Ba\u015fkan\u0131 Niyazi Nefi Kara, deniz kaplumba\u011falar\u0131n\u0131 koruma \u00e7al\u0131\u015fmas\u0131 y\u00fcr\u00fcten DEKAFOK Bilgi G\u00f6zlem <a href=\"https:\/\/akdenizhaber.com.tr\/index.php\/2024\/07\/15\/caretta-carettalar-manavgatta-hayat-buluyor\/\" class=\"read-more-link\">[more&#8230;]<\/a><\/p>\n","protected":false},"author":2,"featured_media":25067,"comment_status":"open","ping_status":"open","sticky":false,"template":"","format":"standard","meta":{"footnotes":""},"categories":[2],"tags":[],"class_list":["post-25066","post","type-post","status-publish","format-standard","has-post-thumbnail","hentry","category-gundem"],"_links":{"self":[{"href":"https:\/\/akdenizhaber.com.tr\/index.php\/wp-json\/wp\/v2\/posts\/25066","targetHints":{"allow":["GET"]}}],"collection":[{"href":"https:\/\/akdenizhaber.com.tr\/index.php\/wp-json\/wp\/v2\/posts"}],"about":[{"href":"https:\/\/akdenizhaber.com.tr\/index.php\/wp-json\/wp\/v2\/types\/post"}],"author":[{"embeddable":true,"href":"https:\/\/akdenizhaber.com.tr\/index.php\/wp-json\/wp\/v2\/users\/2"}],"replies":[{"embeddable":true,"href":"https:\/\/akdenizhaber.com.tr\/index.php\/wp-json\/wp\/v2\/comments?post=25066"}],"version-history":[{"count":2,"href":"https:\/\/akdenizhaber.com.tr\/index.php\/wp-json\/wp\/v2\/posts\/25066\/revisions"}],"predecessor-version":[{"id":25070,"href":"https:\/\/akdenizhaber.com.tr\/index.php\/wp-json\/wp\/v2\/posts\/25066\/revisions\/25070"}],"wp:featuredmedia":[{"embeddable":true,"href":"https:\/\/akdenizhaber.com.tr\/index.php\/wp-json\/wp\/v2\/media\/25067"}],"wp:attachment":[{"href":"https:\/\/akdenizhaber.com.tr\/index.php\/wp-json\/wp\/v2\/media?parent=25066"}],"wp:term":[{"taxonomy":"category","embeddable":true,"href":"https:\/\/akdenizhaber.com.tr\/index.php\/wp-json\/wp\/v2\/categories?post=25066"},{"taxonomy":"post_tag","embeddable":true,"href":"https:\/\/akdenizhaber.com.tr\/index.php\/wp-json\/wp\/v2\/tags?post=25066"}],"curies":[{"name":"wp","href":"https:\/\/api.w.org\/{rel}","templated":true}]}}