{"id":25061,"date":"2024-07-15T13:14:40","date_gmt":"2024-07-15T10:14:40","guid":{"rendered":"https:\/\/akdenizhaber.com.tr\/?p=25061"},"modified":"2024-07-15T13:14:41","modified_gmt":"2024-07-15T10:14:41","slug":"mavi-bayrakli-plajlar-goz-kamastiriyor","status":"publish","type":"post","link":"https:\/\/akdenizhaber.com.tr\/index.php\/2024\/07\/15\/mavi-bayrakli-plajlar-goz-kamastiriyor\/","title":{"rendered":"Mavi Bayrakl\u0131 Plajlar G\u00f6z Kama\u015ft\u0131r\u0131yor"},"content":{"rendered":"\n<p>Manavgat Belediyesi, y\u00fcksek kalite g\u00f6stergesi olan Mavi Bayrak\u2019a sahip Bo\u011faz Otel Plaj\u0131nda gerekli kriterleri yerne getirerek bayra\u011f\u0131n tekrar g\u00f6ndere \u00e7ekilmesini sa\u011flad\u0131.<\/p>\n\n\n\n<p>\u00c7evre y\u00f6netimi, su niteli\u011fi, g\u00fcvenlik ve hizmetler gibi 33 farkl\u0131 kriteri kar\u015f\u0131layan Manavgat Belediyesi, Bo\u011faz Otel Plaj\u0131\u2019nda hizmet kalitesini s\u00fcrd\u00fcrerek Mavi Bayra\u011f\u0131n g\u00f6nderde kalmas\u0131n\u0131 sa\u011flad\u0131. Mavi Bayrak, Bo\u011faz Otel Halk Plaj\u0131\u2019nda d\u00fczenlenen t\u00f6renle g\u00f6ndere \u00e7ekildi. T\u00f6rene, Manavgat Belediye Ba\u015fkan\u0131 Niyazi Nefi Kara, belediye ba\u015fkan yard\u0131mc\u0131lar\u0131 ve birim m\u00fcd\u00fcrleri kat\u0131ld\u0131.<\/p>\n\n\n\n<p>Mavi Bayrak, T\u00fcrkiye \u00c7evre E\u011fitim Vakf\u0131 (T\u00dcR\u00c7EV) Y\u00f6netim Kurulu Ba\u015fkan Yard\u0131mc\u0131s\u0131 Cenk Bayaz ve T\u00dcR\u00c7EV Antalya Koordinat\u00f6r\u00fc Mustafa Ergiydiren taraf\u0131ndan Manavgat Belediye Ba\u015fkan\u0131 Niyazi Nefi Kara\u2019ya teslim edildi.<\/p>\n\n\n\n<p>Manavgat\u2019\u0131n Mavi Bayrakl\u0131 Plajlar\u0131<\/p>\n\n\n\n<p><strong>Bo\u011faz Otel Plaj\u0131<\/strong><\/p>\n\n\n\n<p>Bo\u011faz Otel Plaj\u0131, Manavgat&#8217;\u0131n en g\u00f6zde tatil b\u00f6lgelerinden biri olan Sorgun\u2019da yer al\u0131yor. Temiz denizi ve bak\u0131ml\u0131 kumsal\u0131yla ziyaret\u00e7ilerine m\u00fckemmel bir plaj deneyimi sunuyor.<\/p>\n\n\n\n<p><strong>K\u0131z\u0131lot Halk Plaj\u0131<\/strong><\/p>\n\n\n\n<p>K\u0131z\u0131lot Halk Plaj\u0131, yerli halk\u0131n ve turistlerin s\u0131kl\u0131kla tercih etti\u011fi bir di\u011fer nokta. Temiz denizi ve d\u00fczenli plaj hizmetleriyle takdir topluyor. Plajda g\u00fcvenlik \u00f6nlemleri de en \u00fcst d\u00fczeyde sa\u011flanarak ziyaret\u00e7ilerin huzurlu bir tatil ge\u00e7irmesi sa\u011flan\u0131yor.<strong><\/strong><\/p>\n\n\n\n<p><strong>Nar Beach 1 ve 3 Halk Plajlar\u0131<\/strong><\/p>\n\n\n\n<p>Manavgat&#8217;\u0131n do\u011fal g\u00fczelliklerinden biri olan Antik Side\u2019de yer alan Nar Beach 1 ve 3 Halk Plajlar\u0131, hem temizlikleri hem de do\u011fal \u00e7evrelerinin korunmas\u0131yla \u00f6ne \u00e7\u0131k\u0131yor.<strong><\/strong><\/p>\n\n\n\n<p><strong>Evrenseki Halk Plaj\u0131<\/strong><\/p>\n\n\n\n<p>Evrenseki Halk Plaj\u0131, Manavgat&#8217;\u0131n e\u015fsiz g\u00fczellikteki kumsallar\u0131ndan biridir. Plaj\u0131n d\u00fczenli temizli\u011fi ve g\u00fcvenlik \u00f6nlemleri tatilciler taraf\u0131ndan takdir ediliyor.<\/p>\n\n\n\n<p>Manavgat Belediyesi, bu plajlar\u0131n sadece temizli\u011fi ve g\u00fcvenli\u011fiyle de\u011fil, ayn\u0131 zamanda \u00e7evre y\u00f6netimi, su kalitesi ve s\u00fcrd\u00fcr\u00fclebilirlik konular\u0131nda g\u00f6sterdi\u011fi \u00f6zverili \u00e7al\u0131\u015fmalarla da \u00f6ne \u00e7\u0131k\u0131yor.<\/p>\n\n\n\n<p>Temiz Sahil Temiz Gelecek<\/p>\n\n\n\n<p>T\u00f6rende konu\u015fan Manavgat Belediye Ba\u015fkan\u0131 Niyazi Nefi Kara, temiz bir Manavgat\u2019\u0131n her zaman \u00f6ncelikleri olaca\u011f\u0131n\u0131 s\u00f6yledi. Ba\u015fkan Kara, \u201cBildi\u011finiz gibi 8 halk plaj\u0131m\u0131z\u0131n 5 tanesi mavi bayrakl\u0131. Bo\u011faz Otel Halk plaj\u0131m\u0131z, i\u00e7lerinde \u00e7evre e\u011fitimi, at\u0131k y\u00f6netimi, y\u00fczme suyu kalitesi gibi detaylar bulunan 33 kriter konusunda denetlenip bu y\u0131l da mavi bayrak \u00f6d\u00fcl\u00fcne lay\u0131k g\u00f6r\u00fcld\u00fc. Temiz sahiller temiz bir gelecek demek. Temiz bir Manavgat bizim her zaman \u00f6nceli\u011fimiz olmaya devam edecek. Bu \u00f6d\u00fcl, Manavgat&#8217;\u0131n do\u011fal g\u00fczelliklerinin ve deniz kaynaklar\u0131n\u0131n korunmas\u0131 i\u00e7in verdi\u011fimiz kararl\u0131l\u0131\u011f\u0131n ve \u00e7al\u0131\u015fmalar\u0131m\u0131z\u0131n bir \u00f6d\u00fcl\u00fcd\u00fcr. Sahip oldu\u011fumuz bu bayrak, su kalitesi, \u00e7evre y\u00f6netimi, g\u00fcvenlik ve e\u011fitim gibi kriterlerde g\u00f6sterdi\u011fimiz \u00fcst\u00fcn performans\u0131 ve \u00e7evremize olan duyarl\u0131l\u0131\u011f\u0131m\u0131z\u0131 simgeliyor. Do\u011fal kaynaklar\u0131m\u0131z\u0131 koruma, s\u00fcrd\u00fcr\u00fclebilir turizm uygulamalar\u0131 ve \u00e7evre bilincinin yayg\u0131nla\u015ft\u0131r\u0131lmas\u0131 konusundaki \u00e7al\u0131\u015fmalar\u0131m\u0131z\u0131 daha da ileriye ta\u015f\u0131yaca\u011f\u0131z. Gelecek ku\u015faklara daha g\u00fczel bir Manavgat b\u0131rakmak i\u00e7in kararl\u0131l\u0131\u011f\u0131m\u0131z\u0131 ve \u00e7abalar\u0131m\u0131z\u0131 art\u0131rarak devam edece\u011fiz.\u201d ifadelerini kulland\u0131.<\/p>\n\n\n\n<p>Manavgat Belediyesi \/ B\u00fclten<\/p>\n","protected":false},"excerpt":{"rendered":"<p>Manavgat Belediyesi, y\u00fcksek kalite g\u00f6stergesi olan Mavi Bayrak\u2019a sahip Bo\u011faz Otel Plaj\u0131nda gerekli kriterleri yerne getirerek bayra\u011f\u0131n tekrar g\u00f6ndere \u00e7ekilmesini sa\u011flad\u0131. \u00c7evre y\u00f6netimi, su niteli\u011fi, <a href=\"https:\/\/akdenizhaber.com.tr\/index.php\/2024\/07\/15\/mavi-bayrakli-plajlar-goz-kamastiriyor\/\" class=\"read-more-link\">[more&#8230;]<\/a><\/p>\n","protected":false},"author":2,"featured_media":25062,"comment_status":"open","ping_status":"open","sticky":false,"template":"","format":"standard","meta":{"footnotes":""},"categories":[2],"tags":[],"class_list":["post-25061","post","type-post","status-publish","format-standard","has-post-thumbnail","hentry","category-gundem"],"_links":{"self":[{"href":"https:\/\/akdenizhaber.com.tr\/index.php\/wp-json\/wp\/v2\/posts\/25061","targetHints":{"allow":["GET"]}}],"collection":[{"href":"https:\/\/akdenizhaber.com.tr\/index.php\/wp-json\/wp\/v2\/posts"}],"about":[{"href":"https:\/\/akdenizhaber.com.tr\/index.php\/wp-json\/wp\/v2\/types\/post"}],"author":[{"embeddable":true,"href":"https:\/\/akdenizhaber.com.tr\/index.php\/wp-json\/wp\/v2\/users\/2"}],"replies":[{"embeddable":true,"href":"https:\/\/akdenizhaber.com.tr\/index.php\/wp-json\/wp\/v2\/comments?post=25061"}],"version-history":[{"count":1,"href":"https:\/\/akdenizhaber.com.tr\/index.php\/wp-json\/wp\/v2\/posts\/25061\/revisions"}],"predecessor-version":[{"id":25063,"href":"https:\/\/akdenizhaber.com.tr\/index.php\/wp-json\/wp\/v2\/posts\/25061\/revisions\/25063"}],"wp:featuredmedia":[{"embeddable":true,"href":"https:\/\/akdenizhaber.com.tr\/index.php\/wp-json\/wp\/v2\/media\/25062"}],"wp:attachment":[{"href":"https:\/\/akdenizhaber.com.tr\/index.php\/wp-json\/wp\/v2\/media?parent=25061"}],"wp:term":[{"taxonomy":"category","embeddable":true,"href":"https:\/\/akdenizhaber.com.tr\/index.php\/wp-json\/wp\/v2\/categories?post=25061"},{"taxonomy":"post_tag","embeddable":true,"href":"https:\/\/akdenizhaber.com.tr\/index.php\/wp-json\/wp\/v2\/tags?post=25061"}],"curies":[{"name":"wp","href":"https:\/\/api.w.org\/{rel}","templated":true}]}}