{"id":25043,"date":"2024-07-15T13:00:24","date_gmt":"2024-07-15T10:00:24","guid":{"rendered":"https:\/\/akdenizhaber.com.tr\/?p=25043"},"modified":"2024-07-15T13:00:25","modified_gmt":"2024-07-15T10:00:25","slug":"kepezin-sultanlari-netlesiyor","status":"publish","type":"post","link":"https:\/\/akdenizhaber.com.tr\/index.php\/2024\/07\/15\/kepezin-sultanlari-netlesiyor\/","title":{"rendered":"Kepez\u2019in sultanlar\u0131 netle\u015fiyor"},"content":{"rendered":"\n<p>Yeni sezona 2\u2019inci Lig\u2019de oynayacak Kepez Belediyesi Spor Kul\u00fcb\u00fc\u2019n\u00fcn voleybol tak\u0131mlar\u0131n\u0131n belirlenmesi i\u00e7in antrenmanlara ba\u015fland\u0131<\/p>\n\n\n\n<p>A tak\u0131m\u0131 2\u2019inci Lig\u2019de sezona ba\u015flayacak olan Kepez Belediyesi Spor Kul\u00fcb\u00fc\u2019n\u00fcn voleybol tak\u0131mlar\u0131n\u0131n kadrolar\u0131n\u0131n belirlenmesi i\u00e7in haftada 3 g\u00fcn antrenman yap\u0131l\u0131yor. Turgut \u00d6zal Spor Salonu\u2019ndaki \u00e7al\u0131\u015fmalarda belirlenecek ilk tak\u0131m, gen\u00e7 tak\u0131m\u0131 oldu. Ge\u00e7en sezon A tak\u0131m\u0131n\u0131 B\u00f6lgesel Lig \u015fampiyonu olarak lige y\u00fckselten oyuncular\u0131n da yer ald\u0131\u011f\u0131 gen\u00e7 tak\u0131ma, di\u011fer kul\u00fcplerden deneme ama\u00e7l\u0131 oyuncular kat\u0131ld\u0131.<\/p>\n\n\n\n<p>YEN\u0130 TRANSFERLER OLACAK<\/p>\n\n\n\n<p>Ge\u00e7en sezon ba\u015fka bir kul\u00fcpte oynay\u0131p yuvaya geri d\u00f6nen ilk oyuncu ise \u0130kra Kahraman oldu. A\u011fustos ay\u0131nda lig tak\u0131m\u0131n\u0131n da antrenmanlara ba\u015flayaca\u011f\u0131n\u0131 duyuran Ba\u015f antren\u00f6r Koray Turgut, \u2018A tak\u0131m\u0131n\u0131 motive edecek daha deneyimli oyuncular\u0131n transferleri i\u00e7in g\u00f6r\u00fc\u015f\u00fcyoruz. A tak\u0131m\u0131 A\u011fustos ay\u0131ndan itibaren \u00e7ift antrenman yapacak. Bizim altyap\u0131m\u0131zdan gidip bu sezon d\u00f6nmek isteyen ve yeni kat\u0131lmak isteyen oyuncular ile g\u00f6r\u00fc\u015f\u00fcyoruz\u2019 diye konu\u015ftu.<\/p>\n\n\n\n<p>Kepez Belediyesi \/ B\u00fclten<\/p>\n","protected":false},"excerpt":{"rendered":"<p>Yeni sezona 2\u2019inci Lig\u2019de oynayacak Kepez Belediyesi Spor Kul\u00fcb\u00fc\u2019n\u00fcn voleybol tak\u0131mlar\u0131n\u0131n belirlenmesi i\u00e7in antrenmanlara ba\u015fland\u0131 A tak\u0131m\u0131 2\u2019inci Lig\u2019de sezona ba\u015flayacak olan Kepez Belediyesi Spor <a href=\"https:\/\/akdenizhaber.com.tr\/index.php\/2024\/07\/15\/kepezin-sultanlari-netlesiyor\/\" class=\"read-more-link\">[more&#8230;]<\/a><\/p>\n","protected":false},"author":2,"featured_media":25044,"comment_status":"open","ping_status":"open","sticky":false,"template":"","format":"standard","meta":{"footnotes":""},"categories":[2],"tags":[],"class_list":["post-25043","post","type-post","status-publish","format-standard","has-post-thumbnail","hentry","category-gundem"],"_links":{"self":[{"href":"https:\/\/akdenizhaber.com.tr\/index.php\/wp-json\/wp\/v2\/posts\/25043","targetHints":{"allow":["GET"]}}],"collection":[{"href":"https:\/\/akdenizhaber.com.tr\/index.php\/wp-json\/wp\/v2\/posts"}],"about":[{"href":"https:\/\/akdenizhaber.com.tr\/index.php\/wp-json\/wp\/v2\/types\/post"}],"author":[{"embeddable":true,"href":"https:\/\/akdenizhaber.com.tr\/index.php\/wp-json\/wp\/v2\/users\/2"}],"replies":[{"embeddable":true,"href":"https:\/\/akdenizhaber.com.tr\/index.php\/wp-json\/wp\/v2\/comments?post=25043"}],"version-history":[{"count":1,"href":"https:\/\/akdenizhaber.com.tr\/index.php\/wp-json\/wp\/v2\/posts\/25043\/revisions"}],"predecessor-version":[{"id":25045,"href":"https:\/\/akdenizhaber.com.tr\/index.php\/wp-json\/wp\/v2\/posts\/25043\/revisions\/25045"}],"wp:featuredmedia":[{"embeddable":true,"href":"https:\/\/akdenizhaber.com.tr\/index.php\/wp-json\/wp\/v2\/media\/25044"}],"wp:attachment":[{"href":"https:\/\/akdenizhaber.com.tr\/index.php\/wp-json\/wp\/v2\/media?parent=25043"}],"wp:term":[{"taxonomy":"category","embeddable":true,"href":"https:\/\/akdenizhaber.com.tr\/index.php\/wp-json\/wp\/v2\/categories?post=25043"},{"taxonomy":"post_tag","embeddable":true,"href":"https:\/\/akdenizhaber.com.tr\/index.php\/wp-json\/wp\/v2\/tags?post=25043"}],"curies":[{"name":"wp","href":"https:\/\/api.w.org\/{rel}","templated":true}]}}