{"id":25040,"date":"2024-07-15T12:59:55","date_gmt":"2024-07-15T09:59:55","guid":{"rendered":"https:\/\/akdenizhaber.com.tr\/?p=25040"},"modified":"2024-07-15T12:59:56","modified_gmt":"2024-07-15T09:59:56","slug":"buyuksehirin-17-plajina-mavi-bayrak","status":"publish","type":"post","link":"https:\/\/akdenizhaber.com.tr\/index.php\/2024\/07\/15\/buyuksehirin-17-plajina-mavi-bayrak\/","title":{"rendered":"B\u00fcy\u00fck\u015fehir&#8217;in 17 plaj\u0131na Mavi Bayrak"},"content":{"rendered":"\n<p>Antalya B\u00fcy\u00fck\u015fehir Belediyesi sorumlulu\u011funda bulunan 17 halk plaj\u0131 Mavi Bayrakla \u00f6d\u00fcllendirildi. Sar\u0131su Halk Plaj ve Sar\u0131su Kad\u0131nlar Plaj\u0131\u2019na Mavi Bayraklar \u00e7ekildi. B\u00fcy\u00fck\u015fehir plajlar\u0131, bu yaz da p\u0131r\u0131l p\u0131r\u0131l denizi ve temiz sahiliyle ziyaret\u00e7ilerini a\u011f\u0131rlayacak.<\/p>\n\n\n\n<p>T\u00fcrkiye\u2019nin turizm ba\u015fkenti Antalya, T\u00fcrkiye&#8217;nin en \u00e7ok Mavi Bayra\u011fa sahip ili olma \u00f6zelli\u011fini bu y\u0131l da korurken, Uluslararas\u0131 \u00c7evre E\u011fitim Vakf\u0131 taraf\u0131ndan T\u00fcrkiye \u00c7evre E\u011fitim Vakf\u0131 (T\u00dcR\u00c7EV) koordinasyonunda y\u00fcr\u00fct\u00fclen Mavi Bayrak projesi kapsam\u0131nda, Antalya B\u00fcy\u00fck\u015fehir Belediyesi uhdesinde bulunan 17 halk plaj\u0131 bu y\u0131l da Mavi Bayrakla \u00f6d\u00fcllendirildi.<\/p>\n\n\n\n<p>17 HALK PLAJINDA MAV\u0130 BAYRAK DALGALANIYOR<\/p>\n\n\n\n<p>B\u00fcy\u00fck\u015fehir Belediyesi\u2019nin Antalya\u2019n\u0131n denizi ve k\u0131y\u0131lar\u0131n\u0131n korunmas\u0131 i\u00e7in ger\u00e7ekle\u015ftirdi\u011fi \u00e7evre yat\u0131r\u0131mlar\u0131yla ald\u0131\u011f\u0131 Mavi Bayraklar\u0131n dalgaland\u0131\u011f\u0131 plajlarda yerli ve yabanc\u0131 vatanda\u015flar p\u0131r\u0131l p\u0131r\u0131l denizde kula\u00e7 at\u0131yor. Deniz suyunun temizli\u011fini, \u00e7evre y\u00f6netimine verilen \u00f6nemi, plajlar\u0131n hijyenini ve g\u00fcvenilirli\u011fini uluslararas\u0131 anlamda teyit eden Mavi Bayra\u011f\u0131 17 ayr\u0131 plaj\u0131nda dalgaland\u0131ran B\u00fcy\u00fck\u015fehir Belediyesi, t\u00fcm plajlarda du\u015flardan giyinme kabinlerine kadar her ihtiyaca cevap veriyor.<\/p>\n\n\n\n<p>B\u00dcY\u00dcK\u015eEH\u0130R \u0130MKANLARIYLA KAZANILDI &nbsp;<\/p>\n\n\n\n<p>Antalya B\u00fcy\u00fck\u015fehir Belediyesi ANET A.\u015e taraf\u0131ndan i\u015fletilen Sar\u0131su Halk Plaj\u0131 ve Sar\u0131su Kad\u0131nlar Plaj\u0131 da 2024 y\u0131l\u0131 Uluslararas\u0131 Mavi Bayrak \u00f6d\u00fcl\u00fc ve sertifikas\u0131 almaya hak kazand\u0131. ANET A.\u015e Y\u00f6netim Kurulu Ba\u015fkan\u0131 Nuri Cengiz kazan\u0131lan bayra\u011f\u0131 B\u00fcy\u00fck\u015fehir Belediyesi Deniz ve K\u0131y\u0131 Y\u00f6netimi \u015eube M\u00fcd\u00fcrl\u00fc\u011f\u00fc yetkilileriyle birlikte g\u00f6ndere \u00e7ekti.<\/p>\n\n\n\n<p>Antalya\u2019n\u0131n d\u00fcnyan\u0131n en g\u00fczel kenti oldu\u011funu, bu g\u00fczelli\u011fi korumak i\u00e7in de \u00e7al\u0131\u015ft\u0131klar\u0131n\u0131<\/p>\n\n\n\n<p>s\u00f6yleyen Nuri Cengiz, \u201cUluslararas\u0131 standart anlam\u0131 ta\u015f\u0131yan Mavi Bayraklar\u0131 bu y\u0131l da plajlar\u0131m\u0131zda g\u00f6ndere \u00e7ektik. Bunun sevincini ya\u015f\u0131yoruz. Mavi Bayrak, sa\u011fl\u0131kl\u0131 y\u00fczme suyu, g\u00fcvenli bir plaj ortam\u0131, engelli hizmetleri ve kullan\u0131c\u0131lar i\u00e7in donan\u0131m\u0131 garanti eden bir kalite belgesidir. Sar\u0131su Plaj\u0131 Antalya\u2019n\u0131n en g\u00fczel plajlar\u0131ndan bir tanesidir ve buras\u0131 Antalya B\u00fcy\u00fck\u015fehir Belediyesi\u2019nin sa\u011flad\u0131\u011f\u0131 imkanlar ile bu \u00f6d\u00fcl\u00fc almaya hak kazanm\u0131\u015ft\u0131r\u201d diye konu\u015ftu. &nbsp;<\/p>\n\n\n\n<p>SARISU ANTALYA HALKININDIR<\/p>\n\n\n\n<p>Son d\u00f6nemde Sar\u0131su Mesire Alan\u0131\u2019nda ya\u015fanan geli\u015fmelere de de\u011finen ANET A.\u015e Ba\u015fkan\u0131 Nuri Cengiz, \u015funlar\u0131 s\u00f6yledi: \u201cSar\u0131su Antalya halk\u0131n\u0131nd\u0131r ve halk\u0131n\u0131n kalmal\u0131d\u0131r. Kazan\u0131lan Mavi Bayrak, bu plaj\u0131n k\u0131y\u0131lar\u0131n\u0131n temizli\u011fini, piknik alanlar\u0131nda ziyaret\u00e7ilerin daha uygun ve konforlu ortamlarda vakit ge\u00e7irebilmeleri anlam\u0131nda B\u00fcy\u00fck\u015fehir Belediyesi olarak uluslararas\u0131 bir standard\u0131 g\u00f6zetti\u011fimizin bir g\u00f6stergesidir. Plajlar\u0131m\u0131z\u0131n, denizimizin, do\u011fam\u0131z\u0131n ve \u00e7evremizin s\u00fcrd\u00fcr\u00fclebilir bir anlay\u0131\u015fla korunarak, burada ticari bir mant\u0131ktan \u00f6teye halk\u0131n kullan\u0131m\u0131nda kalmas\u0131n\u0131 sa\u011flanmal\u0131. Plajlar halk\u0131nd\u0131r halk\u0131n kalmal\u0131d\u0131r. B\u00fct\u00fcn s\u0131k\u0131nt\u0131lara ra\u011fmen \u00f6zellikle Sar\u0131su Plaj\u0131\u2019nda,<\/p>\n\n\n\n<p>Muhittin B\u00f6cek Ba\u015fkan\u0131m\u0131z\u0131n destekleriyle daha ileriye g\u00f6t\u00fcrecek, halk\u0131n kullan\u0131m\u0131nda kalmas\u0131n\u0131 sa\u011flayacak sosyal belediyecilik anlay\u0131\u015f\u0131n\u0131 s\u00fcrekli k\u0131lacak \u00e7al\u0131\u015fmalara devam edece\u011fiz.\u201d &nbsp;<\/p>\n\n\n\n<p>Antalya B\u00fcy\u00fck\u015fehir Belediyesi \/ B\u00fclten<\/p>\n","protected":false},"excerpt":{"rendered":"<p>Antalya B\u00fcy\u00fck\u015fehir Belediyesi sorumlulu\u011funda bulunan 17 halk plaj\u0131 Mavi Bayrakla \u00f6d\u00fcllendirildi. Sar\u0131su Halk Plaj ve Sar\u0131su Kad\u0131nlar Plaj\u0131\u2019na Mavi Bayraklar \u00e7ekildi. B\u00fcy\u00fck\u015fehir plajlar\u0131, bu yaz <a href=\"https:\/\/akdenizhaber.com.tr\/index.php\/2024\/07\/15\/buyuksehirin-17-plajina-mavi-bayrak\/\" class=\"read-more-link\">[more&#8230;]<\/a><\/p>\n","protected":false},"author":2,"featured_media":25041,"comment_status":"open","ping_status":"open","sticky":false,"template":"","format":"standard","meta":{"footnotes":""},"categories":[2],"tags":[],"class_list":["post-25040","post","type-post","status-publish","format-standard","has-post-thumbnail","hentry","category-gundem"],"_links":{"self":[{"href":"https:\/\/akdenizhaber.com.tr\/index.php\/wp-json\/wp\/v2\/posts\/25040","targetHints":{"allow":["GET"]}}],"collection":[{"href":"https:\/\/akdenizhaber.com.tr\/index.php\/wp-json\/wp\/v2\/posts"}],"about":[{"href":"https:\/\/akdenizhaber.com.tr\/index.php\/wp-json\/wp\/v2\/types\/post"}],"author":[{"embeddable":true,"href":"https:\/\/akdenizhaber.com.tr\/index.php\/wp-json\/wp\/v2\/users\/2"}],"replies":[{"embeddable":true,"href":"https:\/\/akdenizhaber.com.tr\/index.php\/wp-json\/wp\/v2\/comments?post=25040"}],"version-history":[{"count":1,"href":"https:\/\/akdenizhaber.com.tr\/index.php\/wp-json\/wp\/v2\/posts\/25040\/revisions"}],"predecessor-version":[{"id":25042,"href":"https:\/\/akdenizhaber.com.tr\/index.php\/wp-json\/wp\/v2\/posts\/25040\/revisions\/25042"}],"wp:featuredmedia":[{"embeddable":true,"href":"https:\/\/akdenizhaber.com.tr\/index.php\/wp-json\/wp\/v2\/media\/25041"}],"wp:attachment":[{"href":"https:\/\/akdenizhaber.com.tr\/index.php\/wp-json\/wp\/v2\/media?parent=25040"}],"wp:term":[{"taxonomy":"category","embeddable":true,"href":"https:\/\/akdenizhaber.com.tr\/index.php\/wp-json\/wp\/v2\/categories?post=25040"},{"taxonomy":"post_tag","embeddable":true,"href":"https:\/\/akdenizhaber.com.tr\/index.php\/wp-json\/wp\/v2\/tags?post=25040"}],"curies":[{"name":"wp","href":"https:\/\/api.w.org\/{rel}","templated":true}]}}