{"id":25037,"date":"2024-07-15T12:59:09","date_gmt":"2024-07-15T09:59:09","guid":{"rendered":"https:\/\/akdenizhaber.com.tr\/?p=25037"},"modified":"2024-07-15T12:59:09","modified_gmt":"2024-07-15T09:59:09","slug":"gunes-okulu-projesinde-genclere-sektor-tanitildi","status":"publish","type":"post","link":"https:\/\/akdenizhaber.com.tr\/index.php\/2024\/07\/15\/gunes-okulu-projesinde-genclere-sektor-tanitildi\/","title":{"rendered":"G\u00fcne\u015f Okulu Projesi\u2019nde gen\u00e7lere sekt\u00f6r tan\u0131t\u0131ld\u0131"},"content":{"rendered":"\n<p>Antalya B\u00fcy\u00fck\u015fehir Belediyesi\u2019nin, gen\u00e7lerin i\u015f g\u00fcc\u00fcne kat\u0131l\u0131mlar\u0131n\u0131 art\u0131rarak ekonomik ba\u011f\u0131ms\u0131zl\u0131klar\u0131n\u0131 sa\u011flamak ve yenilenebilir enerji sekt\u00f6r\u00fcnde istihdam imkan\u0131 sunmak i\u00e7in hayata ge\u00e7irdi\u011fi G\u00fcne\u015f Okulu Projesi\u2019nin a\u00e7\u0131l\u0131\u015f toplant\u0131s\u0131 yap\u0131ld\u0131. Teorik e\u011fitimin ard\u0131ndan &nbsp;uygulamal\u0131 e\u011fitimleri de ba\u015far\u0131yla tamamlayan gen\u00e7lere \u00c7anakkale \u00dcniversitesi onayl\u0131 sertifika verilecek. Gen\u00e7ler, temiz enerji sekt\u00f6r\u00fcnde i\u015f bulabilecek.<\/p>\n\n\n\n<p>Antalya B\u00fcy\u00fck\u015fehir Belediyesi\u2019nin y\u00fcr\u00fct\u00fcc\u00fcs\u00fc oldu\u011fu, Avrupa Birli\u011fi, \u00c7al\u0131\u015fma ve Sosyal G\u00fcvenlik Bakanl\u0131\u011f\u0131 ve \u0130\u015eKUR destekli \u2018Ne E\u011fitimde Ne \u0130stihdamda Olan Gen\u00e7lere Y\u00f6nelik \u0130\u015fg\u00fcc\u00fc Piyasas\u0131 Destek Program\u0131 Operasyonu Hibe Program\u0131\u2019 (NEET PRO) kapsam\u0131nda hayata ge\u00e7irilen \u2018G\u00fcne\u015f Okulu\u2019 projesinin a\u00e7\u0131l\u0131\u015f toplant\u0131s\u0131 yap\u0131ld\u0131. Toplant\u0131da projede e\u011fitim alan gen\u00e7lerin sekt\u00f6re tan\u0131t\u0131m\u0131 yap\u0131ld\u0131, GES sekt\u00f6r\u00fcnde yer alan firmalar ve \u00e7al\u0131\u015fanlar gen\u00e7lerle bir araya geldi.<\/p>\n\n\n\n<p>\u0130KL\u0130M DE\u011e\u0130\u015e\u0130KL\u0130\u011e\u0130YLE M\u00dcCADELE<\/p>\n\n\n\n<p>Toplant\u0131n\u0131n a\u00e7\u0131l\u0131\u015f\u0131n\u0131 yapan Antalya B\u00fcy\u00fck\u015fehir Belediyesi Genel Sekreteri Cansel Tuncer, G\u00fcne\u015f Okulu Projesi\u2019nin hem gen\u00e7lerin enerji sekt\u00f6r\u00fcnde istihdam\u0131 hem de iklim de\u011fi\u015fikli\u011fiyle m\u00fccadele konusunda at\u0131lan b\u00fcy\u00fck bir ad\u0131m oldu\u011funa dikkat \u00e7ekti. \u015eehirlerin h\u0131zla artan n\u00fcfusu ve artan sanayi faaliyetlerinin enerji ihtiya\u00e7lar\u0131n\u0131 artt\u0131rd\u0131\u011f\u0131n\u0131 ifade eden Tuncer, \u201cFosil yak\u0131tlara dayal\u0131 geleneksel enerji \u00fcretiminin k\u00fcresel iklim de\u011fi\u015fikli\u011fine olumsuz etkileri yenilenebilir enerji kaynaklar\u0131n\u0131n stratejik \u00f6nemini ortaya \u00e7\u0131karmaktad\u0131r. Antalya ve kom\u015fu b\u00f6lgelerimiz a\u00e7\u0131s\u0131ndan potansiyeli en y\u00fcksek enerji kayna\u011f\u0131 g\u00fcne\u015f enerjisidir. Ancak bu alanda kar\u015f\u0131la\u015f\u0131lan en b\u00fcy\u00fck zorluklardan biri istihdam a\u00e7\u0131\u011f\u0131d\u0131r. Antalya G\u00fcne\u015f Okulu projemiz bu \u00f6nemli ihtiyac\u0131n kar\u015f\u0131lanmas\u0131nda ve iklim de\u011fi\u015fikli\u011fiyle m\u00fccadele konusunda at\u0131lan b\u00fcy\u00fck bir ad\u0131md\u0131r\u201d dedi.<\/p>\n\n\n\n<p>GEN\u00c7LERE \u0130ST\u0130HDAM \u0130MKANI<\/p>\n\n\n\n<p>Tuncer, Avrupa Birli\u011fi taraf\u0131ndan desteklenen projenin iklim de\u011fi\u015fikli\u011finin y\u0131k\u0131c\u0131 etkilerinin d\u00fc\u015f\u00fcr\u00fclmesine katk\u0131 a\u011flad\u0131\u011f\u0131 kadar 15-29 ya\u015f aras\u0131 gen\u00e7lerin \u00f6ncelikle Antalya ve \u00e7evre illerinde daha sonra T\u00fcrkiye\u2019nin farkl\u0131 b\u00f6lgelerinde g\u00fcne\u015f enerji sistemleri kurulumu bak\u0131m\u0131 ve onar\u0131m\u0131 konusunda uzman ara eleman istihdam a\u00e7\u0131\u011f\u0131n\u0131n kapat\u0131lmas\u0131na da katk\u0131 sa\u011flayaca\u011f\u0131n\u0131 belirtti.<\/p>\n\n\n\n<p>B\u00dcY\u00dcK\u015eEH\u0130R PROJEYE B\u00dcY\u00dcK EMEK VERD\u0130<\/p>\n\n\n\n<p>\u00c7anakkale \u00dcniversitesi\u2019nden Enerji Y\u00f6netimi \u00d6\u011fretim \u00dcyesi Dr. Ozan Deniz de, proje kapsam\u0131nda kat\u0131l\u0131mc\u0131 gen\u00e7lere ilk olarak online teorik e\u011fitimler verildi\u011fini belirterek, \u201cE\u011fitimler sonunda bug\u00fcn s\u0131nav yapt\u0131k. S\u0131nav sonucunda gen\u00e7ler \u00c7anakkale \u00dcniversitesi onayl\u0131 sertifikalar\u0131n\u0131 alacaklar. Bundan sonra uygulamal\u0131 e\u011fitimler ba\u015flayacak. Enerji sekt\u00f6r\u00fc d\u00fcnyada geli\u015fmekte olan su ve g\u0131da gibi sekt\u00f6rlerden bir tanesi. Antalya da g\u00fcne\u015f enerjisi konusunda de\u011ferli bir yere sahip. Antalya B\u00fcy\u00fck\u015fehir Belediyesi bu projeye \u00e7ok fazla emek verdi. Bunun sonucu al\u0131yor olmak bizleri \u00e7ok mutlu etti\u201d diye konu\u015ftu.<\/p>\n\n\n\n<p>\u0130\u015eKUR Antalya \u015eube M\u00fcd\u00fcr\u00fc Neva Ak\u00e7ay\u0131r da \u00fclkemizde ne e\u011fitimde ne istihdamda olan i\u015fsiz gen\u00e7lerin bir sorun oldu\u011funa dikkat \u00e7ekerek, projenin bu gen\u00e7lere katk\u0131 sa\u011flayaca\u011f\u0131n\u0131 s\u00f6yledi.<\/p>\n\n\n\n<p>UYGULAMALI E\u011e\u0130T\u0130MLER BA\u015eLIYOR<\/p>\n\n\n\n<p>Antalya B\u00fcy\u00fck\u015fehir Belediyesi AB \u0130li\u015fkileri ve Proje \u015eube M\u00fcd\u00fcr\u00fc G\u00fcliz Yaman da proje hakk\u0131nda GES sekt\u00f6r\u00fcnde yer alan firmalara bilgilendirme yapt\u0131. G\u00fcliz Yaman, proje ile ilgili \u015fu bilgileri verdi: \u201c15- 29 ya\u015f aral\u0131\u011f\u0131nda gen\u00e7lerin yenilenebilir enerji sekt\u00f6r\u00fcnde istihdam edilebilmesi i\u00e7in ba\u015flat\u0131lan projede; 200 gence ilk olarak teorik e\u011fitim verildi. S\u0131nav sonu\u00e7lar\u0131na g\u00f6re sertifikalar\u0131n\u0131 alacak olan gen\u00e7ler, 18 Temmuz itibariyle 12 g\u00fcnl\u00fck uygulamal\u0131 e\u011fitim a\u015famas\u0131na ge\u00e7ecek. Antalya B\u00fcy\u00fck\u015fehir Belediyesi \u00c7evre E\u011fitim ve \u0130novasyon Merkezinde kurulacak alanda gen\u00e7lere e\u011fitim verilecek. Merkezde 5 adet uygulama at\u00f6lyesi kuruluyor. E\u011fitimler sonunda \u0130\u015eKUR i\u015fbirli\u011fiyle gen\u00e7lere bireysel eylem planlar\u0131 haz\u0131rlanacak. Gen\u00e7lerimiz kamu binalar\u0131, sosyal kurumlar, \u00e7iftlikler, \u00f6zel konutlar \u00fczerinde g\u00fcne\u015f panelleri kurulmas\u0131 ve bak\u0131m\u0131 konusunda hizmet veren kurum ve kurulu\u015flarda i\u015fe girme imkan\u0131 bulacak.\u201d<\/p>\n\n\n\n<p>A\u00e7\u0131l\u0131\u015f konu\u015fmalar\u0131n\u0131n ard\u0131ndan GES sekt\u00f6r\u00fcnden \u00e7e\u015fitli firmalar; firmalar\u0131n\u0131, i\u015f ko\u015fullar\u0131n\u0131, personelde arad\u0131klar\u0131 \u00f6zellikleri anlatan sunumlar ger\u00e7ekle\u015ftirerek gen\u00e7lere sekt\u00f6r hakk\u0131nda bilgi verdi.<\/p>\n\n\n\n<p>Antalya B\u00fcy\u00fck\u015fehir Belediyesi \/ B\u00fclten<\/p>\n","protected":false},"excerpt":{"rendered":"<p>Antalya B\u00fcy\u00fck\u015fehir Belediyesi\u2019nin, gen\u00e7lerin i\u015f g\u00fcc\u00fcne kat\u0131l\u0131mlar\u0131n\u0131 art\u0131rarak ekonomik ba\u011f\u0131ms\u0131zl\u0131klar\u0131n\u0131 sa\u011flamak ve yenilenebilir enerji sekt\u00f6r\u00fcnde istihdam imkan\u0131 sunmak i\u00e7in hayata ge\u00e7irdi\u011fi G\u00fcne\u015f Okulu Projesi\u2019nin a\u00e7\u0131l\u0131\u015f <a href=\"https:\/\/akdenizhaber.com.tr\/index.php\/2024\/07\/15\/gunes-okulu-projesinde-genclere-sektor-tanitildi\/\" class=\"read-more-link\">[more&#8230;]<\/a><\/p>\n","protected":false},"author":2,"featured_media":25038,"comment_status":"open","ping_status":"open","sticky":false,"template":"","format":"standard","meta":{"footnotes":""},"categories":[2],"tags":[],"class_list":["post-25037","post","type-post","status-publish","format-standard","has-post-thumbnail","hentry","category-gundem"],"_links":{"self":[{"href":"https:\/\/akdenizhaber.com.tr\/index.php\/wp-json\/wp\/v2\/posts\/25037","targetHints":{"allow":["GET"]}}],"collection":[{"href":"https:\/\/akdenizhaber.com.tr\/index.php\/wp-json\/wp\/v2\/posts"}],"about":[{"href":"https:\/\/akdenizhaber.com.tr\/index.php\/wp-json\/wp\/v2\/types\/post"}],"author":[{"embeddable":true,"href":"https:\/\/akdenizhaber.com.tr\/index.php\/wp-json\/wp\/v2\/users\/2"}],"replies":[{"embeddable":true,"href":"https:\/\/akdenizhaber.com.tr\/index.php\/wp-json\/wp\/v2\/comments?post=25037"}],"version-history":[{"count":1,"href":"https:\/\/akdenizhaber.com.tr\/index.php\/wp-json\/wp\/v2\/posts\/25037\/revisions"}],"predecessor-version":[{"id":25039,"href":"https:\/\/akdenizhaber.com.tr\/index.php\/wp-json\/wp\/v2\/posts\/25037\/revisions\/25039"}],"wp:featuredmedia":[{"embeddable":true,"href":"https:\/\/akdenizhaber.com.tr\/index.php\/wp-json\/wp\/v2\/media\/25038"}],"wp:attachment":[{"href":"https:\/\/akdenizhaber.com.tr\/index.php\/wp-json\/wp\/v2\/media?parent=25037"}],"wp:term":[{"taxonomy":"category","embeddable":true,"href":"https:\/\/akdenizhaber.com.tr\/index.php\/wp-json\/wp\/v2\/categories?post=25037"},{"taxonomy":"post_tag","embeddable":true,"href":"https:\/\/akdenizhaber.com.tr\/index.php\/wp-json\/wp\/v2\/tags?post=25037"}],"curies":[{"name":"wp","href":"https:\/\/api.w.org\/{rel}","templated":true}]}}