{"id":25005,"date":"2024-07-11T13:15:58","date_gmt":"2024-07-11T10:15:58","guid":{"rendered":"https:\/\/akdenizhaber.com.tr\/?p=25005"},"modified":"2024-07-11T13:15:59","modified_gmt":"2024-07-11T10:15:59","slug":"kocagoz-belediyeciligimiz-turkiye-ornek-olacak","status":"publish","type":"post","link":"https:\/\/akdenizhaber.com.tr\/index.php\/2024\/07\/11\/kocagoz-belediyeciligimiz-turkiye-ornek-olacak\/","title":{"rendered":"Kocag\u00f6z, \u201cBelediyecili\u011fimiz T\u00fcrkiye \u00f6rnek olacak\u201d"},"content":{"rendered":"\n<p>Kepez Belediye Ba\u015fkan\u0131 Mesut Kocag\u00f6z, mahalle muhtarlar\u0131n\u0131n deste\u011fiyle T\u00fcrkiye\u2019ye \u00f6rnek olacak bir belediyecilik yapacaklar\u0131n\u0131 s\u00f6yledi.<\/p>\n\n\n\n<p>Ba\u015fkan Mesut Kocag\u00f6z, yol arkada\u015flar\u0131m, dedi\u011fi muhtarlarla bir araya geldi.<br>Kepez Belediyesinin Macera Orman\u0131\u2019nda yer alan sosyal tesisindeki bulu\u015fmaya Kepez Muhtarlar Dernek Ba\u015fkan\u0131 S\u00fcleyman Kabaa\u011fa\u00e7, dernek y\u00f6netimi ile 68 mahalle muhtar\u0131n\u0131n tamam\u0131na yak\u0131n\u0131 kat\u0131ld\u0131.<br>Belediye ba\u015fkan yard\u0131mc\u0131lar\u0131 ile birim m\u00fcd\u00fcrleri de toplant\u0131da haz\u0131r bulundu.&nbsp;<br>Samimi bir ortamda ger\u00e7ekle\u015fen bulu\u015fmada talepler dinlendi ve mahallelere yap\u0131lacak hizmetler konu\u015fuldu.<br>Kepez Muhtarlar Dernek Ba\u015fkan\u0131 S\u00fcleyman Kabaa\u011fa\u00e7, Ba\u015fkan Mesut Kocag\u00f6z\u2019e, ya\u015fad\u0131\u011f\u0131 hukuki s\u00fcre\u00e7ten dolay\u0131 ge\u00e7mi\u015f olsun dileklerini iletti. Konu\u015fmas\u0131nda muhtarlar\u0131n ve dernek y\u00f6netiminin isteklerini dile getiren Kabaa\u011fa\u00e7, belediye y\u00f6netimiyle muhtarlar\u0131n bir araya gelmesinin vatanda\u015flar\u0131n hizmet taleplerinin kar\u015f\u0131lanmas\u0131 ad\u0131na \u00f6nemli oldu\u011funu s\u00f6yledi. &nbsp;<\/p>\n\n\n\n<p>\u201cBELEYEN\u0130N MAKAM KAPISI YOK\u201d<br>Daha sonra s\u00f6z alan Ba\u015fkan Mesut Kocag\u00f6z de, muhtarlar\u0131n\u0131n her birinin belediye ba\u015fkan\u0131 oldu\u011funun alt\u0131n\u0131 \u00e7izerek, muhtarlara \u015f\u00f6yle seslendi: \u201cYa\u015fad\u0131\u011f\u0131m yarg\u0131 s\u00fcrecinden dolay\u0131 2 ay kadar g\u00f6revimden uzak kald\u0131m.<br>Her g\u00fcn y\u00fczlerce ki\u015fiyi makam\u0131mda a\u011f\u0131rl\u0131yorum. Se\u00e7im d\u00f6neminde makam kap\u0131m\u0131z\u0131 olmayacak, dedik. Dedi\u011fimi yap\u0131yorum. \u00d6n\u00fcm\u00fczdeki s\u00fcre\u00e7te yo\u011fun bir \u015fekilde sahada olaca\u011f\u0131m. Bu s\u00fcre\u00e7te muhtarlar\u0131m\u0131zla s\u0131k s\u0131k bir araya gelece\u011fim. &nbsp;&nbsp;<\/p>\n\n\n\n<p>\u201cMUHTARLAR DA BELED\u0130YE BA\u015eKANI\u201d<br>Hepiniz birer belediye ba\u015fkan\u0131s\u0131n\u0131z. Benim d\u00f6nemimde bunu ya\u015fayacaks\u0131n\u0131z. Bu dedi\u011fimi Kepez Belediye Ba\u015fkan Yard\u0131mc\u0131s\u0131 oldu\u011fu d\u00f6nemde ki muhtarlar ya\u015fad\u0131. B\u00fct\u00e7emiz belli. Paray\u0131 nereye harcayaca\u011f\u0131m\u0131z\u0131 ilk \u00f6nce muhtarlar\u0131m\u0131za soraca\u011f\u0131z. Mahalle meclislerini kurmay\u0131 \u00e7ok istiyorum. Mahalle meclislerinin ba\u015f\u0131nda muhtar yer alacak. Bu mecliste her ya\u015ftan, toplumun her kesiminden vatanda\u015flar ile se\u00e7im baraj\u0131n\u0131 ge\u00e7en siyasi partilerin temsilcileri olacak. Siyaset \u00fcst\u00fc olabilmesi i\u00e7in de meclisin ba\u015fkan\u0131 muhtar olacak. Bu meclise her t\u00fcrl\u00fc imk\u00e2n\u0131 verece\u011fim. Muhtar, mahallenin problemlerini zaten biliyor. Halk\u0131n,&nbsp; di\u011fer siyasi partilerin temsilcilerin yer ald\u0131\u011f\u0131 meclis ile mahallelerin sorunlar\u0131n\u0131 daha h\u0131zl\u0131 \u00e7\u00f6zece\u011fiz.<\/p>\n\n\n\n<p>\u201cEGOM YOK. Y\u00dcR\u00dcY\u00dc\u015e\u00dcM DE\u011e\u0130\u015eMED\u0130\u201d<br>Mahallelerimizin problemlerine birlikte \u00e7\u00f6z\u00fcm bulaca\u011f\u0131z. Hizmetleri birlikte ger\u00e7ekle\u015ftirece\u011fiz. Muhtarlar\u0131m\u0131z\u0131n deste\u011fiyle T\u00fcrkiye\u2019ye \u00f6rnek olacak bir belediyecilik yapaca\u011f\u0131z. Fikirlerinize ihtiyac\u0131m var. \u00c7o\u011funuz bilir Egom yoktur. Bilmeyenler de bunu ya\u015fayarak g\u00f6recekler. Belediye ba\u015fkan\u0131 oldum, diye y\u00fcr\u00fcy\u00fc\u015f\u00fcm falan de\u011fi\u015fmez. D\u00fcn ne isem bug\u00fcn de ayn\u0131y\u0131m. Samimiyetimi g\u00f6rd\u00fc\u011f\u00fcn\u00fczde b\u0131rak\u0131n bana k\u0131zmay\u0131, bana k\u0131zanlara k\u0131zacaks\u0131n\u0131z. &nbsp;<br>68 mahalle muhtar\u0131m\u0131z\u0131n 68\u2019i de benim ba\u015f\u0131m\u0131n tac\u0131. Bizler ay y\u0131ld\u0131zl\u0131 al bayrak i\u00e7in g\u00f6z\u00fcn\u00fc k\u0131rpmadan can\u0131n\u0131 verebilecek insanlar\u0131z. Biz bayra\u011f\u0131m\u0131z\u0131, memleketimizi seviyoruz.<\/p>\n\n\n\n<p>\u201cTEKEDEN S\u00dcT \u00c7IKARACA\u011eIZ\u201d<br>Belediye ba\u015fkanl\u0131\u011f\u0131 benim i\u00e7in daha yeni ba\u015flad\u0131. Dertlerinizi dinleyece\u011fiz, dertlerinize derman olaca\u011f\u0131z. Bizim d\u00f6nemimizde mutlu olaca\u011f\u0131n\u0131z, g\u00fczel bir 5 y\u0131l ya\u015fayacaks\u0131n\u0131z. Hizmet taleplerinizi kar\u015f\u0131lamak i\u00e7in \u00e7al\u0131\u015faca\u011f\u0131z.<br>Birinci y\u0131l\u0131m\u0131zda b\u00fct\u00e7eyi olu\u015fturaca\u011f\u0131z. Hizmet taleplerinin kar\u015f\u0131lanmas\u0131yla ilgili biraz sab\u0131rl\u0131 olaca\u011f\u0131z. Belediyenin paras\u0131, 650 bin ki\u015finin paras\u0131d\u0131r. Belediyenin \u015fu kadar borcu var, demek bana yak\u0131\u015fmaz. Mazeretlere s\u0131\u011f\u0131nmam. Hi\u00e7bir mazeret ba\u015far\u0131n\u0131n yerini tutamaz. Biz tekeden s\u00fct \u00e7\u0131karaca\u011f\u0131z. Nereye para harcad\u0131\u011f\u0131m\u0131 g\u00f6receksiniz. D\u00f6nemimde belediyedeki harcamalarda \u015feffafl\u0131k olacak. \u00d6n\u00fcm\u00fczde g\u00fczel g\u00fcnler var. Hep beraber halk\u0131m\u0131z\u0131n isteklerini yapaca\u011f\u0131z.&nbsp;<\/p>\n\n\n\n<p>\u201cKEPEZ\u2019\u0130 ANTALYA\u2019NIN V\u0130TR\u0130N\u0130 YAPACA\u011eIZ\u201d<br>Muhtarlar\u0131m\u0131z, mahallelerinde belediyemizin hizmet el\u00e7ileridir. Muhtarlar\u0131m\u0131za rahat bir \u015fekilde \u00e7al\u0131\u015fabilecekleri ortamlar\u0131 olu\u015fturaca\u011f\u0131z. Bunu yapmak boynumuzun borcu. Mahallelerimizin ya\u015fad\u0131\u011f\u0131 s\u0131k\u0131nt\u0131lar\u0131 biliyorum. Kepez\u2019de muhtar olmak bir ayr\u0131cal\u0131kt\u0131r. Bunu ya\u015facaks\u0131n\u0131z. Bana g\u00fcvendiniz, destek oldunuz. Ben de muhtarlar\u0131m\u0131z\u0131n ba\u015f\u0131n\u0131 \u00f6ne e\u011fdirmeyece\u011fim. Muhtarlar\u0131m\u0131zla, hem\u015fehrilerimizde Kepez\u2019de ya\u015famaktan gurur duyacaklar. Kepez art\u0131k Antalya\u2019n\u0131n arka bah\u00e7esi de\u011fil, vitrini olacak. Vaat etti\u011fimizden daha fazla projeyi, muhtarlar\u0131m\u0131z\u0131n, vatanda\u015flar\u0131m\u0131z\u0131n deste\u011fiyle yapaca\u011f\u0131z.\u201d<\/p>\n\n\n\n<p>Muhtarlar\u0131 ofislerinde yak\u0131n bir tarihte ziyaret edece\u011fini aktaran Kocag\u00f6z, toplant\u0131n\u0131n sonunda pozitif ayr\u0131mc\u0131l\u0131k yaparak, il\u00e7enin kad\u0131n muhtarlar\u0131yla \u00f6zel foto\u011fraf \u00e7ekildi. Daha sonra t\u00fcm muhtarlarla g\u00fcn\u00fcn an\u0131s\u0131na foto\u011fraf karesinde bir araya gelen Ba\u015fkan Kocag\u00f6z, bu d\u00f6nemki Kepez muhtarlar\u0131n\u0131n yer ald\u0131\u011f\u0131 panoyu da misafirlerine verdi.<\/p>\n\n\n\n<p>Kepez Belediyesi \/ B\u00fclten<\/p>\n","protected":false},"excerpt":{"rendered":"<p>Kepez Belediye Ba\u015fkan\u0131 Mesut Kocag\u00f6z, mahalle muhtarlar\u0131n\u0131n deste\u011fiyle T\u00fcrkiye\u2019ye \u00f6rnek olacak bir belediyecilik yapacaklar\u0131n\u0131 s\u00f6yledi. Ba\u015fkan Mesut Kocag\u00f6z, yol arkada\u015flar\u0131m, dedi\u011fi muhtarlarla bir araya geldi.Kepez <a href=\"https:\/\/akdenizhaber.com.tr\/index.php\/2024\/07\/11\/kocagoz-belediyeciligimiz-turkiye-ornek-olacak\/\" class=\"read-more-link\">[more&#8230;]<\/a><\/p>\n","protected":false},"author":2,"featured_media":25006,"comment_status":"open","ping_status":"open","sticky":false,"template":"","format":"standard","meta":{"footnotes":""},"categories":[2],"tags":[],"class_list":["post-25005","post","type-post","status-publish","format-standard","has-post-thumbnail","hentry","category-gundem"],"_links":{"self":[{"href":"https:\/\/akdenizhaber.com.tr\/index.php\/wp-json\/wp\/v2\/posts\/25005","targetHints":{"allow":["GET"]}}],"collection":[{"href":"https:\/\/akdenizhaber.com.tr\/index.php\/wp-json\/wp\/v2\/posts"}],"about":[{"href":"https:\/\/akdenizhaber.com.tr\/index.php\/wp-json\/wp\/v2\/types\/post"}],"author":[{"embeddable":true,"href":"https:\/\/akdenizhaber.com.tr\/index.php\/wp-json\/wp\/v2\/users\/2"}],"replies":[{"embeddable":true,"href":"https:\/\/akdenizhaber.com.tr\/index.php\/wp-json\/wp\/v2\/comments?post=25005"}],"version-history":[{"count":1,"href":"https:\/\/akdenizhaber.com.tr\/index.php\/wp-json\/wp\/v2\/posts\/25005\/revisions"}],"predecessor-version":[{"id":25007,"href":"https:\/\/akdenizhaber.com.tr\/index.php\/wp-json\/wp\/v2\/posts\/25005\/revisions\/25007"}],"wp:featuredmedia":[{"embeddable":true,"href":"https:\/\/akdenizhaber.com.tr\/index.php\/wp-json\/wp\/v2\/media\/25006"}],"wp:attachment":[{"href":"https:\/\/akdenizhaber.com.tr\/index.php\/wp-json\/wp\/v2\/media?parent=25005"}],"wp:term":[{"taxonomy":"category","embeddable":true,"href":"https:\/\/akdenizhaber.com.tr\/index.php\/wp-json\/wp\/v2\/categories?post=25005"},{"taxonomy":"post_tag","embeddable":true,"href":"https:\/\/akdenizhaber.com.tr\/index.php\/wp-json\/wp\/v2\/tags?post=25005"}],"curies":[{"name":"wp","href":"https:\/\/api.w.org\/{rel}","templated":true}]}}