{"id":24996,"date":"2024-07-11T13:12:55","date_gmt":"2024-07-11T10:12:55","guid":{"rendered":"https:\/\/akdenizhaber.com.tr\/?p=24996"},"modified":"2024-07-11T13:12:56","modified_gmt":"2024-07-11T10:12:56","slug":"baskan-bocek-gurese-destegimiz-surecek","status":"publish","type":"post","link":"https:\/\/akdenizhaber.com.tr\/index.php\/2024\/07\/11\/baskan-bocek-gurese-destegimiz-surecek\/","title":{"rendered":"Ba\u015fkan B\u00f6cek; \u201cG\u00fcre\u015fe deste\u011fimiz s\u00fcrecek&#8221;"},"content":{"rendered":"\n<p>663\u2019\u00fcnc\u00fc Tarihi K\u0131rkp\u0131nar Ya\u011fl\u0131 G\u00fcre\u015fleri\u2019nde Ba\u015fpehlivanl\u0131\u011f\u0131 kazanarak, alt\u0131n kemeri bir kez daha Antalya\u2019ya getiren Antalya B\u00fcy\u00fck\u015fehir Belediyesi Spor Kul\u00fcb\u00fc Ba\u015fpehlivan\u0131 Yusuf Can Zeybek Antalya\u2019ya geli\u015finde co\u015fkuyla kar\u015f\u0131land\u0131. Ba\u015fpehlivan Yusuf Can Zeybek, D\u00f6\u015femealt\u0131\u2019ndan ba\u015flayan konvoyla \u015fehir turu atarak, halk\u0131 selamlad\u0131. Ba\u015fkanl\u0131\u011f\u0131 s\u00fcresince 3 kez \u00fcst \u00fcste olmak \u00fczere toplam 7 kez alt\u0131n kemeri Antalya&#8217;ya getirmenin gururunu ya\u015fayan B\u00fcy\u00fck\u015fehir Belediye Ba\u015fkan\u0131 Muhittin B\u00f6cek, \u201cAltyap\u0131lardan yeni Yusuf Can Zeybekler \u00e7\u0131karmak i\u00e7in g\u00fcre\u015fe olan deste\u011fimiz s\u00fcrecek\u201d dedi.<\/p>\n\n\n\n<p>663\u2019\u00fcnc\u00fc Tarihi K\u0131rkp\u0131nar G\u00fcre\u015fleri\u2019nde bir kez daha tarih yazan Antalya B\u00fcy\u00fck\u015fehir Belediyesi Spor Kul\u00fcb\u00fc\u2019n\u00fcn ba\u015fpehlivanlar\u0131 ve alt\u0131n kemer i\u00e7in kar\u015f\u0131lama t\u00f6reni d\u00fczenlendi. K\u0131rkp\u0131nar\u2019da ikinci kez \u00fcst \u00fcste ba\u015fpehlivan olarak, alt\u0131n kemeri yine Antalya\u2019ya kazand\u0131ran Antalya B\u00fcy\u00fck\u015fehir Belediyespor Ba\u015fpehlivan\u0131 Yusuf Can Zeybek, D\u00f6\u015femealt\u0131 \u0130l\u00e7esi giri\u015finde g\u00fcre\u015f severler taraf\u0131ndan co\u015fkuyla kar\u015f\u0131land\u0131.<\/p>\n\n\n\n<p>ALTIN KEMER\u0130N EBED\u0130 SAH\u0130B\u0130 OLMAK \u0130ST\u0130YORUM<\/p>\n\n\n\n<p>&#8220;Alt\u0131n kemeri Antalya\u2019ya getirdi\u011fim i\u00e7in \u00e7ok mutlu ve gururluyum&#8221; diyen Ba\u015fpehlivan Yusuf Can Zeybek, \u201cCumhuriyet\u2019imizin 100. ve 101\u2019inci y\u0131l\u0131nda alt\u0131n kemer bana nasip oldu. 102\u2019inci y\u0131l\u0131nda da alt\u0131n kemeri kazan\u0131p, ebedi sahibi olarak Antalya\u2019ya hediye etmek istiyorum. Ba\u015fkan\u0131m\u0131z Muhittin B\u00f6cek\u2019in b\u00fcy\u00fck deste\u011fi var. Kendisine \u00e7ok te\u015fekk\u00fcr ediyorum. K\u0131rkp\u0131nar\u2019da 3 y\u0131ld\u0131r finali Antalya B\u00fcy\u00fck\u015fehir Belediyesi ba\u015fpehlivanlar\u0131 yap\u0131yor. Bu da tak\u0131m i\u00e7inde tatl\u0131 bir rekabet olu\u015fturuyor\u201d dedi.<\/p>\n\n\n\n<p>HALKI SELAMLADI<\/p>\n\n\n\n<p>Y\u00fczlerce ara\u00e7l\u0131k konvoy e\u015fli\u011finde \u015fehir turu atan K\u0131rkp\u0131nar Ba\u015fpehlivan\u0131 Yusuf Can Zeybek, Antalyal\u0131lar\u0131 selamlad\u0131. O\u011flu Alpaslan ile birlikte halk\u0131 selamlayan Yusuf Can Zeybek\u2019e vatanda\u015flar alk\u0131\u015flar\u0131yla destek verdi. Ba\u015fpehlivan Zeybek\u2019e b\u00fcy\u00fck ilgi g\u00f6steren Antalyal\u0131lar konvoy g\u00fczergah\u0131 boyunca g\u00fcre\u015f\u00e7ilere sevgi g\u00f6sterilerinde bulundu. Pehlivanlar, konvoyun son buldu\u011fu Atat\u00fcrk K\u00fclt\u00fcr Merkezi\u2019nde (AKM) Antalya B\u00fcy\u00fck\u015fehir Belediye Ba\u015fkan\u0131 Muhittin B\u00f6cek taraf\u0131ndan kar\u015f\u0131land\u0131. AKM\u2019de d\u00fczenlenen t\u00f6rende Yusuf Can Zeybek ve Ba\u015fkan Muhittin B\u00f6cek, alk\u0131\u015flarla salona girdi.<\/p>\n\n\n\n<p>7 KEZ ALTIN KEMER\u0130 ANTALYA\u2019YA KAZANDIRDIK<\/p>\n\n\n\n<p>T\u00f6rene belediye ba\u015fkanlar\u0131, g\u00fcre\u015f a\u011falar\u0131 ve \u00e7ok say\u0131da sporsever kat\u0131ld\u0131. Sayg\u0131 duru\u015fu ve \u0130stiklal Mar\u015f\u0131n\u0131n okunmas\u0131yla ba\u015flayan t\u00f6rende Ba\u015fkan Muhittin B\u00f6cek, konu\u015fmas\u0131na Ata sporu g\u00fcre\u015fe katk\u0131 koyan herkese te\u015fekk\u00fcr ederek ba\u015flad\u0131. Ba\u015fkan B\u00f6cek, \u201cAntalya\u2019m\u0131za alt\u0131n kemeri getiren Yusuf Can o\u011flumun g\u00f6zlerinden \u00f6p\u00fcyorum. Do\u011fup b\u00fcy\u00fcd\u00fc\u011f\u00fcm bu topraklara hizmet ederken halk\u0131m\u0131z\u0131n deste\u011fiyle alt\u0131nc\u0131 kez mazbata almak nasip oldu. Konyaalt\u0131 Belediye Ba\u015fkanl\u0131\u011f\u0131m ve B\u00fcy\u00fck\u015fehir Belediye Ba\u015fkanl\u0131\u011f\u0131m d\u00f6nemlerinde 7\u2019inci kez alt\u0131n kemeri Antalya\u2019ya getirmenin gururunu ya\u015fad\u0131m. Bizler her zaman spor ile siyaseti birbirinden ayr\u0131 tuttuk\u201d dedi.<\/p>\n\n\n\n<p>ALTYAPILARIMIZDAN YEN\u0130 SPORCULAR YET\u0130\u015eECEK<\/p>\n\n\n\n<p>\u0130lk kez alt\u0131n kemer mutlulu\u011funu 2006 y\u0131l\u0131nda Osman Aynur ile ya\u015fad\u0131klar\u0131n\u0131 aktaran Ba\u015fkan Muhittin B\u00f6cek, \u201c\u0130smail Balaban, Ali G\u00fcrb\u00fcz, Mustafa Ta\u015f ve iki defa da Yusuf Can Zeybek o\u011flum ile alt\u0131n kemeri Antalya\u2019ya getirdik. B\u00fcy\u00fck\u015fehir Belediyesi b\u00fcnyesinde bulundurdu\u011fu 500 yak\u0131n g\u00fcre\u015f\u00e7i ile T\u00fcrkiye\u2019de g\u00fcre\u015fe en b\u00fcy\u00fck destek veren belediyedir. Bizler altyap\u0131lardan yeni Yusuf Can Zeybekler, Ali G\u00fcrb\u00fczler, \u0130smail Balabanlar yeti\u015ftirece\u011fiz. G\u00fcre\u015f\u00e7ilerimize B\u00fcy\u00fck\u015fehir Belediye Meclisi\u2019nden de alaca\u011f\u0131m\u0131z karar ile \u00f6nemli destekler verece\u011fiz\u201d diye konu\u015ftu.<\/p>\n\n\n\n<p>SPORCULARA ALTIN TAKD\u0130M ETT\u0130<\/p>\n\n\n\n<p>Daha sonra ise 663\u2019\u00fcnc\u00fc Tarihi K\u0131rkp\u0131nar Ya\u011fl\u0131 Pehlivan G\u00fcre\u015fleri\u2019nde madalya kazanan sporculara Ba\u015fkan Muhittin B\u00f6cek ve belediye ba\u015fkanlar\u0131 alt\u0131n takdim etti. 663\u2019\u00fcnc\u00fc Tarihi K\u0131rkp\u0131nar Ba\u015fpehlivan\u0131 Yusuf Can Zeybek\u2019e alt\u0131n \u00f6d\u00fcl\u00fc ve \u00e7i\u00e7e\u011fi Ba\u015fkan Muhittin B\u00f6cek ve B\u00fcy\u00fck\u015fehir Belediyesi Spor Kul\u00fcb\u00fc Ba\u015fkan\u0131 Ramazan Karabulut verdi. Daha sonra ise ba\u015fpehlivanl\u0131k g\u00fcre\u015fi finalisti Mustafa Ta\u015f, ba\u015falt\u0131 birincisi Erkan Ta\u015f, ba\u015falt\u0131 \u00fc\u00e7\u00fcnc\u00fcs\u00fc Onur Susuz ve U\u011fur \u015eim\u015fek, b\u00fcy\u00fck orta boyunda ikinci olan Batuhan G\u00fczel, k\u00fc\u00e7\u00fck orta k\u00fc\u00e7\u00fckte birincilik elde eden Yusuf \u0130slam Ta\u015f, deste b\u00fcy\u00fck boyda ikinci olan Bayram Berk Karaca, \u00fc\u00e7\u00fcnc\u00fc Mustafa Can Erdem, deste orta boy \u00fc\u00e7\u00fcnc\u00fcs\u00fc Mustafa Naz, ayak boyu \u00fc\u00e7\u00fcnc\u00fcs\u00fc Ramazan Torun ve minik 2\u2019de birincilik elde eden S\u00fcleyman Tufan madalya ve alt\u0131n hediyelerini ald\u0131. T\u00f6ren, K\u0131rkp\u0131nar\u2019da ba\u015far\u0131 g\u00f6steren sporcu ve belediye ba\u015fkanlar\u0131yla hat\u0131ra foto\u011fraf\u0131 ile son buldu.<\/p>\n\n\n\n<p>Antalya B\u00fcy\u00fck\u015fehir Belediyesi \/ B\u00fclten<\/p>\n","protected":false},"excerpt":{"rendered":"<p>663\u2019\u00fcnc\u00fc Tarihi K\u0131rkp\u0131nar Ya\u011fl\u0131 G\u00fcre\u015fleri\u2019nde Ba\u015fpehlivanl\u0131\u011f\u0131 kazanarak, alt\u0131n kemeri bir kez daha Antalya\u2019ya getiren Antalya B\u00fcy\u00fck\u015fehir Belediyesi Spor Kul\u00fcb\u00fc Ba\u015fpehlivan\u0131 Yusuf Can Zeybek Antalya\u2019ya geli\u015finde <a href=\"https:\/\/akdenizhaber.com.tr\/index.php\/2024\/07\/11\/baskan-bocek-gurese-destegimiz-surecek\/\" class=\"read-more-link\">[more&#8230;]<\/a><\/p>\n","protected":false},"author":2,"featured_media":24997,"comment_status":"open","ping_status":"open","sticky":false,"template":"","format":"standard","meta":{"footnotes":""},"categories":[2],"tags":[],"class_list":["post-24996","post","type-post","status-publish","format-standard","has-post-thumbnail","hentry","category-gundem"],"_links":{"self":[{"href":"https:\/\/akdenizhaber.com.tr\/index.php\/wp-json\/wp\/v2\/posts\/24996","targetHints":{"allow":["GET"]}}],"collection":[{"href":"https:\/\/akdenizhaber.com.tr\/index.php\/wp-json\/wp\/v2\/posts"}],"about":[{"href":"https:\/\/akdenizhaber.com.tr\/index.php\/wp-json\/wp\/v2\/types\/post"}],"author":[{"embeddable":true,"href":"https:\/\/akdenizhaber.com.tr\/index.php\/wp-json\/wp\/v2\/users\/2"}],"replies":[{"embeddable":true,"href":"https:\/\/akdenizhaber.com.tr\/index.php\/wp-json\/wp\/v2\/comments?post=24996"}],"version-history":[{"count":1,"href":"https:\/\/akdenizhaber.com.tr\/index.php\/wp-json\/wp\/v2\/posts\/24996\/revisions"}],"predecessor-version":[{"id":24998,"href":"https:\/\/akdenizhaber.com.tr\/index.php\/wp-json\/wp\/v2\/posts\/24996\/revisions\/24998"}],"wp:featuredmedia":[{"embeddable":true,"href":"https:\/\/akdenizhaber.com.tr\/index.php\/wp-json\/wp\/v2\/media\/24997"}],"wp:attachment":[{"href":"https:\/\/akdenizhaber.com.tr\/index.php\/wp-json\/wp\/v2\/media?parent=24996"}],"wp:term":[{"taxonomy":"category","embeddable":true,"href":"https:\/\/akdenizhaber.com.tr\/index.php\/wp-json\/wp\/v2\/categories?post=24996"},{"taxonomy":"post_tag","embeddable":true,"href":"https:\/\/akdenizhaber.com.tr\/index.php\/wp-json\/wp\/v2\/tags?post=24996"}],"curies":[{"name":"wp","href":"https:\/\/api.w.org\/{rel}","templated":true}]}}