{"id":24990,"date":"2024-07-08T13:59:40","date_gmt":"2024-07-08T10:59:40","guid":{"rendered":"https:\/\/akdenizhaber.com.tr\/?p=24990"},"modified":"2024-07-08T13:59:41","modified_gmt":"2024-07-08T10:59:41","slug":"vali-sahin-antalyasporu-yalniz-birakmayacagiz","status":"publish","type":"post","link":"https:\/\/akdenizhaber.com.tr\/index.php\/2024\/07\/08\/vali-sahin-antalyasporu-yalniz-birakmayacagiz\/","title":{"rendered":"Vali \u015eahin: Antalyaspor\u2019u Yaln\u0131z B\u0131rakmayaca\u011f\u0131z"},"content":{"rendered":"\n<p>\u2018Antalyaspor \u0130\u00e7in 1 Me\u015fale de Sen Yak\u2019 etkinli\u011fine kat\u0131lan Vali Hulusi \u015eahin, \u201cAntalyaspor&#8217;u yaln\u0131z b\u0131rakmamak hepimizin vazifesidir. Antalyal\u0131lar olarak ilk ma\u00e7ta trib\u00fcnleri doldural\u0131m.\u201d dedi.<br>Antalya B\u00fcy\u00fck\u015fehir Belediyesi ve 07 Gen\u00e7lik taraftar grubu i\u015fbirli\u011fi ile d\u00fczenlenen, \u20187 Temmuz Antalyasporlular G\u00fcn\u00fc\u2019, Bo\u011fa\u00e7ay\u0131 k\u00f6pr\u00fcs\u00fcnde d\u00fczenlenen etkinliklerle kutland\u0131.\u00a0<br>Kutlamalara Vali \u015eahin\u2019in yan\u0131 s\u0131ra Antalya B\u00fcy\u00fck\u015fehir Belediyesi Ba\u015fkan Vekili Prof. Dr. Refik Emre Altekin, Gen\u00e7lik ve Spor \u0130l M\u00fcd\u00fcr\u00fc Yavuz G\u00fcrhan, Antalyaspor Y\u00f6netim Kurulu Ba\u015fkan\u0131 Sinan Boztepe, \u0130\u015f adam\u0131 Tolga C\u00f6merto\u011flu ve \u00e7ok say\u0131da Antalyaspor taraftar\u0131 kat\u0131ld\u0131.\u00a0<br>\u0130\u015f \u0130nsanlar\u0131na Destek \u00c7a\u011fr\u0131s\u0131<br>\u0130\u015f insanlar\u0131n\u0131n, Antalyaspor\u2019a destek olmas\u0131 i\u00e7in \u00e7a\u011fr\u0131 yapan Vali \u015eahin, \u201cAntalya ticaret, turizm, tar\u0131m ve sanayi alanlar\u0131nda her t\u00fcrl\u00fc imk\u00e2n\u0131 fazlas\u0131yla sunan bir \u015fehir. Antalya\u2019n\u0131n bu imk\u00e2nlar\u0131ndan istifade eden i\u015f insanlar\u0131na bir \u00e7a\u011fr\u0131m var. Antalya\u2019ya vefa borcunuzu, Antalyaspor\u2019u destekleyerek \u00f6deyebilirsiniz. Bu konuda i\u015f insan\u0131m\u0131z Say\u0131n Tolga C\u00f6merto\u011flu\u2019nu rol model olarak g\u00f6sterebilirim. Kendisine te\u015fekk\u00fcrlerimi sunuyorum. B\u00fcy\u00fck fedak\u00e2rl\u0131klarda bulunan Antalyaspor Y\u00f6netim Kurulu Ba\u015fkan\u0131 Sinan Boztepe ve y\u00f6netimine de te\u015fekk\u00fcr ederim. Antalyal\u0131lar olarak onu ve y\u00f6netimini yaln\u0131z b\u0131rakmamak hepimizin vazifesidir.\u201d dedi.\u00a0<br>\u0130lk Ma\u00e7ta Trib\u00fcnleri Doldural\u0131m\u00a0<br>Antalyaspor\u2019un iyi yerlere gelmesi i\u00e7in gen\u00e7lerimize b\u00fcy\u00fck g\u00f6rev d\u00fc\u015ft\u00fc\u011f\u00fcn\u00fc ifade eden Vali \u015eahin, \u201c Gen\u00e7lerimizin ve t\u00fcm Antalyal\u0131lar\u0131n \u00f6n\u00fcm\u00fczdeki sezon trib\u00fcnleri doldurmas\u0131 gerekiyor. \u0130lk ma\u00e7ta trib\u00fcnleri doldural\u0131m. Eminim Alex ve ekibi ilk ma\u00e7ta bizlere galibiyet hediye edecekler.\u201d dedi.\u00a0<br>Vali \u015eahin ayr\u0131ca etkinli\u011fin d\u00fczenlenmesinde eme\u011fi ge\u00e7en herkese ve kat\u0131l\u0131m sa\u011flayan vatanda\u015flara te\u015fekk\u00fcr etti. Etkinlikler a\u00e7\u0131l\u0131\u015f konu\u015fmalar\u0131n\u0131n ard\u0131ndan drone g\u00f6sterisi, konserler ve me\u015fale \u015fovlar\u0131 ile devam etti.<\/p>\n\n\n\n<p>Antalya Valili\u011fi \/ B\u00fclten<\/p>\n","protected":false},"excerpt":{"rendered":"<p>\u2018Antalyaspor \u0130\u00e7in 1 Me\u015fale de Sen Yak\u2019 etkinli\u011fine kat\u0131lan Vali Hulusi \u015eahin, \u201cAntalyaspor&#8217;u yaln\u0131z b\u0131rakmamak hepimizin vazifesidir. Antalyal\u0131lar olarak ilk ma\u00e7ta trib\u00fcnleri doldural\u0131m.\u201d dedi.Antalya B\u00fcy\u00fck\u015fehir <a href=\"https:\/\/akdenizhaber.com.tr\/index.php\/2024\/07\/08\/vali-sahin-antalyasporu-yalniz-birakmayacagiz\/\" class=\"read-more-link\">[more&#8230;]<\/a><\/p>\n","protected":false},"author":2,"featured_media":24991,"comment_status":"open","ping_status":"open","sticky":false,"template":"","format":"standard","meta":{"footnotes":""},"categories":[2],"tags":[],"class_list":["post-24990","post","type-post","status-publish","format-standard","has-post-thumbnail","hentry","category-gundem"],"_links":{"self":[{"href":"https:\/\/akdenizhaber.com.tr\/index.php\/wp-json\/wp\/v2\/posts\/24990","targetHints":{"allow":["GET"]}}],"collection":[{"href":"https:\/\/akdenizhaber.com.tr\/index.php\/wp-json\/wp\/v2\/posts"}],"about":[{"href":"https:\/\/akdenizhaber.com.tr\/index.php\/wp-json\/wp\/v2\/types\/post"}],"author":[{"embeddable":true,"href":"https:\/\/akdenizhaber.com.tr\/index.php\/wp-json\/wp\/v2\/users\/2"}],"replies":[{"embeddable":true,"href":"https:\/\/akdenizhaber.com.tr\/index.php\/wp-json\/wp\/v2\/comments?post=24990"}],"version-history":[{"count":1,"href":"https:\/\/akdenizhaber.com.tr\/index.php\/wp-json\/wp\/v2\/posts\/24990\/revisions"}],"predecessor-version":[{"id":24992,"href":"https:\/\/akdenizhaber.com.tr\/index.php\/wp-json\/wp\/v2\/posts\/24990\/revisions\/24992"}],"wp:featuredmedia":[{"embeddable":true,"href":"https:\/\/akdenizhaber.com.tr\/index.php\/wp-json\/wp\/v2\/media\/24991"}],"wp:attachment":[{"href":"https:\/\/akdenizhaber.com.tr\/index.php\/wp-json\/wp\/v2\/media?parent=24990"}],"wp:term":[{"taxonomy":"category","embeddable":true,"href":"https:\/\/akdenizhaber.com.tr\/index.php\/wp-json\/wp\/v2\/categories?post=24990"},{"taxonomy":"post_tag","embeddable":true,"href":"https:\/\/akdenizhaber.com.tr\/index.php\/wp-json\/wp\/v2\/tags?post=24990"}],"curies":[{"name":"wp","href":"https:\/\/api.w.org\/{rel}","templated":true}]}}