{"id":24977,"date":"2024-07-08T13:47:53","date_gmt":"2024-07-08T10:47:53","guid":{"rendered":"https:\/\/akdenizhaber.com.tr\/?p=24977"},"modified":"2024-07-08T13:47:53","modified_gmt":"2024-07-08T10:47:53","slug":"dunden-bugune-sahil-kentlerde-yasam","status":"publish","type":"post","link":"https:\/\/akdenizhaber.com.tr\/index.php\/2024\/07\/08\/dunden-bugune-sahil-kentlerde-yasam\/","title":{"rendered":"D\u00fcnden bug\u00fcne sahil kentlerde ya\u015fam"},"content":{"rendered":"\n<p>De\u011ferli okurlar yak\u0131n zamana kadar sahillerde yerel halk\u0131n d\u0131\u015f\u0131nda n\u00fcfus yo\u011funlu\u011fu yoktu. Yerel halk yaz\u0131n da\u011flar\u0131 mesken tutard\u0131 kendilerine herkesin bir obas\u0131, bir safiye konak yeri vard\u0131.<br>Yaz\u0131n s\u0131caklar\u0131ndan ka\u00e7arlard\u0131 serine, para pul kimsenin umurunda de\u011fildi.<br>\u015eimdi turizm ve para h\u0131rs\u0131yla g\u00f6m\u00fcld\u00fck s\u0131caklara.<br>Eskiden ovada \u00e7ift\u00e7ilik yapanlar genelde tarla ba\u015flar\u0131nda \u00e7ardak kurarlard\u0131 yada sahil kenar\u0131nda \u00e7ardaklar\u0131 olurdu yaz\u0131 oralarda ge\u00e7irirlerdi.<br>\u00c7ardaklarda oturdu\u011fun zaman serinli\u011fine doyamazd\u0131n p\u00fcf\u00fcr p\u00fcf\u00fcr eserdi.<br>Beton arma binalarda ya\u015fam yoktu turizmle beraber sahil kentlerde bir yap\u0131la\u015fma yo\u011funlu\u011fu var oldu. Akdeniz&#8217;in s\u0131cakl\u0131\u011f\u0131 bir yana betonlarla her taraf\u0131 kaplad\u0131k (Naylon muz seralar\u0131) ayr\u0131 bir \u00e7ile sahil kentlerinde s\u0131caktan ya\u015fan\u0131lmaz bir hal ald\u0131. \u0130mar \u00e7arp\u0131kl\u0131\u011f\u0131, s\u0131k\u0131\u015f\u0131k yap\u0131la\u015fma, insanlar \u0131zd\u0131rap i\u00e7inde bir ya\u015fam s\u00fcrd\u00fcr\u00fcyorlar. Turizmi de istihdam sahile n\u00fcfusun g\u00f6\u00e7\u00fcne sebep oldu her gelen bir bar\u0131nak bir ev edinme hevesiyle yap\u0131la\u015fmay\u0131 tetikledi. Bin dokuz y\u00fcz seksen be\u015flerde geldim ben, Antalya yerel halk genelde i\u015flerini sabah serinli\u011finde ve ak\u015fam serinli\u011finde yaparlard\u0131. \u00d6\u011flen s\u0131ca\u011f\u0131nda m\u00fcmk\u00fcn oldu\u011funca d\u0131\u015far\u0131 \u00e7\u0131kmazlard\u0131. Fakat \u015fimdi bak\u0131yorum da insanlar bu a\u011f\u0131r s\u0131caklardan bihaber ya\u015fam m\u00fccadelesi i\u00e7inde \u00e7al\u0131\u015fma hevesi i\u00e7indeler bu a\u011f\u0131r s\u0131caklarda Allah yard\u0131mc\u0131lar\u0131 olsun d\u0131\u015far\u0131da \u00e7al\u0131\u015fan insanlar\u0131n.<\/p>\n\n\n\n<p>Tuncer Ate\u015f<\/p>\n","protected":false},"excerpt":{"rendered":"<p>De\u011ferli okurlar yak\u0131n zamana kadar sahillerde yerel halk\u0131n d\u0131\u015f\u0131nda n\u00fcfus yo\u011funlu\u011fu yoktu. Yerel halk yaz\u0131n da\u011flar\u0131 mesken tutard\u0131 kendilerine herkesin bir obas\u0131, bir safiye konak <a href=\"https:\/\/akdenizhaber.com.tr\/index.php\/2024\/07\/08\/dunden-bugune-sahil-kentlerde-yasam\/\" class=\"read-more-link\">[more&#8230;]<\/a><\/p>\n","protected":false},"author":2,"featured_media":24920,"comment_status":"open","ping_status":"open","sticky":false,"template":"","format":"standard","meta":{"footnotes":""},"categories":[2],"tags":[],"class_list":["post-24977","post","type-post","status-publish","format-standard","has-post-thumbnail","hentry","category-gundem"],"_links":{"self":[{"href":"https:\/\/akdenizhaber.com.tr\/index.php\/wp-json\/wp\/v2\/posts\/24977","targetHints":{"allow":["GET"]}}],"collection":[{"href":"https:\/\/akdenizhaber.com.tr\/index.php\/wp-json\/wp\/v2\/posts"}],"about":[{"href":"https:\/\/akdenizhaber.com.tr\/index.php\/wp-json\/wp\/v2\/types\/post"}],"author":[{"embeddable":true,"href":"https:\/\/akdenizhaber.com.tr\/index.php\/wp-json\/wp\/v2\/users\/2"}],"replies":[{"embeddable":true,"href":"https:\/\/akdenizhaber.com.tr\/index.php\/wp-json\/wp\/v2\/comments?post=24977"}],"version-history":[{"count":1,"href":"https:\/\/akdenizhaber.com.tr\/index.php\/wp-json\/wp\/v2\/posts\/24977\/revisions"}],"predecessor-version":[{"id":24978,"href":"https:\/\/akdenizhaber.com.tr\/index.php\/wp-json\/wp\/v2\/posts\/24977\/revisions\/24978"}],"wp:featuredmedia":[{"embeddable":true,"href":"https:\/\/akdenizhaber.com.tr\/index.php\/wp-json\/wp\/v2\/media\/24920"}],"wp:attachment":[{"href":"https:\/\/akdenizhaber.com.tr\/index.php\/wp-json\/wp\/v2\/media?parent=24977"}],"wp:term":[{"taxonomy":"category","embeddable":true,"href":"https:\/\/akdenizhaber.com.tr\/index.php\/wp-json\/wp\/v2\/categories?post=24977"},{"taxonomy":"post_tag","embeddable":true,"href":"https:\/\/akdenizhaber.com.tr\/index.php\/wp-json\/wp\/v2\/tags?post=24977"}],"curies":[{"name":"wp","href":"https:\/\/api.w.org\/{rel}","templated":true}]}}