{"id":24974,"date":"2024-07-08T13:46:32","date_gmt":"2024-07-08T10:46:32","guid":{"rendered":"https:\/\/akdenizhaber.com.tr\/?p=24974"},"modified":"2024-07-08T13:46:33","modified_gmt":"2024-07-08T10:46:33","slug":"hukukcular-yemin-etti","status":"publish","type":"post","link":"https:\/\/akdenizhaber.com.tr\/index.php\/2024\/07\/08\/hukukcular-yemin-etti\/","title":{"rendered":"Hukuk\u00e7ular yemin etti"},"content":{"rendered":"\n<p>Akdeniz \u00dcniversitesi Hukuk Fak\u00fcltesi 2023-2024 E\u011fitim \u00d6\u011fretim Y\u0131l\u0131 Yemin T\u00f6reni ger\u00e7ekle\u015ftirildi. T\u00f6rende yemin eden 209 hukuk\u00e7u mezun olarak yeni hayatlar\u0131na ad\u0131m att\u0131.<\/p>\n\n\n\n<p>Akdeniz \u00dcniversitesi Hukuk Fak\u00fcltesi 2023-2024 E\u011fitim \u00d6\u011fretim Y\u0131l\u0131 Yemin T\u00f6reninde mezunlar yemin ederek mesle\u011fe ilk ad\u0131mlar\u0131n\u0131 att\u0131lar. Kepez Belediyesi Mimar Sinan Kongre Merkezi\u2019nde ger\u00e7ekle\u015fen t\u00f6rene Antalya B\u00f6lge Adliye Mahkemesi Ba\u015fkan\u0131 Orhan \u00d6zdemir, Antalya Baro Ba\u015fkan\u0131 Av. H\u00fcseyin Ge\u00e7ilmez, Akdeniz \u00dcniversitesi Rekt\u00f6r Yard\u0131mc\u0131s\u0131 Prof. Dr. \u015e\u00fckr\u00fc \u00d6zen, Hukuk Fak\u00fcltesi Dekan\u0131 Prof. Dr. Necla \u00d6zt\u00fcrk, akademisyenler, \u00f6\u011frenciler ve aileleri kat\u0131ld\u0131.<\/p>\n\n\n\n<p>\u00d6NCE YILD\u00d6N\u00dcM\u00dc KUTLAMASI SONRA YEM\u0130N T\u00d6REN\u0130<\/p>\n\n\n\n<p>Yemin t\u00f6reninin \u00f6zel bir tarihte ger\u00e7ekle\u015fti\u011fine dikkat \u00e7eken Hukuk Fak\u00fcltesi Dekan\u0131 Prof. Dr. Necla \u00d6zt\u00fcrk, \u201cBu y\u0131lki t\u00f6renimizin tarihi \u00e7ok g\u00fczel bir tesad\u00fcf oldu. 3 Temmuz fak\u00fcltemizin kurulu\u015f y\u0131l d\u00f6n\u00fcm\u00fc. D\u00fcn fak\u00fcltemizin 32. kurulu\u015f y\u0131l\u0131n\u0131 kutlad\u0131k. Bug\u00fcn de ilk kez 2004 y\u0131l\u0131nda mezun veren Hukuk Fak\u00fcltesi\u2019nin 2024 itibariyle 21. mezuniyet t\u00f6reninde birlikteyiz. B\u00f6yle \u00f6zel ve anlaml\u0131 bir g\u00fcnde bizleri yaln\u0131z b\u0131rakmad\u0131\u011f\u0131n\u0131z i\u00e7in aram\u0131zda oldu\u011funuz i\u00e7in hepinize \u00e7ok te\u015fekk\u00fcr ediyor, sevgi ve \u015f\u00fckranlar\u0131m\u0131 sunuyorum.\u201d dedi.<\/p>\n\n\n\n<p>MEZUNLARIMIZ HEM \u00c7OK \u015eANSSIZ HEM DE \u015eANSLI<\/p>\n\n\n\n<p>Mezun olan \u00f6\u011frencilerin ge\u00e7irdi\u011fi 4 y\u0131l\u0131n zorluklarla dolu oldu\u011funu hat\u0131rlatan Dekan Prof. Dr. Necla \u00d6zt\u00fcrk, \u201cBu d\u00f6nem mezunlar\u0131n\u0131 hem \u00e7ok \u015fanss\u0131z hem de \u015fansl\u0131 g\u00f6r\u00fcyorum. \u00c7\u00fcnk\u00fc pandemi ile m\u00fccadele ettiler. Ard\u0131ndan deprem felaketini ya\u015fad\u0131lar. Ancak 2023-2024 mezunlar\u0131 olarak fak\u00fcltemizin d\u00fczenledi\u011fi Cumhuriyetin 100. y\u0131l\u0131 etkinliklerinde g\u00f6rev alma, etkinliklere kat\u0131lma ve bu etkinliklerin sonunda duayen hocalar\u0131m\u0131zla tan\u0131\u015fma imkan\u0131, onlara soru sorma imkan\u0131 bulabildiler. O nedenle de \u00e7ok \u015fansl\u0131 buluyorum bu d\u00f6nem \u00f6\u011frencilerimizi. Bizler de onlara bu olana\u011f\u0131 sa\u011flayabildi\u011fimiz i\u00e7in \u00e7ok mutluyuz.\u201d \u015feklinde konu\u015ftu.<\/p>\n\n\n\n<p>\u0130\u015e VE E\u015e SE\u00c7\u0130M\u0130 KONUSUNDA SEVG\u0130Y\u0130 ESAS ALIN<\/p>\n\n\n\n<p>Mezunlara tavsiyelerde bulunan Dekan \u00d6zt\u00fcrk, \u201cBundan b\u00f6yle art\u0131k bir hukuk fak\u00fcltesi mezunusunuz. Bu a\u015famada e\u011fer hala karar vermediyseniz, karar verece\u011finiz ilk \u015fey elbette hangi i\u015fi yapaca\u011f\u0131n\u0131z. Hayat\u0131n\u0131zda verdi\u011finiz 2 \u00f6nemli karar var; i\u015f ve e\u015f se\u00e7imi. \u0130\u015f se\u00e7imi konusunda ve e\u015f se\u00e7me konusunda hep sevgiyi esas al\u0131n. Sevdi\u011finiz bir i\u015fi se\u00e7in. Hangi meslek sizi mutlu edecekse, hangi mesle\u011fi seviyorsan\u0131z onu tercih edin. \u00c7\u00fcnk\u00fc ben \u015funa ger\u00e7ekten inan\u0131yorum ki sevdi\u011finiz i\u015fi yapt\u0131\u011f\u0131n\u0131zda, ba\u015far\u0131 da para da o i\u015fin arkas\u0131ndan, kendili\u011finden gelecektir. Sizler Hukuk Fak\u00fcltesi mezunu olarak i\u015f tercihi konusunda \u00e7ok \u015fansl\u0131s\u0131n\u0131z. \u00c7\u00fcnk\u00fc hemen hemen hi\u00e7bir fak\u00fcltenin sunmad\u0131\u011f\u0131 bir i\u015f se\u00e7ene\u011fine, yelpazesine sahipsiniz. Avukat, savc\u0131, hakim olabilirsiniz, noter olabilirsiniz. Kamu kurum ya da kurulu\u015flar\u0131nda hukuk m\u00fc\u015faviri olabilirsiniz. B\u00fct\u00fcn bu se\u00e7enekler sizin \u00f6n\u00fcn\u00fczde duruyor. \u0130stedi\u011finiz mesle\u011fi se\u00e7mekte \u00f6zg\u00fcrs\u00fcn\u00fcz.\u201d ifadelerini kulland\u0131.<\/p>\n\n\n\n<p>MEZUNLARA KAPILARIMIZ A\u00c7IK<\/p>\n\n\n\n<p>Antalya B\u00f6lge Adliyesi\u2019nin kap\u0131lar\u0131n\u0131n tecr\u00fcbelerini payla\u015fmak i\u00e7in gen\u00e7 hukuk\u00e7ulara a\u00e7\u0131k oldu\u011funu s\u00f6yleyen Antalya B\u00f6lge Adliye Mahkemesi Ba\u015fkan\u0131 Orhan \u00d6zdemir, mezunlar\u0131n e\u011fitim hayat\u0131nda eme\u011fi ge\u00e7enlere te\u015fekk\u00fcr ederek yeni hayatlar\u0131nda ba\u015far\u0131lar diledi.<\/p>\n\n\n\n<p>Antalya Baro Ba\u015fkan\u0131 Av. H\u00fcseyin Ge\u00e7ilmez de mezun olan hukuk\u00e7ular\u0131 g\u00f6rd\u00fc\u011f\u00fcnde \u00fclkenin gelece\u011fi i\u00e7in mutlu oldu\u011funu ifade ederek meslek se\u00e7imi, avukatl\u0131kla ilgili hukuk\u00e7ulukla ilgili gelece\u011fe dair planlar\u0131yla ilgili her \u015feyi payla\u015fmak i\u00e7in Antalya Barosunun kap\u0131lar\u0131n\u0131n a\u00e7\u0131k oldu\u011funu belirtti.<\/p>\n\n\n\n<p>Konu\u015fmalar\u0131n ard\u0131ndan 2023-2024 e\u011fitim \u00f6\u011fretim y\u0131l\u0131 d\u00f6nem birincisi Mehmet Can Karaa\u011fa\u00e7l\u0131, ikincisi \u00d6mer Utku \u00c7ak\u0131r, \u00fc\u00e7\u00fcnc\u00fcs\u00fc Sabri Sevin\u00e7\u2019e belgeleri, Antalya B\u00f6lge Adliye Mahkemesi Ba\u015fkan\u0131 Orhan \u00d6zdemir, Antalya Baro Ba\u015fkan\u0131 Av. H\u00fcseyin Ge\u00e7ilmez ve Rekt\u00f6r Yard\u0131mc\u0131s\u0131 Prof. Dr. \u015e\u00fckr\u00fc \u00d6zen taraf\u0131ndan takdim edildi. Mezunlara belgeleri \u00f6\u011fretim \u00fcyeleri taraf\u0131ndan verilirken t\u00f6ren hukuk\u00e7ular\u0131n yemin etmesiyle son buldu.<\/p>\n\n\n\n<p>Akdeniz \u00dcniversitesi Rekt\u00f6rl\u00fc\u011f\u00fc \/ B\u00fclten<\/p>\n","protected":false},"excerpt":{"rendered":"<p>Akdeniz \u00dcniversitesi Hukuk Fak\u00fcltesi 2023-2024 E\u011fitim \u00d6\u011fretim Y\u0131l\u0131 Yemin T\u00f6reni ger\u00e7ekle\u015ftirildi. T\u00f6rende yemin eden 209 hukuk\u00e7u mezun olarak yeni hayatlar\u0131na ad\u0131m att\u0131. Akdeniz \u00dcniversitesi Hukuk <a href=\"https:\/\/akdenizhaber.com.tr\/index.php\/2024\/07\/08\/hukukcular-yemin-etti\/\" class=\"read-more-link\">[more&#8230;]<\/a><\/p>\n","protected":false},"author":2,"featured_media":24975,"comment_status":"open","ping_status":"open","sticky":false,"template":"","format":"standard","meta":{"footnotes":""},"categories":[2],"tags":[],"class_list":["post-24974","post","type-post","status-publish","format-standard","has-post-thumbnail","hentry","category-gundem"],"_links":{"self":[{"href":"https:\/\/akdenizhaber.com.tr\/index.php\/wp-json\/wp\/v2\/posts\/24974","targetHints":{"allow":["GET"]}}],"collection":[{"href":"https:\/\/akdenizhaber.com.tr\/index.php\/wp-json\/wp\/v2\/posts"}],"about":[{"href":"https:\/\/akdenizhaber.com.tr\/index.php\/wp-json\/wp\/v2\/types\/post"}],"author":[{"embeddable":true,"href":"https:\/\/akdenizhaber.com.tr\/index.php\/wp-json\/wp\/v2\/users\/2"}],"replies":[{"embeddable":true,"href":"https:\/\/akdenizhaber.com.tr\/index.php\/wp-json\/wp\/v2\/comments?post=24974"}],"version-history":[{"count":1,"href":"https:\/\/akdenizhaber.com.tr\/index.php\/wp-json\/wp\/v2\/posts\/24974\/revisions"}],"predecessor-version":[{"id":24976,"href":"https:\/\/akdenizhaber.com.tr\/index.php\/wp-json\/wp\/v2\/posts\/24974\/revisions\/24976"}],"wp:featuredmedia":[{"embeddable":true,"href":"https:\/\/akdenizhaber.com.tr\/index.php\/wp-json\/wp\/v2\/media\/24975"}],"wp:attachment":[{"href":"https:\/\/akdenizhaber.com.tr\/index.php\/wp-json\/wp\/v2\/media?parent=24974"}],"wp:term":[{"taxonomy":"category","embeddable":true,"href":"https:\/\/akdenizhaber.com.tr\/index.php\/wp-json\/wp\/v2\/categories?post=24974"},{"taxonomy":"post_tag","embeddable":true,"href":"https:\/\/akdenizhaber.com.tr\/index.php\/wp-json\/wp\/v2\/tags?post=24974"}],"curies":[{"name":"wp","href":"https:\/\/api.w.org\/{rel}","templated":true}]}}