{"id":24960,"date":"2024-07-08T13:38:21","date_gmt":"2024-07-08T10:38:21","guid":{"rendered":"https:\/\/akdenizhaber.com.tr\/?p=24960"},"modified":"2024-07-08T13:38:22","modified_gmt":"2024-07-08T10:38:22","slug":"kubik-odaya-almanyadan-248-bin-euro-hibe-destegi","status":"publish","type":"post","link":"https:\/\/akdenizhaber.com.tr\/index.php\/2024\/07\/08\/kubik-odaya-almanyadan-248-bin-euro-hibe-destegi\/","title":{"rendered":"K\u00fcbik Oda\u2019ya Almanya&#8217;dan 248 bin Euro hibe deste\u011fi"},"content":{"rendered":"\n<p>Antalya B\u00fcy\u00fck\u015fehir Belediyesi, karde\u015f \u015fehir N\u00fcrnberg ile birlikte ba\u015fvurulan ve Almanya Federal Ekonomik \u0130\u015fbirli\u011fi ve Kalk\u0131nma Bakanl\u0131\u011f\u0131 taraf\u0131ndan finanse edilen Nakopa program\u0131 kapsam\u0131nda hibe deste\u011fi almaya hak kazand\u0131. \u201cAntalya&#8217;da \u0130klim De\u011fi\u015fikli\u011fi \u0130le Daha Etkili M\u00fccadele \u0130\u00e7in Dijital Uygulamalar\u201d adl\u0131 proje i\u00e7in 248 bin Euro hibe deste\u011fi al\u0131nacak.<\/p>\n\n\n\n<p>Antalya B\u00fcy\u00fck\u015fehir Belediyesi D\u0131\u015f \u0130li\u015fkiler Dairesi Ba\u015fkanl\u0131\u011f\u0131, \u0130klim De\u011fi\u015fikli\u011fi ve S\u0131f\u0131r At\u0131k Dairesi Ba\u015fkanl\u0131\u011f\u0131 ve Almanya N\u00fcrnberg Belediyesi D\u0131\u015f \u0130li\u015fkiler Dairesi\u2019nin ortak \u00e7al\u0131\u015fmalar\u0131 sonucu ba\u015fvurusu yap\u0131lan proje kabul edildi. \u0130nsan kaynakl\u0131 iklim de\u011fi\u015fikli\u011fi konusunda fark\u0131ndal\u0131k yaratmay\u0131 ama\u00e7layan proje i\u00e7in Engagement Global b\u00fcnyesinde faaliyet g\u00f6steren Tek D\u00fcnyada Belediyeler Hizmet Dairesi (SKEW) taraf\u0131ndan y\u00fcr\u00fct\u00fclen ve Federal Ekonomik \u0130\u015fbirli\u011fi ve Kalk\u0131nma Bakanl\u0131\u011f\u0131 taraf\u0131ndan finanse edilen Nakopa program\u0131 kapsam\u0131nda 248 bin 400 Euro hibe deste\u011fi sa\u011flanacak.<\/p>\n\n\n\n<p>K\u00dcB\u0130K ODA \u0130LE ETK\u0130LE\u015e\u0130ML\u0130 \u00d6\u011eRENME<\/p>\n\n\n\n<p>Projeyle, Antalya \u00c7evre E\u011fitim ve \u0130novasyon Merkezi&#8217;nde hareketli g\u00f6r\u00fcnt\u00fclerin yer ald\u0131\u011f\u0131 interaktif bir \u00f6\u011frenme ortam\u0131 sa\u011flanacak. Bu ama\u00e7la olu\u015fturulacak k\u00fcbik odada, insan kaynakl\u0131 iklim de\u011fi\u015fikli\u011fine ili\u015fkin senaryolar ve infografikler \u00fc\u00e7 duvarda sunulacak. D\u00f6rd\u00fcnc\u00fc duvarda ise Antalya B\u00fcy\u00fck\u015fehir Belediyesi&#8217;nin hayata ge\u00e7irdi\u011fi \u00e7evre projeleri ve \u00e7\u00f6z\u00fcmleri hakk\u0131nda video ve bilgiler yer alacak. Ula\u015f\u0131m sorunlar\u0131, sera gazlar\u0131n\u0131n etkileri, denizde istilac\u0131 t\u00fcrler, orman yang\u0131nlar\u0131 ve \u00e7evresel at\u0131klar gibi kentimizi ve t\u00fcm d\u00fcnyay\u0131 ilgilendiren problemlere dikkat \u00e7ekilecek.<\/p>\n\n\n\n<p>N\u00dcRNBERG HEYET\u0130 \u0130NOVASYON MERKEZ\u0130N\u0130 GEZD\u0130<\/p>\n\n\n\n<p>N\u00fcrnberg D\u0131\u015f \u0130li\u015fkiler Daire Ba\u015fkan\u0131 Vekili Silvie Preusser ile N\u00fcrnberg Belediyesi D\u0131\u015f \u0130li\u015fkiler Dairesi Antalya Koordinat\u00f6r\u00fc Luis Prada Antalya\u2019ya gelerek projenin hayata ge\u00e7irilece\u011fi Antalya B\u00fcy\u00fck\u015fehir Belediyesi \u00c7evre E\u011fitim ve \u0130novasyon Merkezi\u2019ni gezdi.<\/p>\n\n\n\n<p>Antalya B\u00fcy\u00fck\u015fehir Belediyesi Ba\u015fkan Dan\u0131\u015fman\u0131 \u00c7evre Y\u00fcksek M\u00fchendisi Lokman Atasoy ile \u0130klim De\u011fi\u015fikli\u011fi ve S\u0131f\u0131r At\u0131k Daire Ba\u015fkan\u0131 Melike Kire\u00e7ciba\u015f\u0131 merkez hakk\u0131nda N\u00fcrnberg heyetine bilgi verdi.<\/p>\n\n\n\n<p>Z\u0130YARET\u00c7\u0130LER \u0130KL\u0130M DE\u011e\u0130\u015e\u0130KL\u0130\u011e\u0130 KONUSUNDA B\u0130L\u0130N\u00c7LENECEK<\/p>\n\n\n\n<p>Antalya B\u00fcy\u00fck\u015fehir Belediyesi Ba\u015fkan Dan\u0131\u015fman\u0131 \u00c7evre Y\u00fcksek M\u00fchendisi Lokman Atasoy, k\u00fcbik oda sayesinde, ziyaret\u00e7ilerin insan kaynakl\u0131 olu\u015fan iklim de\u011fi\u015fikli\u011fi ve \u00e7evreye etkilerini, dikkat edilmesi gereken hususlar\u0131 teknolojiyi kullanarak daha etkili bir \u015fekilde aktarabileceklerini ifade etti. Atasoy, \u201cKuraca\u011f\u0131m\u0131z dijital k\u00fcbik odada ziyaret\u00e7ilerimiz iklim de\u011fi\u015fikli\u011finin etkilerini daha ger\u00e7ek\u00e7i olarak g\u00f6recekler. Yarat\u0131lacak sesli ve g\u00f6rsel efektler ile verilecek mesajlar ziyaret\u00e7ilerin haf\u0131zas\u0131nda daha \u00e7ok yer alacak. Antalya\u2019m\u0131z i\u00e7in yine ilk olacak bir proje. 2026 y\u0131l\u0131nda tamamlanmas\u0131n\u0131 planlad\u0131\u011f\u0131m\u0131z bu proje sayesinde ba\u015fta \u00e7ocuklar olmak \u00fczere Antalya halk\u0131n\u0131n \u00e7evre fark\u0131ndal\u0131\u011f\u0131n\u0131n artmas\u0131na \u00f6nemli katk\u0131lar sa\u011flayaca\u011f\u0131na inan\u0131yoruz\u201d ifadelerini kulland\u0131.<\/p>\n\n\n\n<p>Antalya B\u00fcy\u00fck\u015fehir Belediyesi \/ B\u00fclten<\/p>\n","protected":false},"excerpt":{"rendered":"<p>Antalya B\u00fcy\u00fck\u015fehir Belediyesi, karde\u015f \u015fehir N\u00fcrnberg ile birlikte ba\u015fvurulan ve Almanya Federal Ekonomik \u0130\u015fbirli\u011fi ve Kalk\u0131nma Bakanl\u0131\u011f\u0131 taraf\u0131ndan finanse edilen Nakopa program\u0131 kapsam\u0131nda hibe deste\u011fi <a href=\"https:\/\/akdenizhaber.com.tr\/index.php\/2024\/07\/08\/kubik-odaya-almanyadan-248-bin-euro-hibe-destegi\/\" class=\"read-more-link\">[more&#8230;]<\/a><\/p>\n","protected":false},"author":2,"featured_media":24961,"comment_status":"open","ping_status":"open","sticky":false,"template":"","format":"standard","meta":{"footnotes":""},"categories":[1],"tags":[],"class_list":["post-24960","post","type-post","status-publish","format-standard","has-post-thumbnail","hentry","category-blog"],"_links":{"self":[{"href":"https:\/\/akdenizhaber.com.tr\/index.php\/wp-json\/wp\/v2\/posts\/24960","targetHints":{"allow":["GET"]}}],"collection":[{"href":"https:\/\/akdenizhaber.com.tr\/index.php\/wp-json\/wp\/v2\/posts"}],"about":[{"href":"https:\/\/akdenizhaber.com.tr\/index.php\/wp-json\/wp\/v2\/types\/post"}],"author":[{"embeddable":true,"href":"https:\/\/akdenizhaber.com.tr\/index.php\/wp-json\/wp\/v2\/users\/2"}],"replies":[{"embeddable":true,"href":"https:\/\/akdenizhaber.com.tr\/index.php\/wp-json\/wp\/v2\/comments?post=24960"}],"version-history":[{"count":1,"href":"https:\/\/akdenizhaber.com.tr\/index.php\/wp-json\/wp\/v2\/posts\/24960\/revisions"}],"predecessor-version":[{"id":24962,"href":"https:\/\/akdenizhaber.com.tr\/index.php\/wp-json\/wp\/v2\/posts\/24960\/revisions\/24962"}],"wp:featuredmedia":[{"embeddable":true,"href":"https:\/\/akdenizhaber.com.tr\/index.php\/wp-json\/wp\/v2\/media\/24961"}],"wp:attachment":[{"href":"https:\/\/akdenizhaber.com.tr\/index.php\/wp-json\/wp\/v2\/media?parent=24960"}],"wp:term":[{"taxonomy":"category","embeddable":true,"href":"https:\/\/akdenizhaber.com.tr\/index.php\/wp-json\/wp\/v2\/categories?post=24960"},{"taxonomy":"post_tag","embeddable":true,"href":"https:\/\/akdenizhaber.com.tr\/index.php\/wp-json\/wp\/v2\/tags?post=24960"}],"curies":[{"name":"wp","href":"https:\/\/api.w.org\/{rel}","templated":true}]}}