{"id":24952,"date":"2024-07-08T13:36:06","date_gmt":"2024-07-08T10:36:06","guid":{"rendered":"https:\/\/akdenizhaber.com.tr\/?p=24952"},"modified":"2024-07-08T13:36:06","modified_gmt":"2024-07-08T10:36:06","slug":"gundogdu-ahim-ve-aym-kararlarina-uyulmali-ve-uygulanmali","status":"publish","type":"post","link":"https:\/\/akdenizhaber.com.tr\/index.php\/2024\/07\/08\/gundogdu-ahim-ve-aym-kararlarina-uyulmali-ve-uygulanmali\/","title":{"rendered":"G\u00fcndo\u011fdu: AH\u0130M ve AYM kararlar\u0131na uyulmal\u0131 ve uygulanmal\u0131"},"content":{"rendered":"\n<p>Antalya Adalet ve \u0130nsan Haklar\u0131 Platformu (AH\u0130P) Ba\u015fkan\u0131 Av. M\u00fccahit G\u00fcndo\u011fdu, Avrupa \u0130nsan Haklar\u0131 Mahkemesi (AH\u0130M) kararlar\u0131na uyma ve uygulama Anayasa&#8217;n\u0131n 90. Maddesi gere\u011fi yasal bir zorunluluk oldu\u011funu s\u00f6yledi.<\/p>\n\n\n\n<p>AH\u0130M Ba\u015fkan\u0131 Av. M\u00fccahit G\u00fcndo\u011fdu, Adalet Bakanl\u0131\u011f\u0131n\u0131n ba\u015fta Anayasa Mahkemesi (AYM) ve Avrupa \u0130nsan Haklar\u0131 Mahkemesi (AH\u0130M) kararlar\u0131na uyma ve uygulama noktas\u0131nda inat ile &#8216;ipe un sermeyi s\u00fcrd\u00fcrd\u00fc\u011f\u00fcn\u00fcn alt\u0131n\u0131 \u00e7izen AH\u0130P Ba\u015fkan\u0131 Av. M\u00fccahit G\u00fcndo\u011fdu,&#8221; Adalet Bakanl\u0131\u011f\u0131 AH\u0130M kararlar\u0131n\u0131 uyma ve uygulanmad\u0131\u011f\u0131 i\u00e7in \u00fclkemizin de \u00fcyesi bulundu\u011fu Avrupa Konseyi Parlamenter Meclisi (AKPM) Ba\u015fkanl\u0131\u011f\u0131na yaz\u0131 yazarak son kez uyard\u0131. AKPM, uyar\u0131 yaz\u0131s\u0131nda T\u00fcrkiye Cumhuriyeti Adalet Bakanl\u0131\u011f\u0131 AH\u0130M kararlar\u0131n\u0131 uygulamada T\u00fcrkiye&#8217;nin acilen&nbsp;&nbsp; Avrupa Konseyi \u00fcyeli\u011finden \u00e7\u0131kar\u0131lmas\u0131n\u0131 istedi. Yine ABD&#8217;de 142 hem demokrat hem de Cumhuriyet\u00e7i Senat\u00f6r Ba\u015fkan John Biden&#8217;e T\u00fcrkiye Cumhuriyeti Devleti Adalet Bakanl\u0131\u011f\u0131&#8217;n\u0131n AH\u0130M kararlar\u0131na uyma ve uygulama noktas\u0131nda uyar\u0131da bulunmas\u0131n\u0131 istedi.<\/p>\n\n\n\n<p>T\u00fcrkiye Cumhuriyeti Devleti 100. Y\u0131l \u00f6nce Gazi Mustafa Kemal \u00f6nc\u00fcl\u00fc\u011f\u00fcnde y\u00f6n\u00fcn\u00fc Bat\u0131ya Avrupa&#8217;ya \u00e7evirmi\u015f bir \u00fclkedir.&nbsp;&nbsp; AH\u0130M kararlar\u0131na uyma ve uygulama yasal bir zorunluluktur. Anayasa Mahkemesi kararlar\u0131 uygulanmal\u0131 ve T\u00fcrkiye \u0130\u015f\u00e7i Partisi (T\u0130P) Hatay Milletvekili Av. \u015eerafettin Can Atalay acil tahliye edilerek Meclis&#8217;e gelerek asl\u0131 g\u00f6revini yapmal\u0131.&#8221; diye konu\u015ftu.<\/p>\n\n\n\n<p>Abdurrahman B\u00fcy\u00fckkeskin \/ Haber<\/p>\n","protected":false},"excerpt":{"rendered":"<p>Antalya Adalet ve \u0130nsan Haklar\u0131 Platformu (AH\u0130P) Ba\u015fkan\u0131 Av. M\u00fccahit G\u00fcndo\u011fdu, Avrupa \u0130nsan Haklar\u0131 Mahkemesi (AH\u0130M) kararlar\u0131na uyma ve uygulama Anayasa&#8217;n\u0131n 90. Maddesi gere\u011fi yasal <a href=\"https:\/\/akdenizhaber.com.tr\/index.php\/2024\/07\/08\/gundogdu-ahim-ve-aym-kararlarina-uyulmali-ve-uygulanmali\/\" class=\"read-more-link\">[more&#8230;]<\/a><\/p>\n","protected":false},"author":2,"featured_media":24953,"comment_status":"open","ping_status":"open","sticky":false,"template":"","format":"standard","meta":{"footnotes":""},"categories":[2],"tags":[],"class_list":["post-24952","post","type-post","status-publish","format-standard","has-post-thumbnail","hentry","category-gundem"],"_links":{"self":[{"href":"https:\/\/akdenizhaber.com.tr\/index.php\/wp-json\/wp\/v2\/posts\/24952","targetHints":{"allow":["GET"]}}],"collection":[{"href":"https:\/\/akdenizhaber.com.tr\/index.php\/wp-json\/wp\/v2\/posts"}],"about":[{"href":"https:\/\/akdenizhaber.com.tr\/index.php\/wp-json\/wp\/v2\/types\/post"}],"author":[{"embeddable":true,"href":"https:\/\/akdenizhaber.com.tr\/index.php\/wp-json\/wp\/v2\/users\/2"}],"replies":[{"embeddable":true,"href":"https:\/\/akdenizhaber.com.tr\/index.php\/wp-json\/wp\/v2\/comments?post=24952"}],"version-history":[{"count":1,"href":"https:\/\/akdenizhaber.com.tr\/index.php\/wp-json\/wp\/v2\/posts\/24952\/revisions"}],"predecessor-version":[{"id":24954,"href":"https:\/\/akdenizhaber.com.tr\/index.php\/wp-json\/wp\/v2\/posts\/24952\/revisions\/24954"}],"wp:featuredmedia":[{"embeddable":true,"href":"https:\/\/akdenizhaber.com.tr\/index.php\/wp-json\/wp\/v2\/media\/24953"}],"wp:attachment":[{"href":"https:\/\/akdenizhaber.com.tr\/index.php\/wp-json\/wp\/v2\/media?parent=24952"}],"wp:term":[{"taxonomy":"category","embeddable":true,"href":"https:\/\/akdenizhaber.com.tr\/index.php\/wp-json\/wp\/v2\/categories?post=24952"},{"taxonomy":"post_tag","embeddable":true,"href":"https:\/\/akdenizhaber.com.tr\/index.php\/wp-json\/wp\/v2\/tags?post=24952"}],"curies":[{"name":"wp","href":"https:\/\/api.w.org\/{rel}","templated":true}]}}