{"id":24942,"date":"2024-07-08T13:32:04","date_gmt":"2024-07-08T10:32:04","guid":{"rendered":"https:\/\/akdenizhaber.com.tr\/?p=24942"},"modified":"2024-07-08T13:32:05","modified_gmt":"2024-07-08T10:32:05","slug":"baskan-kocagoz-yol-denetiminde","status":"publish","type":"post","link":"https:\/\/akdenizhaber.com.tr\/index.php\/2024\/07\/08\/baskan-kocagoz-yol-denetiminde\/","title":{"rendered":"Ba\u015fkan Kocag\u00f6z yol denetiminde"},"content":{"rendered":"\n<p>Habibler Mahallesi\u2019nde yap\u0131m\u0131 tamamlanan yolda incelemelerde bulunan Kepez Belediye Ba\u015fkan\u0131 Mesut Kocag\u00f6z, yolu ula\u015f\u0131ma a\u00e7arak, b\u00f6lgede 8 y\u0131ld\u0131r ya\u015fanan \u00e7ileyi ortadan kald\u0131rd\u0131klar\u0131n\u0131 s\u00f6yledi.&nbsp;<\/p>\n\n\n\n<p>Kepez Belediyesi, Habibler Mahallesi 5566 Sokak\u2019taki ba\u015flatt\u0131\u011f\u0131 yol a\u00e7ma \u00e7al\u0131\u015fmas\u0131n\u0131 tamamlad\u0131.<br>Gecekondu i\u015fgalinden dolay\u0131 soka\u011f\u0131n yakla\u015f\u0131k 200 metrelik b\u00f6l\u00fcm\u00fcn\u00fcn bat\u0131 k\u0131sm\u0131, \u00f6nceki y\u0131llarda imar plan\u0131na notuna g\u00f6re geni\u015fletilememi\u015fti.<br>Fen \u0130\u015fleri M\u00fcd\u00fcrl\u00fc\u011f\u00fc, geni\u015fli\u011fi 30 metre, uzunlu\u011fu 560 metre olan soka\u011f\u0131n imar plan\u0131na g\u00f6re a\u00e7\u0131lamayan b\u00f6l\u00fcm\u00fcn\u00fc, gecekondu i\u015fgalini kald\u0131rarak, geni\u015fletti.&nbsp;<br>Toprak i\u015fleri ve ince tesviye \u00e7al\u0131\u015fmalar\u0131ndan sonra 15 metre geni\u015fletilen yola, 250 ton s\u0131cak asfalt serildi. Soka\u011f\u0131n bu b\u00f6l\u00fcm\u00fcn\u00fcn kald\u0131r\u0131m\u0131 da yap\u0131ld\u0131.<br>Yol yap\u0131m\u0131yla hem 5566 Sokak imar plan\u0131na uygun hale getirildi hem de b\u00f6lgedeki ula\u015f\u0131m rahatlat\u0131ld\u0131.<br>Kepez Belediye Ba\u015fkan\u0131 Mesut Kocag\u00f6z de, b\u00fcrokratlar\u0131yla yap\u0131m\u0131 tamamlanan sokakta incelemelerde bulundu.&nbsp; Ba\u015fkan Mesut Kocag\u00f6z, asfalt \u00e7al\u0131\u015fmas\u0131n\u0131 ger\u00e7ekle\u015ftiren Fen \u0130\u015fleri M\u00fcd\u00fcrl\u00fc\u011f\u00fc personeline, hizmetlerinden dolay\u0131 te\u015fekk\u00fcr etti ve kolayl\u0131klar diledi.&nbsp;<\/p>\n\n\n\n<p>\u201c8 y\u0131ld\u0131r ya\u015fanan \u00e7ileyi bitirdik\u201d<br>A\u00e7\u0131klamas\u0131nda, 5566 Sokak\u2019\u0131n bir b\u00f6l\u00fcm\u00fcn\u00fcn gecekondu sorunundan dolay\u0131 8 y\u0131ld\u0131r ula\u015f\u0131ma a\u00e7\u0131lamamas\u0131n\u0131n b\u00f6lge sakinleri i\u00e7in bir \u00e7ile oldu\u011funun alt\u0131n\u0131 Ba\u015fkan Kocag\u00f6z, \u201cHak sahibine arsa tapusunu vererek, yolun geni\u015fletilmesine engel olan gecekonduyu tahliye ettik ve yolu ula\u015f\u0131ma a\u00e7t\u0131k. Toprak i\u015fleri ve tesviye \u00e7al\u0131\u015fmalar\u0131n\u0131n tamamlanmas\u0131ndan sonra soka\u011f\u0131n geni\u015fletti\u011fimiz b\u00f6l\u00fcm\u00fcn\u00fcn s\u0131cak asfalt\u0131n\u0131 ve kald\u0131r\u0131m\u0131n\u0131 yapt\u0131k. 250 ton s\u0131cak asfalt uygulamas\u0131 ve parke kald\u0131r\u0131m \u00e7al\u0131\u015fmas\u0131yla ara\u00e7 ve yaya yollar\u0131n\u0131 g\u00fcvenli ve konforlu hale getirdik. Ya\u011fmur sonras\u0131 olu\u015fabilecek sel bask\u0131nlar\u0131n\u0131 \u00f6n\u00fcne ge\u00e7mek amac\u0131yla b\u00f6lgede \u00e7al\u0131\u015fma da yapaca\u011f\u0131z. Habibler ve di\u011fer mahallelerimizde yol yap\u0131m\u0131, asfalt, kald\u0131r\u0131m, yol bak\u0131m ve onar\u0131m \u00e7al\u0131\u015fmalar\u0131m\u0131z\u0131 artarak devam edecek.\u201d ifadesini kulland\u0131.<\/p>\n\n\n\n<p>Vatanda\u015ftan yol te\u015fekk\u00fcr\u00fc<br>Mahalle Muhtar\u0131 Bekir K\u0131nay ve b\u00f6lge sakinleri, 5566 Sokak\u2019\u0131n dar b\u00f6l\u00fcm\u00fcn\u00fcn ula\u015f\u0131ma a\u00e7arak, 8 y\u0131ld\u0131r ya\u015fad\u0131klar\u0131 yol sorununu ortadan kald\u0131rmas\u0131ndan dolay\u0131 Ba\u015fkan Mesut Kocag\u00f6z\u2019e ve ekibine te\u015fekk\u00fcr etti. &nbsp;<br>Arazi gezisine Ba\u015fkan Yard\u0131mc\u0131s\u0131 Sebahat Adan\u0131r ile Fen \u0130\u015fleri M\u00fcd\u00fcr\u00fc Musa G\u00fcl de e\u015flik etti.<br>Dar b\u00f6l\u00fcm\u00fc geni\u015fletilen 5566 Sokak,&nbsp; Adnan Kahveci Caddesi, D\u00fcden Caddesi ve S\u00fct\u00e7\u00fcler Caddesi\u2019ne;&nbsp; Sel\u00e7uklular Caddesi\u2019yle de S\u00fcleyman Demirel Bulvar\u0131\u2019na ula\u015f\u0131m imk\u00e2n\u0131 sa\u011fl\u0131yor.<\/p>\n\n\n\n<p>Kepez Belediyesi \/ B\u00fclten<\/p>\n","protected":false},"excerpt":{"rendered":"<p>Habibler Mahallesi\u2019nde yap\u0131m\u0131 tamamlanan yolda incelemelerde bulunan Kepez Belediye Ba\u015fkan\u0131 Mesut Kocag\u00f6z, yolu ula\u015f\u0131ma a\u00e7arak, b\u00f6lgede 8 y\u0131ld\u0131r ya\u015fanan \u00e7ileyi ortadan kald\u0131rd\u0131klar\u0131n\u0131 s\u00f6yledi.&nbsp; Kepez Belediyesi, <a href=\"https:\/\/akdenizhaber.com.tr\/index.php\/2024\/07\/08\/baskan-kocagoz-yol-denetiminde\/\" class=\"read-more-link\">[more&#8230;]<\/a><\/p>\n","protected":false},"author":2,"featured_media":24943,"comment_status":"open","ping_status":"open","sticky":false,"template":"","format":"standard","meta":{"footnotes":""},"categories":[2],"tags":[],"class_list":["post-24942","post","type-post","status-publish","format-standard","has-post-thumbnail","hentry","category-gundem"],"_links":{"self":[{"href":"https:\/\/akdenizhaber.com.tr\/index.php\/wp-json\/wp\/v2\/posts\/24942","targetHints":{"allow":["GET"]}}],"collection":[{"href":"https:\/\/akdenizhaber.com.tr\/index.php\/wp-json\/wp\/v2\/posts"}],"about":[{"href":"https:\/\/akdenizhaber.com.tr\/index.php\/wp-json\/wp\/v2\/types\/post"}],"author":[{"embeddable":true,"href":"https:\/\/akdenizhaber.com.tr\/index.php\/wp-json\/wp\/v2\/users\/2"}],"replies":[{"embeddable":true,"href":"https:\/\/akdenizhaber.com.tr\/index.php\/wp-json\/wp\/v2\/comments?post=24942"}],"version-history":[{"count":1,"href":"https:\/\/akdenizhaber.com.tr\/index.php\/wp-json\/wp\/v2\/posts\/24942\/revisions"}],"predecessor-version":[{"id":24944,"href":"https:\/\/akdenizhaber.com.tr\/index.php\/wp-json\/wp\/v2\/posts\/24942\/revisions\/24944"}],"wp:featuredmedia":[{"embeddable":true,"href":"https:\/\/akdenizhaber.com.tr\/index.php\/wp-json\/wp\/v2\/media\/24943"}],"wp:attachment":[{"href":"https:\/\/akdenizhaber.com.tr\/index.php\/wp-json\/wp\/v2\/media?parent=24942"}],"wp:term":[{"taxonomy":"category","embeddable":true,"href":"https:\/\/akdenizhaber.com.tr\/index.php\/wp-json\/wp\/v2\/categories?post=24942"},{"taxonomy":"post_tag","embeddable":true,"href":"https:\/\/akdenizhaber.com.tr\/index.php\/wp-json\/wp\/v2\/tags?post=24942"}],"curies":[{"name":"wp","href":"https:\/\/api.w.org\/{rel}","templated":true}]}}