{"id":24937,"date":"2024-07-08T13:27:22","date_gmt":"2024-07-08T10:27:22","guid":{"rendered":"https:\/\/akdenizhaber.com.tr\/?p=24937"},"modified":"2024-07-08T13:27:22","modified_gmt":"2024-07-08T10:27:22","slug":"derekoyde-cok-amacli-salon-insaatinda-sona-dogru","status":"publish","type":"post","link":"https:\/\/akdenizhaber.com.tr\/index.php\/2024\/07\/08\/derekoyde-cok-amacli-salon-insaatinda-sona-dogru\/","title":{"rendered":"Derek\u00f6y\u2019de \u00e7ok ama\u00e7l\u0131 salon in\u015faat\u0131nda sona do\u011fru"},"content":{"rendered":"\n<p>Antalya B\u00fcy\u00fck\u015fehir Belediyesi\u2019nin Korkuteli il\u00e7esi Derek\u00f6y Mahallesi\u2019nde ba\u015flatt\u0131\u011f\u0131, vatanda\u015flar\u0131n uzun s\u00fcredir ihtiya\u00e7 duydu\u011fu d\u00fc\u011f\u00fcn, mevlit ve \u00e7e\u015fitli toplant\u0131lar\u0131n\u0131 ger\u00e7ekle\u015ftirebilece\u011fi \u00e7ok ama\u00e7l\u0131 salon in\u015faat\u0131 h\u0131zla y\u00fckseliyor. \u00c7at\u0131 \u00f6rt\u00fcs\u00fc tamamlanan ve yer seramik kaplamas\u0131 yap\u0131lan \u00e7ok ama\u00e7l\u0131 salonun yak\u0131n zamanda halk\u0131n hizmetine a\u00e7\u0131lmas\u0131 planlan\u0131yor.<\/p>\n\n\n\n<p>Antalya B\u00fcy\u00fck\u015fehir Belediye Ba\u015fkan\u0131 se\u00e7im vaatleri aras\u0131nda yer alan k\u0131rsal b\u00f6lgelere \u00e7ok ama\u00e7l\u0131 salon projeleri hayat bulmaya devam ediyor. Bu kapsamda B\u00fcy\u00fck\u015fehir Belediyesi Korkuteli il\u00e7esi Derek\u00f6y Mahallesi\u2019nde yap\u0131m\u0131na ba\u015flanan vatanda\u015flar\u0131n d\u00fc\u011f\u00fcn, mevlit ve toplant\u0131 gibi etkinliklerini rahat\u00e7a yapabilece\u011fi \u00e7ok ama\u00e7l\u0131 salon in\u015faat\u0131 da h\u0131zla y\u00fckseliyor. B\u00fcy\u00fck\u015fehir Belediyesi Fen \u0130\u015fleri Dairesi Ba\u015fkanl\u0131\u011f\u0131 taraf\u0131ndan y\u00fcr\u00fct\u00fclen proje 1443 metrekare alan \u00fczerinde 561 metrekare kapal\u0131 alana sahip olacak.<\/p>\n\n\n\n<p>YAKIN ZAMANDA H\u0130ZMETE G\u0130RECEK<\/p>\n\n\n\n<p>Korkuteli Derek\u00f6y Mahallesi\u2019nde yap\u0131m\u0131 s\u00fcren \u00e7ok ama\u00e7l\u0131 salonun betonarme imalat\u0131 biterken, \u00e7at\u0131 \u00f6rt\u00fcs\u00fc tamamland\u0131. Yer d\u00f6\u015femesi seramik i\u015flerinde son a\u015famaya gelinen \u00e7ok ama\u00e7l\u0131 salon in\u015faat\u0131 yak\u0131n zamanda ge\u00e7ici kabul i\u015flemlerine haz\u0131r hale getirilecek. \u00c7evre d\u00fczenlemesinin de tamamlanmas\u0131yla birlikte Derek\u00f6yl\u00fcler, d\u00fc\u011f\u00fcn ve mevlit gibi etkinliklerde kullanabilece\u011fi \u00e7ok ama\u00e7l\u0131 salona kavu\u015fmu\u015f olacak.<\/p>\n\n\n\n<p>Antalya B\u00fcy\u00fck\u015fehir Belediyesi \/ B\u00fclten<\/p>\n","protected":false},"excerpt":{"rendered":"<p>Antalya B\u00fcy\u00fck\u015fehir Belediyesi\u2019nin Korkuteli il\u00e7esi Derek\u00f6y Mahallesi\u2019nde ba\u015flatt\u0131\u011f\u0131, vatanda\u015flar\u0131n uzun s\u00fcredir ihtiya\u00e7 duydu\u011fu d\u00fc\u011f\u00fcn, mevlit ve \u00e7e\u015fitli toplant\u0131lar\u0131n\u0131 ger\u00e7ekle\u015ftirebilece\u011fi \u00e7ok ama\u00e7l\u0131 salon in\u015faat\u0131 h\u0131zla y\u00fckseliyor. <a href=\"https:\/\/akdenizhaber.com.tr\/index.php\/2024\/07\/08\/derekoyde-cok-amacli-salon-insaatinda-sona-dogru\/\" class=\"read-more-link\">[more&#8230;]<\/a><\/p>\n","protected":false},"author":2,"featured_media":24938,"comment_status":"open","ping_status":"open","sticky":false,"template":"","format":"standard","meta":{"footnotes":""},"categories":[2],"tags":[],"class_list":["post-24937","post","type-post","status-publish","format-standard","has-post-thumbnail","hentry","category-gundem"],"_links":{"self":[{"href":"https:\/\/akdenizhaber.com.tr\/index.php\/wp-json\/wp\/v2\/posts\/24937","targetHints":{"allow":["GET"]}}],"collection":[{"href":"https:\/\/akdenizhaber.com.tr\/index.php\/wp-json\/wp\/v2\/posts"}],"about":[{"href":"https:\/\/akdenizhaber.com.tr\/index.php\/wp-json\/wp\/v2\/types\/post"}],"author":[{"embeddable":true,"href":"https:\/\/akdenizhaber.com.tr\/index.php\/wp-json\/wp\/v2\/users\/2"}],"replies":[{"embeddable":true,"href":"https:\/\/akdenizhaber.com.tr\/index.php\/wp-json\/wp\/v2\/comments?post=24937"}],"version-history":[{"count":1,"href":"https:\/\/akdenizhaber.com.tr\/index.php\/wp-json\/wp\/v2\/posts\/24937\/revisions"}],"predecessor-version":[{"id":24939,"href":"https:\/\/akdenizhaber.com.tr\/index.php\/wp-json\/wp\/v2\/posts\/24937\/revisions\/24939"}],"wp:featuredmedia":[{"embeddable":true,"href":"https:\/\/akdenizhaber.com.tr\/index.php\/wp-json\/wp\/v2\/media\/24938"}],"wp:attachment":[{"href":"https:\/\/akdenizhaber.com.tr\/index.php\/wp-json\/wp\/v2\/media?parent=24937"}],"wp:term":[{"taxonomy":"category","embeddable":true,"href":"https:\/\/akdenizhaber.com.tr\/index.php\/wp-json\/wp\/v2\/categories?post=24937"},{"taxonomy":"post_tag","embeddable":true,"href":"https:\/\/akdenizhaber.com.tr\/index.php\/wp-json\/wp\/v2\/tags?post=24937"}],"curies":[{"name":"wp","href":"https:\/\/api.w.org\/{rel}","templated":true}]}}