{"id":24929,"date":"2024-07-08T13:22:53","date_gmt":"2024-07-08T10:22:53","guid":{"rendered":"https:\/\/akdenizhaber.com.tr\/?p=24929"},"modified":"2024-07-08T13:22:53","modified_gmt":"2024-07-08T10:22:53","slug":"antalyaspor-tarihi-tanitim-salonu-ziyarete-acildi","status":"publish","type":"post","link":"https:\/\/akdenizhaber.com.tr\/index.php\/2024\/07\/08\/antalyaspor-tarihi-tanitim-salonu-ziyarete-acildi\/","title":{"rendered":"Antalyaspor Tarihi Tan\u0131t\u0131m Salonu Ziyarete A\u00e7\u0131ld\u0131"},"content":{"rendered":"\n<p>Antalyaspor\u2019un tarihini ba\u015fl\u0131klar halinde anlatan g\u00f6rsel ve bilgilerin yer ald\u0131\u011f\u0131 Antalyaspor Tarihi Tan\u0131t\u0131m Salonu, Antalya Lisesi\u2019nde ziyarete a\u00e7\u0131ld\u0131.<\/p>\n\n\n\n<p>Antalyaspor ile Antalya Milli E\u011fitim \u0130l M\u00fcd\u00fcrl\u00fc\u011f\u00fc aras\u0131nda imzalanan protokol ve Antalya B\u00fcy\u00fck\u015fehir Belediyesi deste\u011fiyle a\u00e7\u0131l\u0131\u015fa haz\u0131r hale getirilen salon, ge\u00e7mi\u015ften g\u00fcn\u00fcm\u00fcze k\u0131rm\u0131z\u0131 beyazl\u0131 kul\u00fcb\u00fcn tarihine \u0131\u015f\u0131k tutan ana ba\u015fl\u0131klardan olu\u015fuyor.<\/p>\n\n\n\n<p>\u0130LK FORMA SERG\u0130LEN\u0130YOR<\/p>\n\n\n\n<p>Antalya Lisesi\u2019nde hafta i\u00e7i her g\u00fcn 09.00-17.00 saatleri aras\u0131nda ziyaret edilebilecek olan Antalyaspor Tarihi Tan\u0131t\u0131m Salonu\u2019nda, Antalyaspor\u2019un Kurucu Ba\u015fkan\u0131 Atilla Vehbi Konuk\u2019un k\u0131z\u0131 Nadire Konuk Ak\u0131nc\u0131o\u011flu taraf\u0131ndan hediye edilen, 1966 y\u0131l\u0131ndaki ilk tak\u0131m\u0131n giydi\u011fi orijinal forma ziyaret\u00e7ileri kar\u015f\u0131l\u0131yor. Antalyaspor\u2019un S\u00fcper Lig\u2019e y\u00fckseldi\u011fi 6 \u015fampiyonluktan birinin replika kupas\u0131n\u0131n yer ald\u0131\u011f\u0131 ni\u015fin \u00fczerinde, Atilla Vehbi Konuk\u2019un kurulu\u015f ile ilgili s\u00f6yledi\u011fi ilk s\u00f6zler ve ilk y\u00f6netim kurulunun listesi yer al\u0131yor. Hemen yan\u0131nda Antalyaspor armas\u0131n\u0131n ve renklerin anlam\u0131 ile hangi d\u00fc\u015f\u00fcncelerle olu\u015fturuldu\u011funu anlatan bir yaz\u0131 var. Bu b\u00f6l\u00fcm\u00fcn \u00fczerinde ise ge\u00e7mi\u015ften bug\u00fcne kullan\u0131lan Antalyaspor logolar\u0131 yer al\u0131yor. Alt tarafta ise Antalya Lisesi\u2019nde e\u011fitim g\u00f6ren ve Antalyaspor\u2019a hizmet etmi\u015f isimlerin bilgileri bulunuyor.<\/p>\n\n\n\n<p>ANTALYASPOR\u2019UN \u015eANLI TAR\u0130H\u0130<\/p>\n\n\n\n<p>Giri\u015fin sa\u011f taraf\u0131nda 1966 y\u0131l\u0131ndan bu g\u00fcne kadar Antalyaspor\u2019un elde etti\u011fi tarihi d\u00f6n\u00fcm noktalar\u0131n\u0131 i\u00e7eren g\u00f6rseller ve bilgilerin yan\u0131 s\u0131ra, ayn\u0131 zamanda bu tarihi s\u00fcreci anlatan bir video da s\u00fcrekli oynat\u0131l\u0131yor. Di\u011fer b\u00f6l\u00fcmde ise Antalyaspor\u2019un ilk S\u00fcper Lig gol\u00fcn\u00fc atan Metin \u015eahin\u2019den sonra her \u2018dalya\u2019 dedi\u011fi golleri kaydeden futbolcular\u0131n foto\u011fraflar\u0131 ve o ma\u00e7lar\u0131n bilgileri bulunuyor. Ayr\u0131ca kul\u00fcb\u00fcn S\u00fcper Lig\u2019e y\u00fckseldi\u011fi 6 sezonda giydi\u011fi formalar\u0131n ve o sezonun tak\u0131m kadrolar\u0131n\u0131 i\u00e7eren bir b\u00f6l\u00fcm de bulunuyor. Antalya Lisesi\u2019nde ziyarete a\u00e7\u0131lan Antalyaspor Tarihi Tan\u0131t\u0131m Salonu, hafta i\u00e7i 09.00-17.00 saatleri aras\u0131nda ziyaret edilebilir.&nbsp;<\/p>\n\n\n\n<p>Antalyaspor \/ B\u00fclten<\/p>\n","protected":false},"excerpt":{"rendered":"<p>Antalyaspor\u2019un tarihini ba\u015fl\u0131klar halinde anlatan g\u00f6rsel ve bilgilerin yer ald\u0131\u011f\u0131 Antalyaspor Tarihi Tan\u0131t\u0131m Salonu, Antalya Lisesi\u2019nde ziyarete a\u00e7\u0131ld\u0131. Antalyaspor ile Antalya Milli E\u011fitim \u0130l M\u00fcd\u00fcrl\u00fc\u011f\u00fc <a href=\"https:\/\/akdenizhaber.com.tr\/index.php\/2024\/07\/08\/antalyaspor-tarihi-tanitim-salonu-ziyarete-acildi\/\" class=\"read-more-link\">[more&#8230;]<\/a><\/p>\n","protected":false},"author":2,"featured_media":24930,"comment_status":"open","ping_status":"open","sticky":false,"template":"","format":"standard","meta":{"footnotes":""},"categories":[2],"tags":[],"class_list":["post-24929","post","type-post","status-publish","format-standard","has-post-thumbnail","hentry","category-gundem"],"_links":{"self":[{"href":"https:\/\/akdenizhaber.com.tr\/index.php\/wp-json\/wp\/v2\/posts\/24929","targetHints":{"allow":["GET"]}}],"collection":[{"href":"https:\/\/akdenizhaber.com.tr\/index.php\/wp-json\/wp\/v2\/posts"}],"about":[{"href":"https:\/\/akdenizhaber.com.tr\/index.php\/wp-json\/wp\/v2\/types\/post"}],"author":[{"embeddable":true,"href":"https:\/\/akdenizhaber.com.tr\/index.php\/wp-json\/wp\/v2\/users\/2"}],"replies":[{"embeddable":true,"href":"https:\/\/akdenizhaber.com.tr\/index.php\/wp-json\/wp\/v2\/comments?post=24929"}],"version-history":[{"count":1,"href":"https:\/\/akdenizhaber.com.tr\/index.php\/wp-json\/wp\/v2\/posts\/24929\/revisions"}],"predecessor-version":[{"id":24931,"href":"https:\/\/akdenizhaber.com.tr\/index.php\/wp-json\/wp\/v2\/posts\/24929\/revisions\/24931"}],"wp:featuredmedia":[{"embeddable":true,"href":"https:\/\/akdenizhaber.com.tr\/index.php\/wp-json\/wp\/v2\/media\/24930"}],"wp:attachment":[{"href":"https:\/\/akdenizhaber.com.tr\/index.php\/wp-json\/wp\/v2\/media?parent=24929"}],"wp:term":[{"taxonomy":"category","embeddable":true,"href":"https:\/\/akdenizhaber.com.tr\/index.php\/wp-json\/wp\/v2\/categories?post=24929"},{"taxonomy":"post_tag","embeddable":true,"href":"https:\/\/akdenizhaber.com.tr\/index.php\/wp-json\/wp\/v2\/tags?post=24929"}],"curies":[{"name":"wp","href":"https:\/\/api.w.org\/{rel}","templated":true}]}}