{"id":24922,"date":"2024-07-04T15:44:40","date_gmt":"2024-07-04T12:44:40","guid":{"rendered":"https:\/\/akdenizhaber.com.tr\/?p=24922"},"modified":"2024-07-04T15:44:41","modified_gmt":"2024-07-04T12:44:41","slug":"manavgatta-gorkemli-dugun","status":"publish","type":"post","link":"https:\/\/akdenizhaber.com.tr\/index.php\/2024\/07\/04\/manavgatta-gorkemli-dugun\/","title":{"rendered":"Manavgat\u2019ta g\u00f6rkemli d\u00fc\u011f\u00fcn!"},"content":{"rendered":"\n<p>25\u2019inci d\u00f6nem Antalya Milletvekili Tarkan Ak\u0131ll\u0131\u2019n\u0131n o\u011flu F\u0131rat Ak\u0131l\u0131 ile kentin sevilen i\u015f insanlar\u0131ndan Ey\u00fcp Tezol\u2019un k\u0131z\u0131 Ece Tezol, g\u00f6rkemli bir t\u00f6renle hayatlar\u0131n\u0131 birle\u015ftirdi. \u00c7iftin d\u00fc\u011f\u00fcnleri 5 y\u0131ld\u0131zl\u0131 Bella Sun Resort Hotel\u2019de ger\u00e7ekle\u015fti ve \u00e7ok say\u0131da se\u00e7kin davetli kat\u0131ld\u0131.<\/p>\n\n\n\n<p>Kentin i\u015f ve siyaset d\u00fcnyas\u0131n\u0131n \u00f6nemli isimlerini bir araya getiren g\u00f6rkemli d\u00fc\u011f\u00fcnde \u00e7iftin nikah\u0131 Manavgat Belediye Ba\u015fkan\u0131 Niyazi Nefi Kara taraf\u0131ndan k\u0131y\u0131ld\u0131. Nikah \u015fahitliklerini MHP Antalya \u0130l Ba\u015fkan\u0131 Onur Temel, MHP Antalya Milletvekili Abdurrahman Ba\u015fkan, 23\u2019inci d\u00f6nem MHP Antalya Milletvekili H\u00fcseyin Y\u0131ld\u0131z, 25\u2019inci d\u00f6nem Kayseri Milletvekili S\u00fcleyman Korkmaz, \u00f6nceki d\u00f6nem Adana B\u00fcy\u00fck\u015fehir Belediye Ba\u015fkan\u0131 H\u00fcseyin S\u00f6zl\u00fc, Osman Tezol ve Beyza Tezol \u00fcstlendi.<\/p>\n\n\n\n<p>\u2018Sen Benim \u015eark\u0131lar\u0131ms\u0131n\u2019<\/p>\n\n\n\n<p>Ece ve F\u0131rat\u2019\u0131n ilk danslar\u0131na \u0130lhan \u015ee\u015fen\u2019in bestesi \u201cSen Benim \u015eark\u0131lar\u0131ms\u0131n\u201d e\u015flik etti. G\u00f6rkemli d\u00fc\u011f\u00fcn\u00fcn sahnesi, \u00f6zg\u00fcn sesi ve \u015fark\u0131lara getirdi\u011fi yorumlarla k\u0131sa s\u00fcrede geni\u015f bir hayran kitlesi edinen Hasan Kurt\u2019a emanetti. Kurt, gece i\u00e7in \u00f6zel bir repertuar haz\u0131rlayarak hareketli \u015fark\u0131lar\u0131yla davetlilere unutulmaz bir m\u00fczik ziyafeti sundu.<\/p>\n\n\n\n<p>MHP Genel Ba\u015fkan\u0131 Devlet Bah\u00e7eli \u00c7i\u00e7ek G\u00f6nderdi<\/p>\n\n\n\n<p>MHP Genel Ba\u015fkan\u0131 Devlet Bah\u00e7eli ve Cumhur \u0130ttifak\u0131 milletvekilleri, program yo\u011funlu\u011fundan dolay\u0131 d\u00fc\u011f\u00fcne kat\u0131lamad\u0131, ancak \u00e7elenkleri salonda yerini ald\u0131. CHP Antalya Milletvekilleri Sururi \u00c7orabat\u0131r ve Aykut Kaya ile \u00f6nceki d\u00f6nem Manavgat Belediye Ba\u015fkan\u0131 \u015e\u00fckr\u00fc S\u00f6zen de d\u00fc\u011f\u00fcne aileleriyle kat\u0131ld\u0131.<\/p>\n\n\n\n<p>Balay\u0131 Maldivler\u2019de<\/p>\n\n\n\n<p>Ece ve F\u0131rat\u2019\u0131n d\u00fc\u011f\u00fcn\u00fc Manavgat\u2019ta hafta sonuna damga vurdu. \u00c7i\u00e7e\u011fi burnunda \u00e7ift, balay\u0131 i\u00e7in Maldivleri tercih etti.<\/p>\n\n\n\n<p>Haber Merkezi<\/p>\n","protected":false},"excerpt":{"rendered":"<p>25\u2019inci d\u00f6nem Antalya Milletvekili Tarkan Ak\u0131ll\u0131\u2019n\u0131n o\u011flu F\u0131rat Ak\u0131l\u0131 ile kentin sevilen i\u015f insanlar\u0131ndan Ey\u00fcp Tezol\u2019un k\u0131z\u0131 Ece Tezol, g\u00f6rkemli bir t\u00f6renle hayatlar\u0131n\u0131 birle\u015ftirdi. \u00c7iftin <a href=\"https:\/\/akdenizhaber.com.tr\/index.php\/2024\/07\/04\/manavgatta-gorkemli-dugun\/\" class=\"read-more-link\">[more&#8230;]<\/a><\/p>\n","protected":false},"author":2,"featured_media":24923,"comment_status":"open","ping_status":"open","sticky":false,"template":"","format":"standard","meta":{"footnotes":""},"categories":[2],"tags":[],"class_list":["post-24922","post","type-post","status-publish","format-standard","has-post-thumbnail","hentry","category-gundem"],"_links":{"self":[{"href":"https:\/\/akdenizhaber.com.tr\/index.php\/wp-json\/wp\/v2\/posts\/24922","targetHints":{"allow":["GET"]}}],"collection":[{"href":"https:\/\/akdenizhaber.com.tr\/index.php\/wp-json\/wp\/v2\/posts"}],"about":[{"href":"https:\/\/akdenizhaber.com.tr\/index.php\/wp-json\/wp\/v2\/types\/post"}],"author":[{"embeddable":true,"href":"https:\/\/akdenizhaber.com.tr\/index.php\/wp-json\/wp\/v2\/users\/2"}],"replies":[{"embeddable":true,"href":"https:\/\/akdenizhaber.com.tr\/index.php\/wp-json\/wp\/v2\/comments?post=24922"}],"version-history":[{"count":1,"href":"https:\/\/akdenizhaber.com.tr\/index.php\/wp-json\/wp\/v2\/posts\/24922\/revisions"}],"predecessor-version":[{"id":24924,"href":"https:\/\/akdenizhaber.com.tr\/index.php\/wp-json\/wp\/v2\/posts\/24922\/revisions\/24924"}],"wp:featuredmedia":[{"embeddable":true,"href":"https:\/\/akdenizhaber.com.tr\/index.php\/wp-json\/wp\/v2\/media\/24923"}],"wp:attachment":[{"href":"https:\/\/akdenizhaber.com.tr\/index.php\/wp-json\/wp\/v2\/media?parent=24922"}],"wp:term":[{"taxonomy":"category","embeddable":true,"href":"https:\/\/akdenizhaber.com.tr\/index.php\/wp-json\/wp\/v2\/categories?post=24922"},{"taxonomy":"post_tag","embeddable":true,"href":"https:\/\/akdenizhaber.com.tr\/index.php\/wp-json\/wp\/v2\/tags?post=24922"}],"curies":[{"name":"wp","href":"https:\/\/api.w.org\/{rel}","templated":true}]}}