{"id":24867,"date":"2024-07-01T16:24:43","date_gmt":"2024-07-01T13:24:43","guid":{"rendered":"https:\/\/akdenizhaber.com.tr\/?p=24867"},"modified":"2024-07-01T16:24:44","modified_gmt":"2024-07-01T13:24:44","slug":"evet-hayir","status":"publish","type":"post","link":"https:\/\/akdenizhaber.com.tr\/index.php\/2024\/07\/01\/evet-hayir\/","title":{"rendered":"EVET HAYIR"},"content":{"rendered":"\n<p>Evet demek ne g\u00fczel sevgiyi anlatmaya. Hay\u0131r demek e\u015f de\u011fer g\u00fcce duygu katmaya. Evetle ba\u015flar bazen k\u0131\u015f f\u0131rt\u0131na r\u00fczg\u00e2rlar. Sabret eri\u015f de kavu\u015f umut ile arzuya.<\/p>\n\n\n\n<p>Her \u015feye evet deme, hay\u0131rdan \u00e7ekinsen de. Ne g\u00fcl dikensiz olur ne de ba\u011flar g\u00fcbresiz. Mutlulukta hay\u0131r var sevgiye hay\u0131rla ba\u015fla. Her ne dersen iyi bil, kendin sev derya deniz.<\/p>\n\n\n\n<p>Neler dediler diye yerden yere \u00e7\u0131rp\u0131nma. Akl\u0131n hislerde dursun g\u00f6n\u00fcl sevgi duygunla. Evet bir de hay\u0131r\u0131 ucuz s\u0131\u011fda kullanma. Hayat\u0131n her yan\u0131nda evet hay\u0131r unutma.<\/p>\n\n\n\n<p>\u00c7ok evetle her zaman \u00e7ok sevilirsin sanma. G\u00fcven sevgi da\u011f\u0131na; evet, hay\u0131r unutma. Hay\u0131rla an cenneti evetle sar kendini. Sak\u0131n kendini kordan, korkma an\u0131l hay\u0131rla.<\/p>\n\n\n\n<p>Nur ol ay g\u00fcne\u015f evet sevgiyedir bu davet. Neylerse g\u00f6n\u00fcl eyler hay\u0131rs\u0131z evet neyler. Erit vekil hay\u0131r dur hay\u0131r var Neptun Halil. Y\u0131ld\u0131r\u0131m han\u00e7er de\u011fil hay\u0131r an, hay\u0131r \u00e7a\u011f\u0131r.<\/p>\n\n\n\n<p>NeHaS Yazar Halil Y\u0131ld\u0131r\u0131m<\/p>\n\n\n\n<p>\u015eok \u015fa\u015fk\u0131nl\u0131klar\u0131yla dolu \u00f6mr\u00fcmde ne geldiyse ba\u015f\u0131ma \u201chay\u0131r\u201d diyemememden geldi.<br>Bu neden evlat sand\u0131klar\u0131ma g\u00fcven hezeyan\u0131 besle kargay\u0131 oysun g\u00f6z\u00fcn\u00fc zindan\u0131yd\u0131.<br>H\u0131\u00e7k\u0131ran ruhun, k\u0131r\u0131k kalbin, y\u0131k\u0131k g\u00f6n\u00fcl duygular\u0131n\u0131n g\u00f6zya\u015flar\u0131nda yazd\u0131m.<br>Do\u011fal insan de\u011ferlerinde hisseden faydalan\u0131r diye d\u00fc\u015fledim.<\/p>\n","protected":false},"excerpt":{"rendered":"<p>Evet demek ne g\u00fczel sevgiyi anlatmaya. Hay\u0131r demek e\u015f de\u011fer g\u00fcce duygu katmaya. Evetle ba\u015flar bazen k\u0131\u015f f\u0131rt\u0131na r\u00fczg\u00e2rlar. Sabret eri\u015f de kavu\u015f umut ile <a href=\"https:\/\/akdenizhaber.com.tr\/index.php\/2024\/07\/01\/evet-hayir\/\" class=\"read-more-link\">[more&#8230;]<\/a><\/p>\n","protected":false},"author":2,"featured_media":24570,"comment_status":"open","ping_status":"open","sticky":false,"template":"","format":"standard","meta":{"footnotes":""},"categories":[2],"tags":[],"class_list":["post-24867","post","type-post","status-publish","format-standard","has-post-thumbnail","hentry","category-gundem"],"_links":{"self":[{"href":"https:\/\/akdenizhaber.com.tr\/index.php\/wp-json\/wp\/v2\/posts\/24867","targetHints":{"allow":["GET"]}}],"collection":[{"href":"https:\/\/akdenizhaber.com.tr\/index.php\/wp-json\/wp\/v2\/posts"}],"about":[{"href":"https:\/\/akdenizhaber.com.tr\/index.php\/wp-json\/wp\/v2\/types\/post"}],"author":[{"embeddable":true,"href":"https:\/\/akdenizhaber.com.tr\/index.php\/wp-json\/wp\/v2\/users\/2"}],"replies":[{"embeddable":true,"href":"https:\/\/akdenizhaber.com.tr\/index.php\/wp-json\/wp\/v2\/comments?post=24867"}],"version-history":[{"count":1,"href":"https:\/\/akdenizhaber.com.tr\/index.php\/wp-json\/wp\/v2\/posts\/24867\/revisions"}],"predecessor-version":[{"id":24868,"href":"https:\/\/akdenizhaber.com.tr\/index.php\/wp-json\/wp\/v2\/posts\/24867\/revisions\/24868"}],"wp:featuredmedia":[{"embeddable":true,"href":"https:\/\/akdenizhaber.com.tr\/index.php\/wp-json\/wp\/v2\/media\/24570"}],"wp:attachment":[{"href":"https:\/\/akdenizhaber.com.tr\/index.php\/wp-json\/wp\/v2\/media?parent=24867"}],"wp:term":[{"taxonomy":"category","embeddable":true,"href":"https:\/\/akdenizhaber.com.tr\/index.php\/wp-json\/wp\/v2\/categories?post=24867"},{"taxonomy":"post_tag","embeddable":true,"href":"https:\/\/akdenizhaber.com.tr\/index.php\/wp-json\/wp\/v2\/tags?post=24867"}],"curies":[{"name":"wp","href":"https:\/\/api.w.org\/{rel}","templated":true}]}}