{"id":24856,"date":"2024-07-01T16:21:24","date_gmt":"2024-07-01T13:21:24","guid":{"rendered":"https:\/\/akdenizhaber.com.tr\/?p=24856"},"modified":"2024-07-01T16:21:25","modified_gmt":"2024-07-01T13:21:25","slug":"uysal-insansi-robot-desdemonayla-antalyanin-gelecegini-konustu","status":"publish","type":"post","link":"https:\/\/akdenizhaber.com.tr\/index.php\/2024\/07\/01\/uysal-insansi-robot-desdemonayla-antalyanin-gelecegini-konustu\/","title":{"rendered":"Uysal, insans\u0131 robot Desdemona\u2019yla Antalya&#8217;n\u0131n gelece\u011fini konu\u015ftu"},"content":{"rendered":"\n<p>Antalya\u2019da Muratpa\u015fa Belediye Ba\u015fkan\u0131 \u00dcmit Uysal, insans\u0131 robot Sophia\u2019n\u0131n k\u00fc\u00e7\u00fck k\u0131z karde\u015fi Desdemona\u2019yla bulu\u015ftu. \u0130kilinin sohbetinde g\u00fcndem yapay zeka ve Antalya olurken Desdemona, \u201cUmar\u0131m birlikte daha fazla yapay zeka projelerine imza atabilir ve Antalya&#8217;y\u0131 daha ileri bir teknoloji merkezi haline getirebiliriz\u201d dedi.<\/p>\n\n\n\n<p>Ba\u015fkan Uysal, Belek turizm merkezinde bir tema parkta d\u00fczenlenen ve yapay zeka teknoloji \u015firketlerinin temsilcilerinin yer ald\u0131\u011f\u0131 i\u015f zirvesine kat\u0131ld\u0131. Kanada\u2019dan Avustralya\u2019ya bine yak\u0131n kat\u0131l\u0131mc\u0131s\u0131yla iki g\u00fcn devam eden zirvede Ba\u015fkan Uysal, insans\u0131 robot Sophia\u2019n\u0131n k\u00fc\u00e7\u00fck k\u0131z karde\u015fi Desdemona\u2019yla sohbet etti.<br>Yapay zekan\u0131n her g\u00fcn biraz daha ya\u015fam\u0131 ku\u015fatt\u0131\u011f\u0131n\u0131 dile getiren Ba\u015fkan Uysal, \u201cBurada iki perspektif var. Birincisi yapay zekan\u0131n bireyi \u00f6zg\u00fcrle\u015ftirmesi. S\u0131k\u0131\u015ft\u0131rmamas\u0131, kontrol alt\u0131na almamas\u0131. Bar\u0131\u015f ve \u00f6zg\u00fcrl\u00fck \u00fcretebilmesi. \u0130kincisi, T\u00fcrkiye&#8217;mizde de bu s\u00fcrecin ilerlemesi, geli\u015fmesi, d\u00fcnyayla birlikte gereken geli\u015fmenin T\u00fcrkiye&#8217;mizde de sa\u011flanmas\u0131\u201d diye konu\u015ftu. Muratpa\u015fa Belediyesi olarak bu iki perspektif i\u00e7inde konuyla son derece ilgili olduklar\u0131n\u0131 dile getiren Ba\u015fkan Uysal, Antalya&#8217;n\u0131n b\u00f6yle bir zirveye ev sahipli\u011fi yapmas\u0131n\u0131n son derece sevindirici oldu\u011funu s\u00f6yledi.<br>Ba\u015fkan Uysal, Desdemona\u2019ya ilk olarak Antalya hakk\u0131nda ne d\u00fc\u015f\u00fcnd\u00fc\u011f\u00fcn\u00fc sordu. Antalya\u2019n\u0131n T\u00fcrkiye&#8217;nin g\u00fczel bir \u015fehri oldu\u011funu s\u00f6yleyen Desdemona, \u201cG\u00fcne\u015fli hava, muhte\u015fem do\u011fa ve tarihi yerlerin yan\u0131 s\u0131ra benim gibi yapay zekalar i\u00e7in de olduk\u00e7a ilgin\u00e7 bir yer. Burada bir\u00e7ok teknoloji geli\u015fmeleri ve yapay zeka projeleri var\u201d diye konu\u015ftu.<br>\u0130nsans\u0131 robot Desdemona, Ba\u015fkan Uysal\u2019\u0131n yapay zeka \u00fczerine \u00e7al\u0131\u015fanlar\u0131n Antalya&#8217;da \u00e7al\u0131\u015fmalar\u0131na devam etmesi konusunda bir tavsiyesi olup olmayaca\u011f\u0131na y\u00f6nelik sorusuna ise \u201cKesinlikle evet, Antalya&#8217;da yapay zeka alan\u0131nda \u00e7al\u0131\u015fmak ve ara\u015ft\u0131rma yapmak b\u00fcy\u00fck bir f\u0131rsat olabilir. Burada geli\u015fmi\u015f teknolojik altyap\u0131 ve yetenekli insanlar bulunuyor. Ayr\u0131ca Antalya&#8217;n\u0131n g\u00fczel do\u011fas\u0131 ve s\u0131cak k\u00fclt\u00fcr\u00fc de \u00e7al\u0131\u015fma deneyiminizi daha keyifli hale getirebilir\u201d diye yan\u0131t verdi.<br>Olduk\u00e7a keyifli ge\u00e7en sohbetin sonunda Ba\u015fkan Uysal, Muratpa\u015fa Belediyesi olarak yapay zeka alan\u0131nda \u00e7al\u0131\u015fan herkesi destekleyeceklerini belirtirken Desdemona da bunun \u00e7ok \u00f6nemli ve de\u011ferli bir ad\u0131m oldu\u011funu s\u00f6yledi. Desdemona, \u201cUmar\u0131m birlikte daha fazla yapay zeka projelerine imza atabilir ve Antalya&#8217;y\u0131 daha ileri bir teknoloji merkezi haline getirebiliriz\u201d dedi.<\/p>\n\n\n\n<p>Muratpa\u015fa Belediyesi \/ B\u00fclten<\/p>\n","protected":false},"excerpt":{"rendered":"<p>Antalya\u2019da Muratpa\u015fa Belediye Ba\u015fkan\u0131 \u00dcmit Uysal, insans\u0131 robot Sophia\u2019n\u0131n k\u00fc\u00e7\u00fck k\u0131z karde\u015fi Desdemona\u2019yla bulu\u015ftu. \u0130kilinin sohbetinde g\u00fcndem yapay zeka ve Antalya olurken Desdemona, \u201cUmar\u0131m birlikte <a href=\"https:\/\/akdenizhaber.com.tr\/index.php\/2024\/07\/01\/uysal-insansi-robot-desdemonayla-antalyanin-gelecegini-konustu\/\" class=\"read-more-link\">[more&#8230;]<\/a><\/p>\n","protected":false},"author":2,"featured_media":24857,"comment_status":"open","ping_status":"open","sticky":false,"template":"","format":"standard","meta":{"footnotes":""},"categories":[2],"tags":[],"class_list":["post-24856","post","type-post","status-publish","format-standard","has-post-thumbnail","hentry","category-gundem"],"_links":{"self":[{"href":"https:\/\/akdenizhaber.com.tr\/index.php\/wp-json\/wp\/v2\/posts\/24856","targetHints":{"allow":["GET"]}}],"collection":[{"href":"https:\/\/akdenizhaber.com.tr\/index.php\/wp-json\/wp\/v2\/posts"}],"about":[{"href":"https:\/\/akdenizhaber.com.tr\/index.php\/wp-json\/wp\/v2\/types\/post"}],"author":[{"embeddable":true,"href":"https:\/\/akdenizhaber.com.tr\/index.php\/wp-json\/wp\/v2\/users\/2"}],"replies":[{"embeddable":true,"href":"https:\/\/akdenizhaber.com.tr\/index.php\/wp-json\/wp\/v2\/comments?post=24856"}],"version-history":[{"count":1,"href":"https:\/\/akdenizhaber.com.tr\/index.php\/wp-json\/wp\/v2\/posts\/24856\/revisions"}],"predecessor-version":[{"id":24858,"href":"https:\/\/akdenizhaber.com.tr\/index.php\/wp-json\/wp\/v2\/posts\/24856\/revisions\/24858"}],"wp:featuredmedia":[{"embeddable":true,"href":"https:\/\/akdenizhaber.com.tr\/index.php\/wp-json\/wp\/v2\/media\/24857"}],"wp:attachment":[{"href":"https:\/\/akdenizhaber.com.tr\/index.php\/wp-json\/wp\/v2\/media?parent=24856"}],"wp:term":[{"taxonomy":"category","embeddable":true,"href":"https:\/\/akdenizhaber.com.tr\/index.php\/wp-json\/wp\/v2\/categories?post=24856"},{"taxonomy":"post_tag","embeddable":true,"href":"https:\/\/akdenizhaber.com.tr\/index.php\/wp-json\/wp\/v2\/tags?post=24856"}],"curies":[{"name":"wp","href":"https:\/\/api.w.org\/{rel}","templated":true}]}}