{"id":24853,"date":"2024-07-01T16:20:43","date_gmt":"2024-07-01T13:20:43","guid":{"rendered":"https:\/\/akdenizhaber.com.tr\/?p=24853"},"modified":"2024-07-01T16:20:44","modified_gmt":"2024-07-01T13:20:44","slug":"116-dis-hekimi-yemin-ederek-mezun-oldu","status":"publish","type":"post","link":"https:\/\/akdenizhaber.com.tr\/index.php\/2024\/07\/01\/116-dis-hekimi-yemin-ederek-mezun-oldu\/","title":{"rendered":"116 di\u015f hekimi yemin ederek mezun oldu"},"content":{"rendered":"\n<p>Akdeniz \u00dcniversitesi Di\u015f Hekimli\u011fi Fak\u00fcltesi\u2019nden mezun olan 116 \u00f6\u011frenciler yemin ederek mesle\u011fe ad\u0131m att\u0131.<\/p>\n\n\n\n<p>Akdeniz \u00dcniversitesi Di\u015f Hekimli\u011fi Fak\u00fcltesi 2023-2024 Yemin T\u00f6reni ger\u00e7ekle\u015ftirildi. Mezun olan 116 di\u015f hekimi yemin ederek mesleklerine ilk ad\u0131m\u0131 att\u0131. Atat\u00fcrk Konferans Salonu\u2019nda ger\u00e7ekle\u015ftirilen t\u00f6rene Akdeniz \u00dcniversitesi Rekt\u00f6r Yard\u0131mc\u0131s\u0131 Prof. Dr. Ay\u015fe G\u00fclbin Ar\u0131c\u0131, Di\u015f Hekimli\u011fi Dekan\u0131 Prof. Dr. Alper Ku\u015ftarc\u0131, Dekan Yard\u0131mc\u0131lar\u0131 Prof. Dr. \u00d6mer K\u0131rmal\u0131, Do\u00e7. Dr. Nezahat Arzu Kayar, akademisyenler, \u00f6\u011frenciler ve aileleri kat\u0131ld\u0131.<\/p>\n\n\n\n<p>Akdeniz \u00dcniversitesi Di\u015f Hekimli\u011fi Fak\u00fcltesi Dekan\u0131 Prof. Dr. Alper Ku\u015ftarc\u0131, fak\u00fcltenin 8\u2019nci d\u00f6nem mezunlar\u0131n\u0131 u\u011furlaman\u0131n gururunu ya\u015fad\u0131klar\u0131n\u0131 ifade ederek \u201cSekizinci d\u00f6nem mezunlar\u0131m\u0131z\u0131 u\u011furluyoruz. Bizim i\u00e7in \u00e7ok b\u00fcy\u00fck bir mutluluk. Bizler de sizler gibi heyecan duyuyoruz. Akdeniz \u00dcniversitesi gibi g\u00fczide bir \u00fcniversitenin \u00f6nemli bir fak\u00fcltesinden evlatlar\u0131m\u0131z, meslekta\u015flar\u0131m\u0131z mezun olacaklar. 2012 y\u0131l\u0131nda e\u011fitim \u00f6\u011fretim hayat\u0131na ve klinik hizmete ba\u015flayan fak\u00fcltemiz, bu s\u00fcre i\u00e7erisinde ge\u00e7en s\u00fcrede ger\u00e7ekten \u00e7ok b\u00fcy\u00fck mesafeler kat etti ve \u015fu anda \u00fclkemizin say\u0131l\u0131 fak\u00fcltelerinden biri haline geldi. Hem e\u011fitim \u00f6\u011fretim hem ara\u015ft\u0131rma geli\u015ftirme hem de klinik hizmetler a\u00e7\u0131s\u0131ndan ger\u00e7ekten \u00e7ok \u00f6nemli bir yerdeyiz. \u00d6nemli bir fak\u00fclteyiz.\u201d dedi.<\/p>\n\n\n\n<p><strong>AKRED\u0130TASYON ALMI\u015e BE\u015e FAK\u00dcLTEDEN B\u0130R\u0130S\u0130Y\u0130Z<\/strong><\/p>\n\n\n\n<p>Dekan Ku\u015ftarc\u0131, \u201cBu y\u0131l Y\u00d6K taraf\u0131ndan e\u011fitim \u00f6\u011fretim s\u00fcrecimizde tasdik edildi ve biz akredite bir fak\u00fclteyiz art\u0131k. 6 y\u0131ll\u0131k tam akreditasyonumuzu da bu s\u00fcre\u00e7te alm\u0131\u015f olduk. Yakla\u015f\u0131k 105 tane di\u015f hekimli\u011fi fak\u00fcltesi var. Toplamda \u00f6zel ve devlet olarak biz yedinci s\u0131rada toplamda devlet \u00fcniversitesi olarak da be\u015finci s\u0131rada bu akreditasyonu alm\u0131\u015f bir fak\u00fclteyiz. Tabii ki bu ba\u015far\u0131n\u0131n arkas\u0131nda \u00e7ok gen\u00e7 ve g\u00fc\u00e7l\u00fc bir \u00f6\u011fretim \u00fcyesi kadromuz var. \u00d6\u011fretim eleman\u0131 kadromuz var. Ben huzurlar\u0131n\u0131zda her daim \u00f6\u011frencilerimizle birebir ilgilenen \u00e7ok yo\u011fun e\u011fitim \u00f6\u011fretim ara\u015ft\u0131rma geli\u015ftirme ve klinik hizmetleriyle birlikte bu hizmeti veren hocalar\u0131m\u0131za huzurlar\u0131n\u0131zda \u00e7ok \u00e7ok te\u015fekk\u00fcr etmek istiyorum.\u201d \u015feklinde konu\u015ftu.<\/p>\n\n\n\n<p><strong>FAK\u00dcLTES\u0130 VE \u00dcN\u0130VERS\u0130TES\u0130 AKRED\u0130TE MEZUNLARSINIZ<\/strong><\/p>\n\n\n\n<p>Dekan Ku\u015ftarc\u0131, \u201c\u015eu andaki mezun grubumuz T\u00fcrkiye\u2019de asl\u0131nda bir ilk. Onlarda bunu ilk defa duyuyorlar. Akdeniz \u00dcniversitemiz Y\u00d6K taraf\u0131ndan akredite bir \u00fcniversite tam akredite olmaktan bahsediyorum. Y\u00d6KAK akreditasyonunu alm\u0131\u015f bir \u00fcniversite, mezunlar\u0131m\u0131z hem \u00fcniversitesi tam akredite Y\u00d6K taraf\u0131ndan hem de fak\u00fcltesi Y\u00d6K taraf\u0131ndan tam akredite bir kurumdan mezun olan ilk Di\u015f Hekimi mezun grubudur.\u201d dedi.<\/p>\n\n\n\n<p><strong>S\u0130ZLER\u0130N DESTEKLER\u0130YLE \u015e\u0130MD\u0130 EVLATLARINIZ B\u0130RER HEK\u0130M OLDULAR<\/strong><\/p>\n\n\n\n<p>Ailelere de seslenen Dekan Ku\u015ftarc\u0131, \u201cEn b\u00fcy\u00fck mutluluk sizin tabi ki 5 y\u0131l \u00f6nce lise mezunu olarak bizlere emanet etti\u011finiz evlatlar\u0131n\u0131z, \u00e7ocuklar\u0131n\u0131z \u015fu anda yemin ettikten sonra sizlerle beraber bu kap\u0131dan di\u015f \u00e7ekim olarak \u00e7\u0131kacaklar. \u00c7ok b\u00fcy\u00fck bir mutluluk, \u00e7ok b\u00fcy\u00fck bir gurur. Bu s\u00fcre\u00e7te tabi ki sizlerde vizeleri onlarla beraber girdiniz. Finallere onlarla beraber girdiniz. Siz de bu stresin alt\u0131ndayd\u0131n\u0131z. Ancak sizlerin destekleriyle \u015fimdi evlatlar\u0131n\u0131z birer hekim oldular. Sizleri de ayr\u0131ca tebrik ediyorum.\u201d ifadelerini kulland\u0131.<\/p>\n\n\n\n<p><strong>HER ZAMAN V\u0130CDANINIZLA HAREKET ED\u0130N<\/strong><\/p>\n\n\n\n<p>Dekan Ku\u015ftarc\u0131 \u201cVe sevgili mezunlar\u0131m\u0131z art\u0131k meslekta\u015flar\u0131m diyece\u011fim. 5 y\u0131l ger\u00e7ekten zorlu bir e\u011fitim ald\u0131n\u0131z. G\u00fcld\u00fcn\u00fcz, a\u011flad\u0131n\u0131z, strese girdiniz ancak sonunda art\u0131k mezun oluyorsunuz. Sizden ricam belki bu son bir \u00f6\u011f\u00fct, bir hoca tavsiyesi bir abi tavsiyesi olarak d\u00fc\u015f\u00fcn\u00fcn l\u00fctfen burada \u00f6\u011frendiklerinizi hastalar\u0131n\u0131z\u0131 uygulay\u0131n, her zaman kendinizi geli\u015ftirin. \u00c7\u00fcnk\u00fc hekimlik mesle\u011fi her zaman geli\u015fmeye meyilli bir meslektir. Sak\u0131n burada kalmay\u0131n ve her zaman \u00fczerine koyun. Mezun olduktan sonra kliniklerinizde bizler yan\u0131n\u0131zda olmayaca\u011f\u0131z. Ancak her zaman vicdan\u0131n\u0131zla hareket edin. Bu \u00e7ok \u00f6nemli bunu hi\u00e7bir zaman b\u0131rakmay\u0131n. Buras\u0131 sizin \u00fcniversiteniz, buras\u0131 sizin fak\u00fclteniz, bizlerde sizin hocalar\u0131s\u0131n\u0131z ne zaman ihtiyac\u0131n\u0131z olursa da bizler hep sizlerin yan\u0131n\u0131zda olaca\u011f\u0131z. Size b\u00fct\u00fcn hayat\u0131n\u0131z boyunca sa\u011fl\u0131k, mutluluk, huzur, ba\u015far\u0131 ve bol kazan\u00e7lar diliyorum. Yolunuz a\u00e7\u0131k olsun, tebrik ediyorum.\u201d \u015feklinde konu\u015ftu.<\/p>\n\n\n\n<p>Konu\u015fman\u0131n ard\u0131ndan mezun olan \u00f6\u011frencilere belgeleri takdim edildi. T\u00f6ren di\u015f hekimlerinin yemin etmesi ve kep atmas\u0131yla son buldu.<\/p>\n\n\n\n<p>Akdeniz \u00dcniversitesi Rekt\u00f6rl\u00fc\u011f\u00fc \/ B\u00fclten<\/p>\n","protected":false},"excerpt":{"rendered":"<p>Akdeniz \u00dcniversitesi Di\u015f Hekimli\u011fi Fak\u00fcltesi\u2019nden mezun olan 116 \u00f6\u011frenciler yemin ederek mesle\u011fe ad\u0131m att\u0131. Akdeniz \u00dcniversitesi Di\u015f Hekimli\u011fi Fak\u00fcltesi 2023-2024 Yemin T\u00f6reni ger\u00e7ekle\u015ftirildi. Mezun olan <a href=\"https:\/\/akdenizhaber.com.tr\/index.php\/2024\/07\/01\/116-dis-hekimi-yemin-ederek-mezun-oldu\/\" class=\"read-more-link\">[more&#8230;]<\/a><\/p>\n","protected":false},"author":2,"featured_media":24854,"comment_status":"open","ping_status":"open","sticky":false,"template":"","format":"standard","meta":{"footnotes":""},"categories":[2],"tags":[],"class_list":["post-24853","post","type-post","status-publish","format-standard","has-post-thumbnail","hentry","category-gundem"],"_links":{"self":[{"href":"https:\/\/akdenizhaber.com.tr\/index.php\/wp-json\/wp\/v2\/posts\/24853","targetHints":{"allow":["GET"]}}],"collection":[{"href":"https:\/\/akdenizhaber.com.tr\/index.php\/wp-json\/wp\/v2\/posts"}],"about":[{"href":"https:\/\/akdenizhaber.com.tr\/index.php\/wp-json\/wp\/v2\/types\/post"}],"author":[{"embeddable":true,"href":"https:\/\/akdenizhaber.com.tr\/index.php\/wp-json\/wp\/v2\/users\/2"}],"replies":[{"embeddable":true,"href":"https:\/\/akdenizhaber.com.tr\/index.php\/wp-json\/wp\/v2\/comments?post=24853"}],"version-history":[{"count":1,"href":"https:\/\/akdenizhaber.com.tr\/index.php\/wp-json\/wp\/v2\/posts\/24853\/revisions"}],"predecessor-version":[{"id":24855,"href":"https:\/\/akdenizhaber.com.tr\/index.php\/wp-json\/wp\/v2\/posts\/24853\/revisions\/24855"}],"wp:featuredmedia":[{"embeddable":true,"href":"https:\/\/akdenizhaber.com.tr\/index.php\/wp-json\/wp\/v2\/media\/24854"}],"wp:attachment":[{"href":"https:\/\/akdenizhaber.com.tr\/index.php\/wp-json\/wp\/v2\/media?parent=24853"}],"wp:term":[{"taxonomy":"category","embeddable":true,"href":"https:\/\/akdenizhaber.com.tr\/index.php\/wp-json\/wp\/v2\/categories?post=24853"},{"taxonomy":"post_tag","embeddable":true,"href":"https:\/\/akdenizhaber.com.tr\/index.php\/wp-json\/wp\/v2\/tags?post=24853"}],"curies":[{"name":"wp","href":"https:\/\/api.w.org\/{rel}","templated":true}]}}