{"id":24825,"date":"2024-06-27T13:59:42","date_gmt":"2024-06-27T10:59:42","guid":{"rendered":"https:\/\/akdenizhaber.com.tr\/?p=24825"},"modified":"2024-06-27T13:59:42","modified_gmt":"2024-06-27T10:59:42","slug":"199-hemsire-mezun-oldu","status":"publish","type":"post","link":"https:\/\/akdenizhaber.com.tr\/index.php\/2024\/06\/27\/199-hemsire-mezun-oldu\/","title":{"rendered":"199 hem\u015fire mezun oldu"},"content":{"rendered":"\n<p>Akdeniz \u00dcniversitesi Hem\u015firelik Fak\u00fcltesi 2023-2024 E\u011fitim-\u00d6\u011fretim Y\u0131l\u0131 Mezunlar\u0131n\u0131n Yemin T\u00f6reni ger\u00e7ekle\u015ftirildi.<\/p>\n\n\n\n<p>Akdeniz \u00dcniversitesi Hem\u015firelik Fak\u00fcltesi 2023-2024 E\u011fitim-\u00d6\u011fretim Y\u0131l\u0131 Mezunlar\u0131n\u0131n Yemin T\u00f6reni, Atat\u00fcrk Konferans Salonu\u2019nda ger\u00e7ekle\u015ftirildi. T\u00f6rene Akdeniz \u00dcniversitesi Rekt\u00f6r Yard\u0131mc\u0131s\u0131 Prof. Dr. Ay\u015fe G\u00fclbin Ar\u0131c\u0131, Antalya \u0130l Sa\u011fl\u0131k M\u00fcd\u00fcr\u00fc Uzm. Dr. Evren Ekingen, Hem\u015firelik Fak\u00fcltesi Dekan\u0131 Prof. Dr. Zeynep \u00d6zer, Dekan Yard\u0131mc\u0131lar\u0131 Do\u00e7. Dr. \u0130lkay Boz, Do\u00e7. Dr. Kerime Bademli, T\u00fcrk Hem\u015fireler Derne\u011fi Antalya \u015eubesi Genel Sekreteri B\u00fc\u015fra Nur Temur, akademisyenler, mezun olan hem\u015fireler ve aileleri kat\u0131ld\u0131.<\/p>\n\n\n\n<p>199 \u00d6\u011eRENC\u0130M\u0130Z BUG\u00dcN HEM\u015e\u0130REL\u0130K MESLE\u011e\u0130NE ADIM ATIYOR<\/p>\n\n\n\n<p>Mezun \u00f6\u011frencilerin ailelerine te\u015fekk\u00fcr ederek s\u00f6zlerine ba\u015flayan Rekt\u00f6r Yard\u0131mc\u0131s\u0131 Prof. Dr. Ay\u015fe G\u00fclbin Ar\u0131c\u0131, \u201cHem\u015firelik Fak\u00fcltemizin sekizinci d\u00f6nem mezunlar\u0131, bug\u00fcn mesle\u011fe ad\u0131m at\u0131yorlar. Yemin t\u00f6renimizde bu gururunu ta\u015f\u0131yoruz. Birazdan hepsi bu mesle\u011fin mensuplar\u0131 olarak ileriki g\u00fcnlerde g\u00f6rev yerlerine gitmek \u00fczere haz\u0131r olacaklar. 199 \u00f6\u011frencimiz bug\u00fcn hem\u015firelik mesle\u011fine ad\u0131m at\u0131yor.\u201d dedi.<\/p>\n\n\n\n<p>Ar\u0131c\u0131, \u201cBiz de hem y\u00f6netim olarak hem de bu d\u00f6nemde okuyan t\u00fcm \u00f6\u011frenciler ve \u00e7al\u0131\u015fan emek veren t\u00fcm akademik, idari personel olarak \u00e7ok de\u011fi\u015fik \u015feylerle kar\u015f\u0131la\u015ft\u0131k. Hepimizin bildi\u011fi gibi bizler bu s\u00fcre\u00e7te bir pandemi ge\u00e7irdik. Siz pandemi d\u00f6neminin \u00f6\u011frencilerisiniz. Ard\u0131ndan bir deprem asr\u0131n felaketi, deprem felaketi ya\u015fad\u0131k. Bu d\u00f6nemde e\u011fitim s\u00fcrecimiz ger\u00e7ekten \u00e7ok yak\u0131n bildi\u011fim i\u00e7in ve de kendim de hekim oldu\u011fum i\u00e7in o kadar \u00f6zveriyle ger\u00e7ekle\u015ftirdiniz ki hem sizden hem hocalar\u0131n\u0131z defalarca kere nas\u0131l stajlara uygulamalara \u00e7\u0131kar\u0131z diye sizlerin nas\u0131l mesle\u011finize daha iyi yeti\u015ftiririz diye \u00e7ok u\u011fra\u015ft\u0131. Ger\u00e7ekten, \u00e7\u00fcnk\u00fc bizim elimizi kolumuzu ba\u011flayan \u015feyler mevcuttu. Sizlerin hastaneye \u00e7\u0131k\u0131p staj yapamamas\u0131na kadar dayanan kararlarla mecburi kararlarla ba\u015f ba\u015fa kalm\u0131\u015ft\u0131k. Burada bir s\u00fcr\u00fc inisiyatif kullan\u0131ld\u0131\u011f\u0131 ve hepimiz hakk\u0131yla t\u00fcm stajlar\u0131n\u0131z\u0131 elinizden geldi\u011fince yapt\u0131n\u0131z ve son derece ba\u015far\u0131yla bitirdiniz. Bug\u00fcn burada bizlerin kar\u015f\u0131s\u0131ndas\u0131n\u0131z. Tebrik ediyorum, hepinizi \u00e7ok u\u011fra\u015f verdiniz. Bir s\u00fcr\u00fc yeniliklere online e\u011fitime, online s\u0131nava, hibrit e\u011fitime her \u015feye maruz kald\u0131n\u0131z ama ba\u015fard\u0131n\u0131z, tebrik ediyorum.\u201d \u015feklinde konu\u015ftu.<\/p>\n\n\n\n<p>SA\u011eLIK H\u0130ZMETLER\u0130 \u0130NSANA DOKUNAN B\u0130R ALANDIR<\/p>\n\n\n\n<p>Antalya \u0130l Sa\u011fl\u0131k M\u00fcd\u00fcr\u00fc Uzm. Dr. Evren Ekingen, \u201cSa\u011fl\u0131k hizmetleri insana dokunan, hayat kurtaran ve topluma umut veren bir aland\u0131r. Hem\u015firelik mesle\u011fi ise bu hizmetlerin en vazge\u00e7ilmez unsurlar\u0131ndan biridir. Sa\u011fl\u0131k sekt\u00f6r\u00fcnde g\u00f6rev yapan herkes gibi sizler de mesle\u011fimizin getirdi\u011fi sorumluluklar\u0131n bilincinde olarak etik de\u011ferler \u00e7er\u00e7evesinde bireysel bilgiye dayanan ve insana sayg\u0131n bir \u015fekilde hizmet edeceksiniz. Akdeniz \u00dcniversitesi Hem\u015firelik Fak\u00fcltesi\u2019nin de\u011ferli \u00f6\u011fretim \u00fcyelerine, \u00f6\u011frencilerimizi yeti\u015ftiren t\u00fcm hocalar\u0131m\u0131za bu kutsal mesle\u011fe yeni neferler kazand\u0131rd\u0131klar\u0131 i\u00e7in te\u015fekk\u00fcr ediyorum. Sevgili mezunlar\u0131m\u0131za gelece\u011finizin ayd\u0131nl\u0131k yolunuzun a\u00e7\u0131k olmas\u0131n\u0131 diliyorum.\u201d \u015feklinde konu\u015ftu.<\/p>\n\n\n\n<p>PEK \u00c7OK E\u011e\u0130T\u0130M Y\u00d6NTEM\u0130NE MARUZ KALDINIZ<\/p>\n\n\n\n<p>Hem\u015firelik Fak\u00fcltesi\u2019nin sekizinci d\u00f6neminde 199 mezun verdi\u011fini s\u00f6yleyen Dekan Prof. Dr. Zeynep \u00d6zer, \u201cD\u00f6rt y\u0131ll\u0131k e\u011fitim s\u00fcrecinizde sizler birbirinden farkl\u0131 pek \u00e7ok e\u011fitim y\u00f6ntemine maruz kald\u0131n\u0131z. Y\u00fcz y\u00fcze e\u011fitim, online e\u011fitim, online s\u0131nav gibi pek \u00e7ok s\u00fcreci ba\u015far\u0131l\u0131 bir \u015fekilde tamamlayarak bug\u00fcn T\u00fcrkiye\u2019nin en \u00f6nemli \u00fcniversitelerinden biri olan Akdeniz \u00dcniversitesi\u2019nden \u00fcniversitemizin \u00f6nemli fak\u00fcltelerinden olan Hem\u015firelik Fak\u00fcltesi\u2019nden mezun olman\u0131n hakl\u0131 gururunu ya\u015fad\u0131\u011f\u0131n\u0131z\u0131 d\u00fc\u015f\u00fcn\u00fcyorum.\u201d dedi. Dekan \u00d6zer, \u00f6\u011frencileri mezun olduklar\u0131 i\u00e7in tebrik ederken eme\u011fi ge\u00e7en akademisyenlere te\u015fekk\u00fcr etti.<\/p>\n\n\n\n<p>Konu\u015fmalar\u0131n ard\u0131ndan mezunlara Hem\u015firelik Yeminleri, Dekan Yard\u0131mc\u0131lar\u0131 Do\u00e7. Dr. \u0130lkay Boz, Do\u00e7. Dr. Kerime Bademli taraf\u0131ndan yapt\u0131r\u0131ld\u0131. Yeminlerin ard\u0131ndan belgeler akademisyenler taraf\u0131ndan takdim edildi. Mezunlar keplerini f\u0131rlatarak mezuniyet co\u015fkusu ya\u015fad\u0131.<\/p>\n\n\n\n<p>Akdeniz \u00dcniversitesi Rekt\u00f6rl\u00fc\u011f\u00fc \/ B\u00fclten<\/p>\n","protected":false},"excerpt":{"rendered":"<p>Akdeniz \u00dcniversitesi Hem\u015firelik Fak\u00fcltesi 2023-2024 E\u011fitim-\u00d6\u011fretim Y\u0131l\u0131 Mezunlar\u0131n\u0131n Yemin T\u00f6reni ger\u00e7ekle\u015ftirildi. Akdeniz \u00dcniversitesi Hem\u015firelik Fak\u00fcltesi 2023-2024 E\u011fitim-\u00d6\u011fretim Y\u0131l\u0131 Mezunlar\u0131n\u0131n Yemin T\u00f6reni, Atat\u00fcrk Konferans Salonu\u2019nda ger\u00e7ekle\u015ftirildi. <a href=\"https:\/\/akdenizhaber.com.tr\/index.php\/2024\/06\/27\/199-hemsire-mezun-oldu\/\" class=\"read-more-link\">[more&#8230;]<\/a><\/p>\n","protected":false},"author":2,"featured_media":24826,"comment_status":"open","ping_status":"open","sticky":false,"template":"","format":"standard","meta":{"footnotes":""},"categories":[2],"tags":[],"class_list":["post-24825","post","type-post","status-publish","format-standard","has-post-thumbnail","hentry","category-gundem"],"_links":{"self":[{"href":"https:\/\/akdenizhaber.com.tr\/index.php\/wp-json\/wp\/v2\/posts\/24825","targetHints":{"allow":["GET"]}}],"collection":[{"href":"https:\/\/akdenizhaber.com.tr\/index.php\/wp-json\/wp\/v2\/posts"}],"about":[{"href":"https:\/\/akdenizhaber.com.tr\/index.php\/wp-json\/wp\/v2\/types\/post"}],"author":[{"embeddable":true,"href":"https:\/\/akdenizhaber.com.tr\/index.php\/wp-json\/wp\/v2\/users\/2"}],"replies":[{"embeddable":true,"href":"https:\/\/akdenizhaber.com.tr\/index.php\/wp-json\/wp\/v2\/comments?post=24825"}],"version-history":[{"count":1,"href":"https:\/\/akdenizhaber.com.tr\/index.php\/wp-json\/wp\/v2\/posts\/24825\/revisions"}],"predecessor-version":[{"id":24827,"href":"https:\/\/akdenizhaber.com.tr\/index.php\/wp-json\/wp\/v2\/posts\/24825\/revisions\/24827"}],"wp:featuredmedia":[{"embeddable":true,"href":"https:\/\/akdenizhaber.com.tr\/index.php\/wp-json\/wp\/v2\/media\/24826"}],"wp:attachment":[{"href":"https:\/\/akdenizhaber.com.tr\/index.php\/wp-json\/wp\/v2\/media?parent=24825"}],"wp:term":[{"taxonomy":"category","embeddable":true,"href":"https:\/\/akdenizhaber.com.tr\/index.php\/wp-json\/wp\/v2\/categories?post=24825"},{"taxonomy":"post_tag","embeddable":true,"href":"https:\/\/akdenizhaber.com.tr\/index.php\/wp-json\/wp\/v2\/tags?post=24825"}],"curies":[{"name":"wp","href":"https:\/\/api.w.org\/{rel}","templated":true}]}}