{"id":24822,"date":"2024-06-27T13:59:09","date_gmt":"2024-06-27T10:59:09","guid":{"rendered":"https:\/\/akdenizhaber.com.tr\/?p=24822"},"modified":"2024-06-27T13:59:10","modified_gmt":"2024-06-27T10:59:10","slug":"nefi-karaya-cumhuriyet-100-yil-odulu","status":"publish","type":"post","link":"https:\/\/akdenizhaber.com.tr\/index.php\/2024\/06\/27\/nefi-karaya-cumhuriyet-100-yil-odulu\/","title":{"rendered":"Nefi Kara\u2019ya Cumhuriyet 100. Y\u0131l \u00d6d\u00fcl\u00fc"},"content":{"rendered":"\n<p>11. Uluslararas\u0131 Yeni Tiyatro Dergisi Emek ve Ba\u015far\u0131 \u00d6d\u00fclleri kapsam\u0131nda \u201cCumhuriyet 100. Y\u0131l \u00d6zel \u00d6d\u00fcl\u00fc\u201dne Manavgat Belediyesi Kent Tiyatrosu\u2019nun sahneledi\u011fi \u201cSonsuz Kad\u0131n Sonsuz Cumhuriyet\u201d oyunu ile Manavgat Belediye Ba\u015fkan\u0131 Dr. Niyazi Nefi Kara l\u00e2y\u0131k g\u00f6r\u00fcld\u00fc.<\/p>\n\n\n\n<p>T\u00fcrkiye\u2019nin d\u00f6rt bir yan\u0131ndaki tiyatro hareketlerini akademik olarak izleyen Yeni Tiyatro Dergisi\u2019nin 2023 \u2013 2024 Emek ve Ba\u015far\u0131 \u00d6d\u00fclleri sahiplerini buldu. Manavgat Belediyesi Kent Tiyatrosu\u2019nun (MAKET) sahneledi\u011fi \u201cSonsuz Kad\u0131n Sonsuz Cumhuriyet\u201d oyunu ile Manavgat Belediye Ba\u015fkan\u0131 Dr. Niyazi Nefi Kara \u201cCumhuriyet 100. Y\u0131l \u00d6zel \u00d6d\u00fcl\u00fc\u201dne l\u00e2y\u0131k g\u00f6r\u00fcld\u00fc. Bu \u00f6d\u00fcl, oyunun Cumhuriyet&#8217;in de\u011ferlerini ve kad\u0131n haklar\u0131n\u0131 merkeze alan derin temas\u0131 ve etkileyici performans\u0131 nedeniyle verildi.<\/p>\n\n\n\n<p>MAKET Genel Sanat Y\u00f6netmeni Kortidis\u2019e \u00f6d\u00fcl<\/p>\n\n\n\n<p>Manavgat Belediyesi Kent Tiyatrosu Genel Sanat Y\u00f6netmeni Kosta Kortidis, Y\u00f6netmenlik J\u00fcri \u00d6zel \u00d6d\u00fcl\u00fc&#8217;ne lay\u0131k g\u00f6r\u00fcld\u00fc. Kortidis&#8217;in \u00f6d\u00fcl\u00fc, sanatsal vizyonu, y\u00f6netim becerileri ve sahneleme s\u00fcrecindeki \u00f6zg\u00fcn katk\u0131lar\u0131na y\u00f6nelik bir takdir olarak verildi.<\/p>\n\n\n\n<p>Kosta Kortidis ise \u00f6d\u00fcl\u00fcn\u00fc al\u0131rken, sanat\u0131n evrensel diliyle toplumsal konular\u0131 i\u015flemenin ve izleyiciyle derin ba\u011flar kurman\u0131n \u00f6nemini vurgulad\u0131. \u00d6d\u00fcllerin, tiyatro sanat\u0131na ve k\u00fclt\u00fcrel miras\u0131m\u0131za katk\u0131 sa\u011flamak i\u00e7in bir ilham kayna\u011f\u0131 olmas\u0131n\u0131 diledi.<\/p>\n\n\n\n<p>\u201cManavgat Belediyesi Kent Tiyatrosu i\u00e7in gurur kayna\u011f\u0131\u201d<\/p>\n\n\n\n<p>Manavgat Belediye Ba\u015fkan\u0131 Niyazi Nefi Kara, \u00f6d\u00fcl t\u00f6reninde yapt\u0131\u011f\u0131 a\u00e7\u0131klamada, bu ba\u015far\u0131n\u0131n Manavgat Belediyesi ve Kent Tiyatrosu i\u00e7in b\u00fcy\u00fck bir gurur kayna\u011f\u0131 oldu\u011funu belirtti. Kara, tiyatro sanat\u0131n\u0131n ve k\u00fclt\u00fcr\u00fcn\u00fcn toplumsal de\u011ferlerimizi daha da g\u00fc\u00e7lendirmede \u00f6nemli bir ara\u00e7 oldu\u011funu vurgulayarak, \u00f6d\u00fcllerin Manavgat&#8217;a ve \u00fclke geneline olumlu yans\u0131malar yapmas\u0131n\u0131 umduklar\u0131n\u0131 ifade etti.<\/p>\n\n\n\n<p>Bu \u00f6d\u00fcller, Manavgat Belediyesi Kent Tiyatrosu&#8217;nun yarat\u0131c\u0131 ve toplumsal a\u00e7\u0131dan duyarl\u0131 projeler \u00fcretme \u00e7abalar\u0131n\u0131 ve uluslararas\u0131 alanda tan\u0131n\u0131rl\u0131\u011f\u0131n\u0131 art\u0131rma \u00e7abalar\u0131n\u0131 ta\u00e7land\u0131rm\u0131\u015f oldu.<\/p>\n\n\n\n<p>Gecede \u00f6d\u00fcl alan di\u011fer \u00f6nemli isimler \u015f\u00f6yle:<\/p>\n\n\n\n<p>Resul Emrah \u015eahan \u2013 Sanat Katk\u0131 \u00d6d\u00fcl\u00fc<\/p>\n\n\n\n<p>G\u00f6ksel Kortay \u2013 Onur \u00d6d\u00fcl\u00fc<\/p>\n\n\n\n<p>Rutkay Aziz \u2013 Onur \u00d6d\u00fcl\u00fc<\/p>\n\n\n\n<p>Zuhal Olcay \u2013 En \u0130yi Kad\u0131n Oyuncu<\/p>\n\n\n\n<p>Engin G\u00fcnayd\u0131n \u2013 En \u0130yi Erkek Oyuncu<\/p>\n\n\n\n<p>Elvin-Erdal Be\u015fik\u00e7io\u011flu \u2013 En \u0130yi Y\u00f6netmen (M\u00fczikal)<\/p>\n\n\n\n<p>Uraz Kayg\u0131larl\u0131o\u011flu \u2013 En \u0130yi Erkek Oyuncu ( M\u00fczikal)<\/p>\n\n\n\n<p>Manavgat Belediyesi \/ B\u00fclten<\/p>\n","protected":false},"excerpt":{"rendered":"<p>11. Uluslararas\u0131 Yeni Tiyatro Dergisi Emek ve Ba\u015far\u0131 \u00d6d\u00fclleri kapsam\u0131nda \u201cCumhuriyet 100. Y\u0131l \u00d6zel \u00d6d\u00fcl\u00fc\u201dne Manavgat Belediyesi Kent Tiyatrosu\u2019nun sahneledi\u011fi \u201cSonsuz Kad\u0131n Sonsuz Cumhuriyet\u201d oyunu <a href=\"https:\/\/akdenizhaber.com.tr\/index.php\/2024\/06\/27\/nefi-karaya-cumhuriyet-100-yil-odulu\/\" class=\"read-more-link\">[more&#8230;]<\/a><\/p>\n","protected":false},"author":2,"featured_media":24823,"comment_status":"open","ping_status":"open","sticky":false,"template":"","format":"standard","meta":{"footnotes":""},"categories":[2],"tags":[],"class_list":["post-24822","post","type-post","status-publish","format-standard","has-post-thumbnail","hentry","category-gundem"],"_links":{"self":[{"href":"https:\/\/akdenizhaber.com.tr\/index.php\/wp-json\/wp\/v2\/posts\/24822","targetHints":{"allow":["GET"]}}],"collection":[{"href":"https:\/\/akdenizhaber.com.tr\/index.php\/wp-json\/wp\/v2\/posts"}],"about":[{"href":"https:\/\/akdenizhaber.com.tr\/index.php\/wp-json\/wp\/v2\/types\/post"}],"author":[{"embeddable":true,"href":"https:\/\/akdenizhaber.com.tr\/index.php\/wp-json\/wp\/v2\/users\/2"}],"replies":[{"embeddable":true,"href":"https:\/\/akdenizhaber.com.tr\/index.php\/wp-json\/wp\/v2\/comments?post=24822"}],"version-history":[{"count":1,"href":"https:\/\/akdenizhaber.com.tr\/index.php\/wp-json\/wp\/v2\/posts\/24822\/revisions"}],"predecessor-version":[{"id":24824,"href":"https:\/\/akdenizhaber.com.tr\/index.php\/wp-json\/wp\/v2\/posts\/24822\/revisions\/24824"}],"wp:featuredmedia":[{"embeddable":true,"href":"https:\/\/akdenizhaber.com.tr\/index.php\/wp-json\/wp\/v2\/media\/24823"}],"wp:attachment":[{"href":"https:\/\/akdenizhaber.com.tr\/index.php\/wp-json\/wp\/v2\/media?parent=24822"}],"wp:term":[{"taxonomy":"category","embeddable":true,"href":"https:\/\/akdenizhaber.com.tr\/index.php\/wp-json\/wp\/v2\/categories?post=24822"},{"taxonomy":"post_tag","embeddable":true,"href":"https:\/\/akdenizhaber.com.tr\/index.php\/wp-json\/wp\/v2\/tags?post=24822"}],"curies":[{"name":"wp","href":"https:\/\/api.w.org\/{rel}","templated":true}]}}