{"id":24808,"date":"2024-06-27T13:55:07","date_gmt":"2024-06-27T10:55:07","guid":{"rendered":"https:\/\/akdenizhaber.com.tr\/?p=24808"},"modified":"2024-06-27T13:55:07","modified_gmt":"2024-06-27T10:55:07","slug":"bahar-yurt-disi-cikis-harci-rasyonel-bir-uygulama-degil","status":"publish","type":"post","link":"https:\/\/akdenizhaber.com.tr\/index.php\/2024\/06\/27\/bahar-yurt-disi-cikis-harci-rasyonel-bir-uygulama-degil\/","title":{"rendered":"Bahar: \u201cYurt D\u0131\u015f\u0131 \u00c7\u0131k\u0131\u015f Harc\u0131 Rasyonel Bir Uygulama De\u011fil\u201d"},"content":{"rendered":"\n<p>ATSO Ba\u015fkan\u0131 Ali Bahar, \u201cDevletin, vatanda\u015flar\u0131n\u0131n \u00fclke d\u0131\u015f\u0131na \u00e7\u0131k\u0131\u015f\u0131ndan vergi almas\u0131n\u0131 do\u011fru bulmuyoruz. Yurt d\u0131\u015f\u0131na \u00e7\u0131k\u0131\u015f maliyetlerinin artmas\u0131, i\u015fletmelerimiz i\u00e7in olumsuz bir geli\u015fme\u201d dedi.<\/p>\n\n\n\n<p>Antalya Ticaret ve Sanayi Odas\u0131 (ATSO) Haziran Ay\u0131 Ola\u011fan Meclis Toplant\u0131s\u0131, ATSO Meclis Salonu\u2019nda ger\u00e7ekle\u015fti. ATSO Meclis Ba\u015fkan\u0131 Ahmet \u00d6zt\u00fcrk\u2019\u00fcn a\u00e7\u0131l\u0131\u015f konu\u015fmas\u0131yla ba\u015flayan Meclis\u2019te, Y\u00f6netim Kurulu Ba\u015fkan\u0131 Ali Bahar, sekt\u00f6rel g\u00fcndem, Antalya\u2019ya verileri, turizm, enflasyon ve faiz konular\u0131 ile yurt d\u0131\u015f\u0131 \u00e7\u0131k\u0131\u015f har\u00e7lar\u0131na ili\u015fkin g\u00fcndemi de\u011ferlendirerek, kad\u0131n cinayetleri ve \u00e7ocuk istismar\u0131 konular\u0131ndaki hassasiyetlerini belirtti. Sekt\u00f6rel g\u00fcndeme ili\u015fkin ciddi bir talep ald\u0131klar\u0131n\u0131 kaydeden Bahar, \u201c\u015euna \u00e7ok seviniyoruz ki, bir\u00e7ok sekt\u00f6rden, bir\u00e7ok problem dile getirmemiz, \u00e7\u00f6z\u00fcm aramam\u0131z i\u00e7in her ge\u00e7en g\u00fcn bize yo\u011fun bir \u015fekilde talepler geliyor. \u0130\u015fte bu bizim olu\u015fturmak istedi\u011fimiz \u015fey. Demek ki sekt\u00f6rlerin, bizim \u00e7\u00f6zebilece\u011fimiz konusunda umutlar\u0131 var. Bu bizim i\u00e7in \u00e7ok de\u011ferli\u201d diye konu\u015ftu.<\/p>\n\n\n\n<p>KADINLAR SERT\u0130F\u0130KALARINI ALDI<\/p>\n\n\n\n<p>ATSO taraf\u0131ndan, mesleki yeterlilik ve kad\u0131n istihdam\u0131 konusunda y\u00fcr\u00fct\u00fclen \u201cSanayide Kad\u0131n Eli\u201d projesi kapsam\u0131nda \u201c\u00c7elik Kaynak\u00e7\u0131l\u0131k Mesleki Yeterlilik Belgelendirme\u201d kursiyeri y\u00fczde 100 ba\u015far\u0131ya ula\u015fan 15 kad\u0131na sertifikalar\u0131 ATSO Haziran Ay\u0131 Meclis Toplant\u0131s\u0131\u2019nda takdim edildi. ATSO, TOBB Antalya Kad\u0131n Giri\u015fimciler Kurulu ve Antalya Organize Sanayi B\u00f6lge M\u00fcd\u00fcrl\u00fc\u011f\u00fc E\u011fitim Merkezi i\u015f birli\u011finde, Antalya \u0130l Milli E\u011fitim M\u00fcd\u00fcrl\u00fc\u011f\u00fc, Antalya \u00c7al\u0131\u015fma ve \u0130\u015f Kurumu \u0130l M\u00fcd\u00fcrl\u00fc\u011f\u00fc destekleri ile hayata ge\u00e7irilen \u201cSanayide Kad\u0131n Eli\u201d projesinin T\u00fcrkiye\u2019de bir ilk oldu\u011funu kaydeden ATSO Ba\u015fkan\u0131 Ali Bahar, katk\u0131 koyanlara te\u015fekk\u00fcr ederek, sertifikalar\u0131n\u0131 alan kad\u0131nlar\u0131 tebrik etti. 98 kad\u0131n\u0131n ba\u015fvuru yapt\u0131\u011f\u0131 ve m\u00fclakatla se\u00e7ilen 15 kad\u0131n kursiyerin tamam\u0131n\u0131n y\u00fcksek puan ald\u0131\u011f\u0131 e\u011fitimin sonucunda sertifikalar, ATSO Ba\u015fkan\u0131 Ali Bahar, TOBB Antalya KGK \u0130cra Kurulu Ba\u015fkan\u0131 Serap Kocao\u011flu ve TOBB Antalya KGK \u0130cra Kurulu Ba\u015fkan Yard\u0131mc\u0131s\u0131 Canan Keskin G\u00fcrkan taraf\u0131ndan takdim edildi.<\/p>\n\n\n\n<p>\u201cSANAY\u0130DE KADIN EL\u0130 PROJEM\u0130Z\u0130N DEVAMI GELECEK\u201d<\/p>\n\n\n\n<p>Ev kad\u0131nlar\u0131n\u0131 i\u015f ya\u015fam\u0131na kazand\u0131rmak i\u00e7in ger\u00e7ekle\u015ftirdikleri \u00e7al\u0131\u015fman\u0131n \u00f6nemine dikkat \u00e7eken Ba\u015fkan Ali Bahar, \u201cY\u00fcrekleri o kadar b\u00fcy\u00fck ki \u00e7elik kaynak\u00e7\u0131l\u0131k projemize kat\u0131ld\u0131lar, 98 ki\u015fi aras\u0131ndan se\u00e7ildiler. Bununla s\u0131n\u0131rl\u0131 kalmayaca\u011f\u0131z, Sanayide Kad\u0131n Eli projemizi etap etap s\u00fcrd\u00fcrece\u011fiz. Belki binlerin \u00fczerine \u00e7\u0131kaca\u011f\u0131z. Bu projeyi T\u00fcrkiye\u2019de yapan ilk kurumuz. Kad\u0131n istihdam\u0131 nas\u0131l geli\u015fir bu bizim i\u00e7in \u00e7ok \u00f6nemli. ATSO\u2019nun bu projeyi ba\u015flatmas\u0131, TOBB Kad\u0131n Giri\u015fimciler Kurulumuzun ve Antalya OSB Kad\u0131n Komisyonumuzun bunun bir par\u00e7as\u0131 olmas\u0131 ve b\u00fct\u00fcn bunlar\u0131 yaparken Antalya OSB Teknik Koleji\u2019nin bunun altyap\u0131s\u0131n\u0131 olu\u015fturmas\u0131 g\u00fc\u00e7 birli\u011finin ve beraberli\u011fin ne kadar b\u00fcy\u00fck oldu\u011funu g\u00f6steriyor. \u015eimdi ise bu g\u00fc\u00e7 birli\u011finden do\u011fan kuvvetle, uluslararas\u0131 ge\u00e7erlili\u011fe sahip sertifikay\u0131 alan arkada\u015flar\u0131m\u0131z bahsetti\u011fim kurullar vas\u0131tas\u0131yla fabrikalarda uygun pozisyonlara yerle\u015ftirilecekler, geli\u015fim s\u00fcre\u00e7lerini hep birlikte takip edecek ve onlar\u0131n mentoru olmaya devam edece\u011fiz\u201d dedi.<\/p>\n\n\n\n<p>KADIN C\u0130NAYETLER\u0130N\u0130 VE \u00c7OCUK \u0130ST\u0130SMARLARINI EN Y\u00dcKSEK PERDEDEN KINIYORUZ<\/p>\n\n\n\n<p>ATSO Ba\u015fkan\u0131 Ali Bahar, \u201cMeclisimizde \u00f6zellikle han\u0131mlardan olu\u015fan misafirlerimiz oldu. Kad\u0131nlar\u0131m\u0131z ba\u015f\u0131m\u0131z\u0131n tac\u0131d\u0131r, tepkimizi bug\u00fcne b\u0131rakt\u0131\u011f\u0131m\u0131z kad\u0131n cinayetleri ve \u00e7ocuk istismarlar\u0131n\u0131 en y\u00fcksek perdeden k\u0131n\u0131yoruz. Hele ki bunun d\u00fcnyaya a\u00e7\u0131lan pencere olan, ho\u015fg\u00f6r\u00fcs\u00fcyle, misafirperverli\u011fi ile an\u0131lan \u015fehrimizde ger\u00e7ekle\u015fmesinden hicap duydu\u011fumu da ifade ediyorum\u201d diye konu\u015ftu.<\/p>\n\n\n\n<p>\u0130\u015e D\u00dcNYASI ZATEN V\u0130ZE ALMAKTA ZORLANIYOR<\/p>\n\n\n\n<p>Yurtd\u0131\u015f\u0131 \u00e7\u0131k\u0131\u015f harc\u0131n\u0131n art\u0131r\u0131lmas\u0131n\u0131n i\u015fletmeler i\u00e7in olumsuz bir geli\u015fme oldu\u011funu dile getiren Ba\u015fkan Bahar, \u201cGelir boyutuna bakt\u0131\u011f\u0131m\u0131zda, 2023 y\u0131l\u0131nda yurt d\u0131\u015f\u0131 \u00e7\u0131k\u0131\u015f harc\u0131ndan elde edilen toplam gelir, 1,3 milyar TL iken, \u00e7\u0131k\u0131\u015f harc\u0131n\u0131n 10 kat\u0131na \u00e7\u0131kart\u0131larak bin 500 TL olmas\u0131 durumunda gelirin yakla\u015f\u0131k 13 milyar TL olaca\u011f\u0131n\u0131 g\u00f6r\u00fcyoruz.&nbsp; Ancak 13 trilyon lira civar\u0131nda ger\u00e7ekle\u015fmesi beklenen 2024 y\u0131l\u0131 kamu gelirleri i\u00e7inde yurtd\u0131\u015f\u0131 \u00e7\u0131k\u0131\u015f harc\u0131ndan gelecek 13 milyar TL\u2019nin ciddi bir \u00f6nemi olmad\u0131\u011f\u0131 a\u015fik\u00e2r\u201d dedi.<\/p>\n\n\n\n<p>Vatanda\u015flar\u0131n yurt d\u0131\u015f\u0131na \u00e7\u0131k\u0131\u015f\u0131n\u0131 pahal\u0131la\u015ft\u0131rarak yava\u015flatman\u0131n rasyonel bir y\u00f6ntem olmad\u0131\u011f\u0131n\u0131 kaydeden Bahar, s\u00f6zlerini \u015f\u00f6yle s\u00fcrd\u00fcrd\u00fc;<\/p>\n\n\n\n<p>\u201c2023 y\u0131l\u0131nda 8,7 milyon vatanda\u015f\u0131m\u0131z yurt d\u0131\u015f\u0131na \u00e7\u0131kt\u0131. \u00c7\u0131k\u0131\u015f harc\u0131n\u0131n bin 500 liraya \u00e7\u0131kmas\u0131 bu e\u011filimi azaltma konusunda hi\u00e7 de rasyonel bir y\u00f6ntem olmad\u0131\u011f\u0131 gibi uzun vadede etkili olmas\u0131 da zor. Biz, devletin vatanda\u015flar\u0131n\u0131n \u00fclke d\u0131\u015f\u0131na \u00e7\u0131k\u0131\u015f\u0131ndan vergi almas\u0131n\u0131 do\u011fru bulmuyoruz. Yurtd\u0131\u015f\u0131na \u00e7\u0131k\u0131\u015f maliyetlerinin artmas\u0131, i\u015fletmelerimiz i\u00e7in olumsuz bir geli\u015fmedir. \u0130\u015f d\u00fcnyas\u0131 zaten gidece\u011fi \u00fclkeden vize almakta zorlan\u0131rken, \u015fimdi de devletimiz ek bir maliyet y\u00fck\u00fc getiriyor. T\u00fcm i\u015f insanlar\u0131m\u0131z\u0131, Ticaret Bakanl\u0131\u011f\u0131n\u0131n yurtd\u0131\u015f\u0131 ziyaretlere y\u00f6nelik verdi\u011fi desteklerden yararlanmaya davet ediyorum. Yeni i\u015f ba\u011flant\u0131lar\u0131 kurmak i\u00e7in yurtd\u0131\u015f\u0131na giden firmalar\u0131m\u0131z\u0131n seyahat masraflar\u0131n\u0131, Ticaret Bakanl\u0131\u011f\u0131 y\u00fczde 50 ila y\u00fczde 70 aras\u0131nda de\u011fi\u015fen oranlarda, y\u0131lda 5 seyahate kadar destekliyor. T\u00fcm ihracat\u00e7\u0131lar\u0131m\u0131z ve ihracat\u00e7\u0131 adaylar\u0131m\u0131z bu destekleri daha yak\u0131ndan izlemelidir. Biz de \u00e7ok yak\u0131nda yeni kuraca\u011f\u0131m\u0131z destek ofisimizde, bu bilgilendirmeleri ger\u00e7ekle\u015ftirece\u011fiz.\u201d<\/p>\n\n\n\n<p>KALICI VE HIZLI GER\u0130LEME BA\u015eLAYACAK<\/p>\n\n\n\n<p>Enflasyon konusunda g\u00f6sterilen sabr\u0131n meyvelerini almaya yak\u0131n olduklar\u0131n\u0131 belirten Ba\u015fkan Bahar, \u201c10 g\u00fcn sonra a\u00e7\u0131klanacak Haziran verisi ile enflasyonda kal\u0131c\u0131 ve h\u0131zl\u0131 bir gerileme ba\u015flayacak. Bug\u00fcn y\u00fczde 75 olan t\u00fcketici enflasyonunun, 3-4 ay i\u00e7inde y\u00fczde 50\u2019nin alt\u0131na d\u00fc\u015ft\u00fc\u011f\u00fcn\u00fc, y\u0131lsonunda ise y\u00fczde 40 civar\u0131na geriledi\u011fini hep birlikte g\u00f6rece\u011fiz. Bununla birlikte yine bu y\u0131lsonunda k\u00fc\u00e7\u00fck ad\u0131mlarla ba\u015flayacak faiz indirimlerinin, 2025 genelinde devam edece\u011fini ve \u015fu anda y\u00fczde 50 olan politika faizinin gelecek y\u0131lsonunda y\u00fczde 20\u2019li rakamlara inece\u011fini \u00f6ng\u00f6r\u00fcyoruz. Geride b\u0131rakt\u0131\u011f\u0131m\u0131z 3 ay, Merkez Bankas\u0131 \u00e7ok b\u00fcy\u00fck miktarda d\u00f6viz al\u0131m\u0131 yaparak, hem rezerv pozisyonunu g\u00fc\u00e7lendirdi, hem de d\u00f6viz kurunun d\u00fc\u015fmesini engelledi\u201d dedi.<\/p>\n\n\n\n<p>25 YIL SONRA YEN\u0130DEN G\u00dcNDEMDE<\/p>\n\n\n\n<p>Asgari Kurumlar Vergisi\u2019ni de i\u00e7eren torba kanun teklifinin, Kurban Bayram\u0131\u2019n\u0131n ard\u0131ndan TBMM\u2019ye sunulmas\u0131 ve Meclis tatile girmeden kanunla\u015fmas\u0131n\u0131n beklendi\u011fini dile getiren ATSO Ba\u015fkan\u0131 Ali Bahar, \u201c25 y\u0131l aradan sonra yeniden g\u00fcndeme gelen Asgari Kurumlar Vergisi\u2019ni de i\u00e7eren torba kanun teklifinin, kanunla\u015fmas\u0131 bekleniyor. Asgari kurumlar vergisi, ne kadar indirim ve istisnadan yararlan\u0131rsa yararlans\u0131n, \u015firketlerin ticari k\u00e2rlar\u0131 \u00fczerinden asgari bir oranda kurumlar vergi \u00f6demesi anlam\u0131na geliyor. Yeni sistemin en \u00e7ok indirim ve istisnalardan yararlanan \u015firketleri etkilemesi bekleniyor. Kurumlar vergisinde fiili oran\u0131n artmas\u0131 \u015firketlerin yat\u0131r\u0131m yapma ve istihdam kapasitesini a\u015fa\u011f\u0131 \u00e7ekece\u011fi gibi tarihi diplere d\u00fc\u015fm\u00fc\u015f olan do\u011frudan yabanc\u0131 yat\u0131r\u0131mlar\u0131 da olumsuz etkileyecek bir d\u00fczenleme gibi g\u00f6r\u00fcn\u00fcyor\u201d diye konu\u015ftu.<\/p>\n\n\n\n<p>ANTALYA EN HIZLI B\u00dcY\u00dcYEN \u0130L<\/p>\n\n\n\n<p>Antalya\u2019n\u0131n, T\u00fcrkiye\u2019nin gayr\u0131 safi yurti\u00e7i has\u0131ladaki pay\u0131n\u0131n 2022 y\u0131l\u0131 itibariyle 3,4 oldu\u011funu vurgulayan Ba\u015fkan Bahar, \u201cBu \u015fimdiye dek, Antalya\u2019n\u0131n T\u00fcrkiye ekonomisinden ald\u0131\u011f\u0131 en y\u00fcksek paya yak\u0131nd\u0131r. \u0130stanbul, Ankara, \u0130zmir, Kocaeli ve Bursa\u2019dan sonra en b\u00fcy\u00fck alt\u0131nc\u0131 ekonomiyiz. 2022 itibar\u0131 ile 30,6 milyar dolarl\u0131k gayri safi yurt i\u00e7i has\u0131lam\u0131z var. 2022\u2019de ki\u015fi ba\u015f\u0131na gelir s\u0131ralamas\u0131nda 11 bin 500 dolar ile T\u00fcrkiye ortalamas\u0131n\u0131n \u00fczerindeyiz, ancak n\u00fcfus art\u0131\u015f h\u0131z\u0131m\u0131z\u0131n y\u00fcksekli\u011fi nedeniyle 10\u2019uncu s\u0131raday\u0131z. Ancak g\u00fcc\u00fcm\u00fcz mevcut b\u00fcy\u00fckl\u00fc\u011f\u00fcm\u00fcz\u00fcn \u00e7ok \u00fczerinde. \u015e\u00f6yle ki; 2021 ve 2022\u2019de T\u00fcrkiye\u2019nin en h\u0131zl\u0131 b\u00fcy\u00fcyen ili olduk. 2023 verileri a\u00e7\u0131kland\u0131\u011f\u0131nda bunun devam etti\u011fini de g\u00f6rece\u011fiz. \u00dclke b\u00fcy\u00fcmesine katk\u0131 s\u0131ralamas\u0131nda hep ilk s\u0131ralarda yer al\u0131yoruz. Bildi\u011finiz gibi turizm, restoran ve ta\u015f\u0131mac\u0131l\u0131k sekt\u00f6rlerinde g\u00fc\u00e7l\u00fc olmam\u0131z nedeniyle, hizmet sekt\u00f6r\u00fcn\u00fcn yayg\u0131n oldu\u011fu bir iliz. T\u00fcrkiye genelinde hizmetler sekt\u00f6r\u00fcn\u00fcn ekonomideki pay\u0131 y\u00fczde 27 civar\u0131nda iken, bizde bu oran y\u00fczde 40\u2019a yakla\u015f\u0131yor\u201d diye konu\u015ftu.<\/p>\n\n\n\n<p>PLANLI, AKILCI VE V\u0130ZYONER \u00c7\u00d6Z\u00dcMLERE \u0130HT\u0130YACIMIZ VAR<\/p>\n\n\n\n<p>Antalya\u2019n\u0131n do\u011fal n\u00fcfus art\u0131\u015f\u0131yla beraber g\u00f6\u00e7 alan bir kent olmas\u0131n\u0131n kent planlamas\u0131 i\u00e7in g\u00f6z \u00f6n\u00fcnde bulundurulmas\u0131 gerekti\u011fini ifade eden Ba\u015fkan Bahar, \u201cBuna g\u00f6re 2016-2023 d\u00f6neminde yurti\u00e7inden 140 bine varan net g\u00f6\u00e7 ald\u0131k. Yurtd\u0131\u015f\u0131ndan ise ayn\u0131 d\u00f6nem i\u00e7in 143 bine yak\u0131n ki\u015fi Antalya\u2019ya g\u00f6\u00e7 etti. \u0130\u00e7 ve d\u0131\u015f g\u00f6\u00e7le y\u0131ll\u0131k ortalama 38 bine yak\u0131n insan Antalya\u2019ya geliyor. Bunun sosyal, ekonomik, \u00e7evresel etkileri hepimizin malumu. Ayr\u0131ca, trafik, altyap\u0131, e\u011fitim, ula\u015ft\u0131rma hizmetleri gibi pek \u00e7ok alanda da ciddi sonu\u00e7lar\u0131 oluyor. Dolay\u0131s\u0131yla, imar ve kentsel d\u00f6n\u00fc\u015f\u00fcm konusunda Alt\u0131nta\u015f\u2019\u0131 da g\u00f6z\u00fcm\u00fcz\u00fcn \u00f6n\u00fcne getirecek olursak, bizim kent i\u00e7in \u00e7ok daha planl\u0131, ak\u0131lc\u0131 ve vizyoner \u00e7\u00f6z\u00fcmlere ihtiyac\u0131m\u0131z\u0131n oldu\u011fu a\u015fik\u00e2rd\u0131r\u201d dedi.<\/p>\n\n\n\n<p>B\u00dcROKRATLAR SES\u0130M\u0130Z\u0130 DUYSUN<\/p>\n\n\n\n<p>Covid-19 d\u00f6nemindeki gerilemenin ard\u0131ndan turist say\u0131s\u0131nda keskin bir y\u00fckseli\u015f oldu\u011funun alt\u0131n\u0131 \u00e7izen Bahar, \u201cGe\u00e7en y\u0131l 16 milyona yakla\u015fan yabanc\u0131 ziyaret\u00e7i say\u0131s\u0131 ile rekor k\u0131rd\u0131k. 2023\u2019te, \u0130stanbul, Londra ve Dubai\u2019den sonra Antalya, d\u00fcnyada en fazla yabanc\u0131 ziyaret\u00e7i \u00e7eken d\u00f6rd\u00fcnc\u00fc \u015fehir oldu. 2024\u2019te turist say\u0131m\u0131z daha da artacak. Beklenmedik bir geli\u015fme olmazsa 2025\u2019te de ba\u015far\u0131l\u0131 bir sezon bekliyoruz. Antalya Havaliman\u0131nda yeni bir rekor k\u0131r\u0131ld\u0131. 22 Haziran Cuma g\u00fcn\u00fc 199 bin 751 yolcu ve 1.175 u\u00e7ak trafi\u011fi ile y\u0131l\u0131n en y\u00fcksek u\u00e7u\u015f ve yolcu say\u0131lar\u0131na ula\u015f\u0131ld\u0131\u201d diye konu\u015ftu.<\/p>\n\n\n\n<p>Turizm sekt\u00f6r\u00fcnde ya\u015fanan olumlu geli\u015fmelerin yan\u0131nda sorunlar\u0131n da ya\u015fand\u0131\u011f\u0131na dikkati \u00e7eken Ba\u015fkan Bahar, s\u00f6zlerini \u015f\u00f6yle s\u00fcrd\u00fcrd\u00fc;<\/p>\n\n\n\n<p>\u201c\u00d6zellikle animasyon ve e\u011flence sekt\u00f6r\u00fc, spa-hamam, seyahat acenteleri ve konaklama sekt\u00f6r\u00fcnde faaliyet g\u00f6steren komitelerimizin, yabanc\u0131lar\u0131n \u00e7al\u0131\u015fma ve oturma izinleri konusunda s\u0131k\u0131nt\u0131lar ya\u015fad\u0131\u011f\u0131n\u0131 biliyoruz. Bu konu hep s\u0131cak, hep \u00f6ncelikli g\u00fcndemlerimiz aras\u0131nda. \u0130lgili birimlerimiz \u00e7al\u0131\u015ft\u0131 ve bir \u00e7\u00f6z\u00fcm \u00f6nerisi olu\u015fturdu. Biz ATSO b\u00fcnyesinde bir b\u00fcro kurulmas\u0131n\u0131 istiyoruz. Yani ATSO, yabanc\u0131 \u00e7al\u0131\u015fan konusunda garant\u00f6r olmak istiyor. \u00c7\u00fcnk\u00fc bu konunun i\u00e7inde hem suiistimaller, hem de ma\u011fduriyetler var. Talebimiz yerine gelir ve bu i\u015f kanunla\u015f\u0131rsa, hem s\u00fcre\u00e7 g\u00fcvenli hale gelecek, hem de b\u00fcrokratik i\u015flemler h\u0131zlanacak. Bu talebin bir an \u00f6nce kar\u015f\u0131lanmas\u0131 i\u00e7in giri\u015fimlerimiz s\u00fcr\u00fcyor. ATSO olarak, elini ta\u015f\u0131n alt\u0131na sokmak suretiyle, bakanl\u0131klar\u0131n ve yerel te\u015fkilatlar\u0131n \u00fczerindeki y\u00fck\u00fcn bir b\u00f6l\u00fcm\u00fcn\u00fc \u00fczerine almay\u0131 kabul ederek sorunu \u00e7\u00f6zmeye \u00e7al\u0131\u015f\u0131yoruz. Bu noktada bakanl\u0131k ve b\u00fcrokratlar\u0131m\u0131za \u2018duyun sesimizi\u2019 diyoruz\u201d<\/p>\n\n\n\n<p>HAVAL\u0130MANINDA EN KISA S\u00dcREDE UZLA\u015eMAYA VARILMALI<\/p>\n\n\n\n<p>Antalya\u2019da son g\u00fcnlerde havaliman\u0131 u\u00e7u\u015flar\u0131 ile ilgili ya\u015fanan yo\u011funlu\u011fa dikkati \u00e7eken Ba\u015fkan Ali Bahar, \u201cAntalya Havaliman\u0131\u2019nda \u00e7al\u0131\u015fan sendikalar\u0131n ba\u015flatt\u0131\u011f\u0131 i\u015f yava\u015flatma eylemi, yaz sezonunun yo\u011fun g\u00fcnlerinde b\u00fcy\u00fck aksakl\u0131klara neden oldu\u011funu g\u00f6r\u00fcyoruz, takip ediyoruz. Antalya Havaliman\u0131 yetkilileri, durumun en k\u0131sa s\u00fcrede normale d\u00f6nmesi i\u00e7in \u00e7aba sarf ettiklerini belirtiyorlar. Bu durumun, \u015fehrimizin turizm imaj\u0131n\u0131 olumsuz etkileyece\u011fi, bu yo\u011fun sezonda, sekt\u00f6re zarar verebilece\u011fi hepimizin malumudur. En k\u0131sa s\u00fcrede uzla\u015fmaya var\u0131lmas\u0131, ortak noktada bulu\u015fulmas\u0131, ma\u011fduriyetlerin giderilmesi ve havaliman\u0131ndaki operasyonlar\u0131n normale d\u00f6nmesi, Antalya turizminin sa\u011fl\u0131kl\u0131 bir \u015fekilde devam etmesi a\u00e7\u0131s\u0131ndan olduk\u00e7a \u00f6nemlidir. Unutulmamal\u0131d\u0131r ki; bu sadece turizm sekt\u00f6r\u00fcn\u00fc etkileyen bir durum de\u011fildir. Ayn\u0131 zamanda \u00fcyemiz olan ve turizme hizmet ve tedarik sa\u011flayan t\u00fcm firmalar\u0131m\u0131z bu konudan zarar g\u00f6rmektedir. Bu itibarla ivedi \u00e7\u00f6z\u00fclmelidir\u201d ifadelerini kulland\u0131.<\/p>\n\n\n\n<p>YEN\u0130 D\u00dcZENLEMELER YOLDA<\/p>\n\n\n\n<p>T\u00fcrkiye B\u00fcy\u00fck Millet Meclisi (TBMM)\u2019ne yeni bir vergi paketi geldi\u011fini ifade eden ATSO Ba\u015fkan\u0131 Ali Bahar, \u201cYurtd\u0131\u015f\u0131 \u00e7\u0131k\u0131\u015f harc\u0131ndan, g\u00fcbre ve yemde KDV art\u0131\u015f\u0131, borsada kazan\u00e7 vergisi gibi konular\u0131n bu paket i\u00e7inde olaca\u011f\u0131 konu\u015fuluyor. G\u00fcbre ve yemde 2016\u2019dan bu yana y\u00fczde 1 KDV uygulan\u0131yor. Ancak yem sat\u0131\u015f\u0131nda y\u00fczde 10, g\u00fcbre sat\u0131\u015f\u0131nda ise y\u00fczde 20 KDV al\u0131naca\u011f\u0131 gibi s\u00f6ylentiler dile getiriliyor. B\u00f6yle bir de\u011fi\u015fiklik olursa tar\u0131mda girdi maliyetleri artaca\u011f\u0131 i\u00e7in t\u00fcm \u00fcr\u00fcn fiyatlar\u0131nda bir anda y\u00fckseli\u015f g\u00f6rece\u011fimize \u015f\u00fcphemiz olmas\u0131n. Enflasyonla m\u00fccadele ederken, b\u00f6yle bir yanl\u0131\u015f yap\u0131lmayaca\u011f\u0131na inan\u0131yoruz\u201d dedi.<\/p>\n\n\n\n<p>\u015eirketler hukuku alan\u0131nda da d\u00fczenleme konusuna de\u011finen ba\u015fkan Bahar, s\u00f6zlerini \u015f\u00f6yle s\u00fcrd\u00fcrd\u00fc;<\/p>\n\n\n\n<p>\u201cAnonim \u015firketlerde hisse senedine ba\u011flanm\u0131\u015f paylar, 2 y\u0131ldan fazla s\u00fcreyle elde tutulduktan sonra elden \u00e7\u0131kar\u0131l\u0131rsa gelir vergisine tabi bulunmuyor. Fakat hisse senedine ba\u011flanmam\u0131\u015f anonim \u015firket paylar\u0131 ile limited \u015firketlerdeki hisselerinin elden \u00e7\u0131kar\u0131lmas\u0131ndan do\u011fan kazan\u00e7lar ise herhangi bir s\u00fcreye bak\u0131lmaks\u0131z\u0131n gelir vergisine tabi tutuluyor. Yeni vergi paketinde limited \u015firketler ile anonim \u015firket aras\u0131ndaki bu farkl\u0131l\u0131\u011f\u0131n d\u00fczeltilmesi bekleniyor. D\u00fczenleme ile iktisap tarihinden itibaren 5 y\u0131l elde bulundurulduktan sonra elden \u00e7\u0131kar\u0131lan hisse senedine ba\u011flanm\u0131\u015f limited \u015firket paylar\u0131ndan elde edilen kazan\u00e7lar\u0131n da vergilendirilmemesi sa\u011flan\u0131yor. Bu ger\u00e7ekle\u015firse anonim ve limited \u015firketler aras\u0131ndaki vergi farkl\u0131l\u0131\u011f\u0131 ortadan kalkm\u0131\u015f olacak. Son derece do\u011fru ve olumlu buldu\u011fumuz bu konu Meclis\u2019te onaylan\u0131r ve SPK onay verirse art\u0131k limited \u015firketler de borsaya a\u00e7\u0131labilecek.\u201d<\/p>\n\n\n\n<p>VEZNE KAPANI\u015e SAAT\u0130 18.30\u2019A UZATILDI<\/p>\n\n\n\n<p>Y\u0131ll\u0131k \u00fcye aidat\u0131 ve munzam aidatlar\u0131n\u0131n Haziran ve Ekim aylar\u0131nda \u00f6dendi\u011fini hat\u0131rlatan Ba\u015fkan Bahar, \u201cOdam\u0131z 2024 y\u0131l\u0131 Y\u0131ll\u0131k ve Munzam Aidat birinci taksit son \u00f6demesi 1 Temmuz 2024 Pazartesi g\u00fcn\u00fc 18:30\u2019a kadar yap\u0131labilecektir. \u0130\u00e7inde bulundu\u011fumuz tahsilat ay\u0131 olan Haziran ay\u0131na, bu y\u0131l M\u00fcbarek Kurban Bayram\u0131n\u0131n denk gelmesi sebebiyle, vezne kapan\u0131\u015f saatimizi bug\u00fcnden itibaren 1Temmuza kadar hafta i\u00e7i 18:30\u2019a kadar uzat\u0131yoruz. Ayr\u0131ca buna ek olarak 29 Haziran Cumartesi g\u00fcn\u00fc de Veznemiz saat 09:00 \u2013 13.00 aras\u0131 da siz de\u011ferli \u00fcyelerimizi hizmet etmek i\u00e7in a\u00e7\u0131k olacakt\u0131r. Bu \u00f6nemli hususu da sizlerin bilgisine buradan sunmak istiyorum\u201d diye konu\u015fuldu.<\/p>\n\n\n\n<p>\u0130LK 500\u2019E G\u0130REN F\u0130RMALARI TEBR\u0130K ETT\u0130<\/p>\n\n\n\n<p>\u0130stanbul Sanayi Odas\u0131 (\u0130SO) taraf\u0131ndan geleneksel olarak a\u00e7\u0131klanan, T\u00fcrkiye\u2019nin 500 B\u00fcy\u00fck Sanayi Kurulu\u015fu ara\u015ft\u0131rma sonu\u00e7lar\u0131na g\u00f6re listede yer alan ATSO \u00fcyelerini tebrik eden Ba\u015fkan Ali Bahar, \u201cAntalya\u2019m\u0131za katma de\u011fer sa\u011flayan ATSO \u00fcyelerimiz CW Enerji, Y\u00f6r\u00fcko\u011flu ve ANKUTSAN ile Merkezi Antalya d\u0131\u015f\u0131nda olup, \u00fcretimini Antalya OSB\u2019deki tesislerinde s\u00fcrd\u00fcren firmalar\u0131m\u0131z Namet, \u0130stanbul G\u00fcbre Sanayi ve \u00d6ztiryakiler\u2019i tebrik ediyorum. B\u00f6lgemizin sanayi geli\u015fimine sa\u011flad\u0131\u011f\u0131n\u0131z katk\u0131lar ve ba\u015far\u0131n\u0131zla gurur duyuyor, gelecekte de ayn\u0131 yeni ba\u015far\u0131lara imza ataca\u011f\u0131n\u0131za inan\u0131yorum\u201d ifadelerini kulland\u0131.<\/p>\n\n\n\n<p>Antalya Ticaret ve Sanayi Odas\u0131 \/ B\u00fclten<\/p>\n","protected":false},"excerpt":{"rendered":"<p>ATSO Ba\u015fkan\u0131 Ali Bahar, \u201cDevletin, vatanda\u015flar\u0131n\u0131n \u00fclke d\u0131\u015f\u0131na \u00e7\u0131k\u0131\u015f\u0131ndan vergi almas\u0131n\u0131 do\u011fru bulmuyoruz. Yurt d\u0131\u015f\u0131na \u00e7\u0131k\u0131\u015f maliyetlerinin artmas\u0131, i\u015fletmelerimiz i\u00e7in olumsuz bir geli\u015fme\u201d dedi. Antalya <a href=\"https:\/\/akdenizhaber.com.tr\/index.php\/2024\/06\/27\/bahar-yurt-disi-cikis-harci-rasyonel-bir-uygulama-degil\/\" class=\"read-more-link\">[more&#8230;]<\/a><\/p>\n","protected":false},"author":2,"featured_media":24809,"comment_status":"open","ping_status":"open","sticky":false,"template":"","format":"standard","meta":{"footnotes":""},"categories":[2],"tags":[],"class_list":["post-24808","post","type-post","status-publish","format-standard","has-post-thumbnail","hentry","category-gundem"],"_links":{"self":[{"href":"https:\/\/akdenizhaber.com.tr\/index.php\/wp-json\/wp\/v2\/posts\/24808","targetHints":{"allow":["GET"]}}],"collection":[{"href":"https:\/\/akdenizhaber.com.tr\/index.php\/wp-json\/wp\/v2\/posts"}],"about":[{"href":"https:\/\/akdenizhaber.com.tr\/index.php\/wp-json\/wp\/v2\/types\/post"}],"author":[{"embeddable":true,"href":"https:\/\/akdenizhaber.com.tr\/index.php\/wp-json\/wp\/v2\/users\/2"}],"replies":[{"embeddable":true,"href":"https:\/\/akdenizhaber.com.tr\/index.php\/wp-json\/wp\/v2\/comments?post=24808"}],"version-history":[{"count":1,"href":"https:\/\/akdenizhaber.com.tr\/index.php\/wp-json\/wp\/v2\/posts\/24808\/revisions"}],"predecessor-version":[{"id":24810,"href":"https:\/\/akdenizhaber.com.tr\/index.php\/wp-json\/wp\/v2\/posts\/24808\/revisions\/24810"}],"wp:featuredmedia":[{"embeddable":true,"href":"https:\/\/akdenizhaber.com.tr\/index.php\/wp-json\/wp\/v2\/media\/24809"}],"wp:attachment":[{"href":"https:\/\/akdenizhaber.com.tr\/index.php\/wp-json\/wp\/v2\/media?parent=24808"}],"wp:term":[{"taxonomy":"category","embeddable":true,"href":"https:\/\/akdenizhaber.com.tr\/index.php\/wp-json\/wp\/v2\/categories?post=24808"},{"taxonomy":"post_tag","embeddable":true,"href":"https:\/\/akdenizhaber.com.tr\/index.php\/wp-json\/wp\/v2\/tags?post=24808"}],"curies":[{"name":"wp","href":"https:\/\/api.w.org\/{rel}","templated":true}]}}