{"id":24782,"date":"2024-06-24T13:57:42","date_gmt":"2024-06-24T10:57:42","guid":{"rendered":"https:\/\/akdenizhaber.com.tr\/?p=24782"},"modified":"2024-06-24T13:58:43","modified_gmt":"2024-06-24T10:58:43","slug":"tazi-kanyonu","status":"publish","type":"post","link":"https:\/\/akdenizhaber.com.tr\/index.php\/2024\/06\/24\/tazi-kanyonu\/","title":{"rendered":"Taz\u0131 Kanyonu"},"content":{"rendered":"\n<p>Taz\u0131 kanyonu g\u00f6rselli\u011fi ile g\u00f6renleri b\u00fcy\u00fcleyen, aksiyon filmlerini and\u0131ran, panoramas\u0131 reklam filmleri i\u00e7in kullan\u0131lan son zamanlarda turistlerin ilgi duydu\u011fu bir yer.<\/p>\n\n\n\n<p><br>Bu g\u00fczide kanyon Manavgat&#8217;\u0131n Be\u015fkonak Da\u011flar\u0131&#8217;nda yer almakta. Kanyonun son zamanlarda pop\u00fclerli\u011fi \u00e7ok art\u0131 turistlerin, gezginlerin, do\u011fa sevenlerin, u\u011frak yeri haline geldi. Ben de yak\u0131n bir zamanda oraya d\u00fczenlenen bir geziye kat\u0131ld\u0131m orada g\u00f6zleme yapanlar, hediyelik e\u015fya satanlar, k\u00f6ylerden gelip orada kendine i\u015f tutanlar \u00e7o\u011falm\u0131\u015f. \u0130nsanlar oradan g\u00f6rsel al\u0131yorlar foto\u011fraf \u00e7ekiyorlar.<br>Her \u015feyi para g\u00f6ren muhterem b\u00fcy\u00fcklerimiz hemen orman bakanl\u0131\u011f\u0131n\u0131 devreye soktu. Buray\u0131 \u0130hale edip gelen turistten ki\u015fi ba\u015f\u0131 para alma hevesine girdiler. Neyse ki Manavgat&#8217;\u0131n duyarl\u0131 belediye Ba\u015fkan\u0131 Dr. Niyazi Nefi kara duruma el att\u0131. &#8216;Taz\u0131 kanyonu Manavgat&#8217;\u0131nd\u0131r Manavgat&#8217;\u0131n olmaya devam edecektir.&#8217; Slogan\u0131yla direndiler ve ihale yolu ile Manavgat belediyesi ad\u0131na 13 milyon 200 bin lira ile en \u00e7ok veren Manavgat Belediyesi kiralad\u0131 te\u015fekk\u00fcrler say\u0131n ba\u015fkan. Taz\u0131 kanyonu art\u0131k Manavgat belediyesi tasarrufunda.<br>Dostlar benim susuz topra\u011f\u0131 \u00e7orak ba\u011f\u0131mda \u00fcr\u00fcn yeti\u015ftirmem \u00e7ok zordu. \u00d6yle olmasayd\u0131 g\u00f6n\u00fcl ba\u011f\u0131mdan size bir\u00e7ok \u015fey vermek isterdim S\u00fcr\u00e7 i lisan ettiysem affola.<\/p>\n\n\n\n<p>TUNCER ATE\u015e<\/p>\n","protected":false},"excerpt":{"rendered":"<p>Taz\u0131 kanyonu g\u00f6rselli\u011fi ile g\u00f6renleri b\u00fcy\u00fcleyen, aksiyon filmlerini and\u0131ran, panoramas\u0131 reklam filmleri i\u00e7in kullan\u0131lan son zamanlarda turistlerin ilgi duydu\u011fu bir yer. Bu g\u00fczide kanyon Manavgat&#8217;\u0131n <a href=\"https:\/\/akdenizhaber.com.tr\/index.php\/2024\/06\/24\/tazi-kanyonu\/\" class=\"read-more-link\">[more&#8230;]<\/a><\/p>\n","protected":false},"author":2,"featured_media":24643,"comment_status":"open","ping_status":"open","sticky":false,"template":"","format":"standard","meta":{"footnotes":""},"categories":[1],"tags":[],"class_list":["post-24782","post","type-post","status-publish","format-standard","has-post-thumbnail","hentry","category-blog"],"_links":{"self":[{"href":"https:\/\/akdenizhaber.com.tr\/index.php\/wp-json\/wp\/v2\/posts\/24782","targetHints":{"allow":["GET"]}}],"collection":[{"href":"https:\/\/akdenizhaber.com.tr\/index.php\/wp-json\/wp\/v2\/posts"}],"about":[{"href":"https:\/\/akdenizhaber.com.tr\/index.php\/wp-json\/wp\/v2\/types\/post"}],"author":[{"embeddable":true,"href":"https:\/\/akdenizhaber.com.tr\/index.php\/wp-json\/wp\/v2\/users\/2"}],"replies":[{"embeddable":true,"href":"https:\/\/akdenizhaber.com.tr\/index.php\/wp-json\/wp\/v2\/comments?post=24782"}],"version-history":[{"count":1,"href":"https:\/\/akdenizhaber.com.tr\/index.php\/wp-json\/wp\/v2\/posts\/24782\/revisions"}],"predecessor-version":[{"id":24783,"href":"https:\/\/akdenizhaber.com.tr\/index.php\/wp-json\/wp\/v2\/posts\/24782\/revisions\/24783"}],"wp:featuredmedia":[{"embeddable":true,"href":"https:\/\/akdenizhaber.com.tr\/index.php\/wp-json\/wp\/v2\/media\/24643"}],"wp:attachment":[{"href":"https:\/\/akdenizhaber.com.tr\/index.php\/wp-json\/wp\/v2\/media?parent=24782"}],"wp:term":[{"taxonomy":"category","embeddable":true,"href":"https:\/\/akdenizhaber.com.tr\/index.php\/wp-json\/wp\/v2\/categories?post=24782"},{"taxonomy":"post_tag","embeddable":true,"href":"https:\/\/akdenizhaber.com.tr\/index.php\/wp-json\/wp\/v2\/tags?post=24782"}],"curies":[{"name":"wp","href":"https:\/\/api.w.org\/{rel}","templated":true}]}}