{"id":24723,"date":"2024-06-20T13:55:38","date_gmt":"2024-06-20T10:55:38","guid":{"rendered":"https:\/\/akdenizhaber.com.tr\/?p=24723"},"modified":"2024-06-20T13:55:38","modified_gmt":"2024-06-20T10:55:38","slug":"gitar-konseri-buyuledi","status":"publish","type":"post","link":"https:\/\/akdenizhaber.com.tr\/index.php\/2024\/06\/20\/gitar-konseri-buyuledi\/","title":{"rendered":"Gitar konseri b\u00fcy\u00fcledi"},"content":{"rendered":"\n<p>Antalya B\u00fcy\u00fck\u015fehir Belediyesi \u0130smail Baha S\u00fcrelsan Konservatuvar\u0131 \u00c7ocuk ve Gen\u00e7lik Orkestras\u0131, Y\u0131ld\u0131z Kenter Sahnesi\u2019nde gitar konseri verdi.<\/p>\n\n\n\n<p>Antalya\u2019da, gen\u00e7lerin sanata y\u00f6nlendirilmesi ad\u0131na bir\u00e7ok \u00e7al\u0131\u015fma yapan ve bu y\u00f6nde gen\u00e7leri destekleyen Antalya B\u00fcy\u00fck\u015fehir Belediyesi\u2019ne ba\u011fl\u0131 \u0130smail Baha S\u00fcrelsan Konservatuvar\u0131 \u00c7ocuk ve Gen\u00e7lik Gitar Orkestralar\u0131, Antalya \u015eehir Tiyatrolar\u0131 Y\u0131ld\u0131z Kenter Sahnesi\u2019nde \u201cGitar Orkestras\u0131 Konseri\u201d verdi.<\/p>\n\n\n\n<p>M\u00dcZ\u0130K Z\u0130YAFET\u0130 SUNDULAR<\/p>\n\n\n\n<p>Verdi\u011fi konserlerle Antalyal\u0131lar\u0131n sevgisini kazanan ve konserlerinde kendine ait bir dinleyici kitlesi olu\u015fturan, gen\u00e7lerden kurulu olan Antalya B\u00fcy\u00fck\u015fehir Belediyesi \u0130smail Baha S\u00fcrelsan Konservatuvar\u0131 \u00c7ocuk ve Gen\u00e7lik Orkestras\u0131, \u00c7ocuk Orkestras\u0131 ve Gen\u00e7lik Orkestras\u0131 olarak 2 farkl\u0131 b\u00f6l\u00fcmde sahne ald\u0131. Gen\u00e7 m\u00fczisyenler, dinleyicilere ho\u015f bir m\u00fczik ziyafeti sundu.<\/p>\n\n\n\n<p>GEN\u00c7LER ALKI\u015e YA\u011eMURUNA TUTULDU<\/p>\n\n\n\n<p>Konsere kat\u0131l\u0131m sa\u011flayan Antalyal\u0131lar, gen\u00e7 m\u00fczisyenlerin \u00e7ald\u0131\u011f\u0131 her eserden sonra, ba\u015far\u0131l\u0131 m\u00fczisyenleri alk\u0131\u015f ya\u011fmuruna tuttu. Antalya B\u00fcy\u00fck\u015fehir Belediyesi \u0130smail Baha S\u00fcrelsan Konservatuvar\u0131 \u00c7ocuk ve Gen\u00e7lik Orkestras\u0131, \u00e7ald\u0131\u011f\u0131 eserlerde Latin ezgilerine a\u011f\u0131rl\u0131k verdi. \u0130spanya\u2019dan Arjantin\u2019e, \u0130talya\u2019dan Kolombiya\u2019ya bir\u00e7ok farkl\u0131 Latin m\u00fcziklerinin \u00e7al\u0131nd\u0131\u011f\u0131 sahnede, yer yer hareketli ritimler \u00e7al\u0131n\u0131rken, yer yer de daha yava\u015f ve duygusal m\u00fczikler \u00e7al\u0131nd\u0131. Konserin sona ermesinin ard\u0131ndan, orkestra, dinleyiciler taraf\u0131ndan uzun s\u00fcre alk\u0131\u015fland\u0131.<\/p>\n\n\n\n<p>Antalya B\u00fcy\u00fck\u015fehir Belediyesi \/ B\u00fclten<\/p>\n","protected":false},"excerpt":{"rendered":"<p>Antalya B\u00fcy\u00fck\u015fehir Belediyesi \u0130smail Baha S\u00fcrelsan Konservatuvar\u0131 \u00c7ocuk ve Gen\u00e7lik Orkestras\u0131, Y\u0131ld\u0131z Kenter Sahnesi\u2019nde gitar konseri verdi. Antalya\u2019da, gen\u00e7lerin sanata y\u00f6nlendirilmesi ad\u0131na bir\u00e7ok \u00e7al\u0131\u015fma yapan <a href=\"https:\/\/akdenizhaber.com.tr\/index.php\/2024\/06\/20\/gitar-konseri-buyuledi\/\" class=\"read-more-link\">[more&#8230;]<\/a><\/p>\n","protected":false},"author":2,"featured_media":24724,"comment_status":"open","ping_status":"open","sticky":false,"template":"","format":"standard","meta":{"footnotes":""},"categories":[2],"tags":[],"class_list":["post-24723","post","type-post","status-publish","format-standard","has-post-thumbnail","hentry","category-gundem"],"_links":{"self":[{"href":"https:\/\/akdenizhaber.com.tr\/index.php\/wp-json\/wp\/v2\/posts\/24723","targetHints":{"allow":["GET"]}}],"collection":[{"href":"https:\/\/akdenizhaber.com.tr\/index.php\/wp-json\/wp\/v2\/posts"}],"about":[{"href":"https:\/\/akdenizhaber.com.tr\/index.php\/wp-json\/wp\/v2\/types\/post"}],"author":[{"embeddable":true,"href":"https:\/\/akdenizhaber.com.tr\/index.php\/wp-json\/wp\/v2\/users\/2"}],"replies":[{"embeddable":true,"href":"https:\/\/akdenizhaber.com.tr\/index.php\/wp-json\/wp\/v2\/comments?post=24723"}],"version-history":[{"count":1,"href":"https:\/\/akdenizhaber.com.tr\/index.php\/wp-json\/wp\/v2\/posts\/24723\/revisions"}],"predecessor-version":[{"id":24725,"href":"https:\/\/akdenizhaber.com.tr\/index.php\/wp-json\/wp\/v2\/posts\/24723\/revisions\/24725"}],"wp:featuredmedia":[{"embeddable":true,"href":"https:\/\/akdenizhaber.com.tr\/index.php\/wp-json\/wp\/v2\/media\/24724"}],"wp:attachment":[{"href":"https:\/\/akdenizhaber.com.tr\/index.php\/wp-json\/wp\/v2\/media?parent=24723"}],"wp:term":[{"taxonomy":"category","embeddable":true,"href":"https:\/\/akdenizhaber.com.tr\/index.php\/wp-json\/wp\/v2\/categories?post=24723"},{"taxonomy":"post_tag","embeddable":true,"href":"https:\/\/akdenizhaber.com.tr\/index.php\/wp-json\/wp\/v2\/tags?post=24723"}],"curies":[{"name":"wp","href":"https:\/\/api.w.org\/{rel}","templated":true}]}}