{"id":24718,"date":"2024-06-13T14:37:36","date_gmt":"2024-06-13T11:37:36","guid":{"rendered":"https:\/\/akdenizhaber.com.tr\/?p=24718"},"modified":"2024-06-13T14:38:52","modified_gmt":"2024-06-13T11:38:52","slug":"ispartalilar-platformundan-dernek-olustu","status":"publish","type":"post","link":"https:\/\/akdenizhaber.com.tr\/index.php\/2024\/06\/13\/ispartalilar-platformundan-dernek-olustu\/","title":{"rendered":"Ispartal\u0131lar Platformundan Dernek Olu\u015ftu"},"content":{"rendered":"\n<p>Y\u0131llar \u00f6nce sosyal medya platformunda Ali Erdal taraf\u0131ndan olu\u015fturulan ve binlerce Ispartal\u0131ya ula\u015fan Ispartal\u0131lar platformu \u00e7at\u0131s\u0131 alt\u0131nda yeni bir dernek kuruldu.<\/p>\n\n\n\n<p>Antalya\u2019da ya\u015fayan Ispartal\u0131lar Ali Erdal ba\u015fkanl\u0131\u011f\u0131nda \u201cAntalya\u2019daki Ispartal\u0131lar Derne\u011fi\u201d ad\u0131nda yeni bir hem\u015feri derne\u011fi kurdu.<\/p>\n\n\n\n<p>Antalya\u2019daki Ispartal\u0131lar derne\u011fi olarak hem\u015ferilerine hizmet vereceklerini ifade eden Ba\u015fkan Ali Erdal, hedeflerinin Antalya\u2019da ya\u015fayan Ispartal\u0131lar\u0131n ayn\u0131 \u00e7at\u0131 alt\u0131nda birlik ve berberlik i\u00e7erisinde ya\u015fam s\u00fcrmek ve ac\u0131s\u0131 ile tatl\u0131s\u0131 ile t\u00fcm Ispartal\u0131lar\u0131n yan\u0131nda olmak oldu\u011funu s\u00f6yledi.<\/p>\n\n\n\n<p>Y\u0131llar \u00f6nce birka\u00e7 ki\u015fi ile ba\u015flayan platformun hedefine emin ad\u0131mlarla ilerleyerek dernek olu\u015fmas\u0131nda b\u00fcy\u00fck katk\u0131lar\u0131 oldu\u011funa dikkat \u00e7eken Ali Erdal \u201cBizler emin ad\u0131mlarla yava\u015f yava\u015f ilerleyerek d\u00f6rt y\u0131l \u00f6nce sosyal medyadan Antalya Ispartal\u0131lar platformunu olu\u015fturduk. Hedefimizi yakalad\u0131\u011f\u0131m\u0131zda ise g\u00fc\u00e7l\u00fc bir dernek olu\u015ftu. Bundan sonra Antalya\u2019da b\u00fcy\u00fck ve g\u00fc\u00e7l\u00fc bir Antalya\u2019daki Ispartal\u0131lar derne\u011fi olarak yolumuza devam edece\u011fiz. Bizlere bug\u00fcne dek destek olan t\u00fcm hem\u015ferilerimize y\u00fcrek dolusu te\u015fekk\u00fcrler. \u00d6n\u00fcm\u00fczdeki g\u00fcnlerde yeni proje ve etkinliklerimizle birlikte olaca\u011f\u0131z\u201d dedi.<\/p>\n\n\n\n<p>Ba\u015fkan Ali Erdal; t\u00fcm T\u00fcrk ulusunun ve hem\u015ferilerinin Kurban Bayram\u0131n\u0131 en i\u00e7ten dilekleriyle kutlad\u0131\u011f\u0131n\u0131 da s\u00f6zlerine ekledi.<\/p>\n\n\n\n<p>B\u00fc\u015fra Deveci \/ Haber<\/p>\n","protected":false},"excerpt":{"rendered":"<p>Y\u0131llar \u00f6nce sosyal medya platformunda Ali Erdal taraf\u0131ndan olu\u015fturulan ve binlerce Ispartal\u0131ya ula\u015fan Ispartal\u0131lar platformu \u00e7at\u0131s\u0131 alt\u0131nda yeni bir dernek kuruldu. Antalya\u2019da ya\u015fayan Ispartal\u0131lar Ali <a href=\"https:\/\/akdenizhaber.com.tr\/index.php\/2024\/06\/13\/ispartalilar-platformundan-dernek-olustu\/\" class=\"read-more-link\">[more&#8230;]<\/a><\/p>\n","protected":false},"author":2,"featured_media":24719,"comment_status":"open","ping_status":"open","sticky":false,"template":"","format":"standard","meta":{"footnotes":""},"categories":[2],"tags":[],"class_list":["post-24718","post","type-post","status-publish","format-standard","has-post-thumbnail","hentry","category-gundem"],"_links":{"self":[{"href":"https:\/\/akdenizhaber.com.tr\/index.php\/wp-json\/wp\/v2\/posts\/24718","targetHints":{"allow":["GET"]}}],"collection":[{"href":"https:\/\/akdenizhaber.com.tr\/index.php\/wp-json\/wp\/v2\/posts"}],"about":[{"href":"https:\/\/akdenizhaber.com.tr\/index.php\/wp-json\/wp\/v2\/types\/post"}],"author":[{"embeddable":true,"href":"https:\/\/akdenizhaber.com.tr\/index.php\/wp-json\/wp\/v2\/users\/2"}],"replies":[{"embeddable":true,"href":"https:\/\/akdenizhaber.com.tr\/index.php\/wp-json\/wp\/v2\/comments?post=24718"}],"version-history":[{"count":1,"href":"https:\/\/akdenizhaber.com.tr\/index.php\/wp-json\/wp\/v2\/posts\/24718\/revisions"}],"predecessor-version":[{"id":24720,"href":"https:\/\/akdenizhaber.com.tr\/index.php\/wp-json\/wp\/v2\/posts\/24718\/revisions\/24720"}],"wp:featuredmedia":[{"embeddable":true,"href":"https:\/\/akdenizhaber.com.tr\/index.php\/wp-json\/wp\/v2\/media\/24719"}],"wp:attachment":[{"href":"https:\/\/akdenizhaber.com.tr\/index.php\/wp-json\/wp\/v2\/media?parent=24718"}],"wp:term":[{"taxonomy":"category","embeddable":true,"href":"https:\/\/akdenizhaber.com.tr\/index.php\/wp-json\/wp\/v2\/categories?post=24718"},{"taxonomy":"post_tag","embeddable":true,"href":"https:\/\/akdenizhaber.com.tr\/index.php\/wp-json\/wp\/v2\/tags?post=24718"}],"curies":[{"name":"wp","href":"https:\/\/api.w.org\/{rel}","templated":true}]}}