{"id":24696,"date":"2024-06-13T14:23:45","date_gmt":"2024-06-13T11:23:45","guid":{"rendered":"https:\/\/akdenizhaber.com.tr\/?p=24696"},"modified":"2024-06-13T14:23:46","modified_gmt":"2024-06-13T11:23:46","slug":"gungor-ftinin-iflas-surecini-en-az-hasarla-atlatmak-icin-cabaliyoruz","status":"publish","type":"post","link":"https:\/\/akdenizhaber.com.tr\/index.php\/2024\/06\/13\/gungor-ftinin-iflas-surecini-en-az-hasarla-atlatmak-icin-cabaliyoruz\/","title":{"rendered":"G\u00fcng\u00f6r, \u201cFT\u0130\u2019nin \u0130flas S\u00fcrecini En Az Hasarla Atlatmak \u0130\u00e7in \u00c7abal\u0131yoruz\u201d"},"content":{"rendered":"\n<p>Almanya\u2019n\u0131n en b\u00fcy\u00fck \u00fc\u00e7 b\u00fcy\u00fck tur operat\u00f6r\u00fcnden biri olan FTI Group\u2019un iflas etmesinin ard\u0131ndan Manavgat Ticaret ve Sanayi Odas\u0131 (MATSO) \u00fcyelerinin s\u00fcreci en az hasarla atlatmas\u0131 i\u00e7in \u00e7aba g\u00f6steriyor.<\/p>\n\n\n\n<p>MATSO Ba\u015fkan\u0131 Seydi Tahsin G\u00fcng\u00f6r, Manavgat- Side turizm destinasyonunda faaliyet g\u00f6steren ve FT\u0130 ile \u00e7al\u0131\u015fan konaklama tesisleri ve i\u015fletmeleri de olumsuz etkiledi\u011fini belirterek b\u00f6lgeye en fazla turistin Alman pazar\u0131ndan geldi\u011fini hat\u0131rlatt\u0131. \u015eirketin \u00fclke ve b\u00f6lgeye \u00f6nemli \u00f6l\u00e7\u00fcde turist getirdi\u011fini s\u00f6yleyen Ba\u015fkan G\u00fcng\u00f6r, \u201cAlman turistleri \u00fclkemize getiren ana operat\u00f6rlerden biri konumundayd\u0131. Ya\u015fanan olumsuzlu\u011fun b\u00f6lge ve \u00fclke turizmine olumsuz etkileri olacakt\u0131r \u201c dedi.<\/p>\n\n\n\n<p>FT\u0130\u2019nin T\u00fcrkiye\u2019ye y\u0131lda 1 milyondan fazla turist getiren bir tur \u015firketi oldu\u011funu kaydeden Ba\u015fkan G\u00fcng\u00f6r, bunun 400 bin civar\u0131n\u0131n Antalya\u2019ya, Antalya\u2019n\u0131n \u00fc\u00e7te birinin ise Manavgat\u2019a geldi\u011fini ifade etti.<\/p>\n\n\n\n<p>Turizm sezonu ba\u015flarken rezervasyonlar\u0131n \u00e7ok iyi olmas\u0131 sebebiyle b\u00f6lge olarak \u00e7ok mutlu olduklar\u0131n\u0131 anlatan Ba\u015fkan G\u00fcng\u00f6r, Turizm sezonunun yo\u011fun d\u00f6neme girdi\u011fi g\u00fcnlerde b\u00f6yle bir \u015feyin ya\u015fanmas\u0131n\u0131n son derece \u00fcz\u00fcc\u00fc oldu\u011funu ve b\u00f6lge turizmine negatif etkileri olaca\u011f\u0131n\u0131 s\u00f6yledi.<\/p>\n\n\n\n<p>Turizmcilerin ve MATSO \u00fcyelerinin s\u00fcreci en az hasarla atmalar\u0131 i\u00e7in yo\u011fun \u00e7aba sarf ettiklerini ifade eden Ba\u015fkan G\u00fcng\u00f6r, \u201cBu krizin b\u00f6lgedeki \u00fcyelerimizi ve turizmcilerimizi ne kadar etkiledi\u011fini tespit etmeye \u00e7al\u0131\u015f\u0131yoruz. MATSO olarak hem \u00fcyelerimizin hem de sekt\u00f6r\u00fcn zarar g\u00f6rmemesi i\u00e7in konuyla ilgili yak\u0131ndan ilgileniyoruz. Manavgat i\u015f d\u00fcnyas\u0131 ve turizm sekt\u00f6r\u00fc olarak, temennimiz b\u00f6lgemizin bu krizi en az hasarla atlatmas\u0131d\u0131r\u201d dedi.&nbsp;<\/p>\n\n\n\n<p>BA\u015eKAN G\u00dcNG\u00d6R, G\u0130R\u0130\u015e\u0130MDE BULUNDUK<\/p>\n\n\n\n<p>MATSO olarak turizmciler ile s\u0131k s\u0131k g\u00f6r\u00fc\u015ferek konuyu de\u011ferlendirdiklerini anlatan Ba\u015fkan G\u00fcng\u00f6r, \u201cFTI Alman turistleri \u00fclkemize ve b\u00f6lgemize getiren ana operat\u00f6rlerden biri konumundayd\u0131. \u00d6nceli\u011fimiz sezon i\u00e7erisinde ya\u015fanabilecek olumsuz geli\u015fmeleri tersine \u00e7evirmek ve tatil planlar\u0131 yapan Almanlar\u0131n bu sezon buraya gelmelerini sa\u011flamak. \u00dcyelerimizin bu s\u00fcreci daha az hasarla atlatabilmeleri i\u00e7in var g\u00fcc\u00fcm\u00fczle \u00e7aba g\u00f6steriyoruz. Konuyla ilgili \u00fcyelerimizden ald\u0131\u011f\u0131m\u0131z bilgiler do\u011frultusunda haz\u0131rlad\u0131\u011f\u0131m\u0131z raporlar ile T\u00fcrkiye Odalar ve Borsalar Birli\u011fi (TOBB) arac\u0131l\u0131\u011f\u0131 ile K\u00fclt\u00fcr ve Turizm Bakanl\u0131\u011f\u0131\u2019na giri\u015fimde bulunduk\u201d dedi.<\/p>\n\n\n\n<p>Manavgat Ticaret ve Sanayi Odas\u0131 \/ B\u00fclten<\/p>\n","protected":false},"excerpt":{"rendered":"<p>Almanya\u2019n\u0131n en b\u00fcy\u00fck \u00fc\u00e7 b\u00fcy\u00fck tur operat\u00f6r\u00fcnden biri olan FTI Group\u2019un iflas etmesinin ard\u0131ndan Manavgat Ticaret ve Sanayi Odas\u0131 (MATSO) \u00fcyelerinin s\u00fcreci en az hasarla <a href=\"https:\/\/akdenizhaber.com.tr\/index.php\/2024\/06\/13\/gungor-ftinin-iflas-surecini-en-az-hasarla-atlatmak-icin-cabaliyoruz\/\" class=\"read-more-link\">[more&#8230;]<\/a><\/p>\n","protected":false},"author":2,"featured_media":24697,"comment_status":"open","ping_status":"open","sticky":false,"template":"","format":"standard","meta":{"footnotes":""},"categories":[2],"tags":[],"class_list":["post-24696","post","type-post","status-publish","format-standard","has-post-thumbnail","hentry","category-gundem"],"_links":{"self":[{"href":"https:\/\/akdenizhaber.com.tr\/index.php\/wp-json\/wp\/v2\/posts\/24696","targetHints":{"allow":["GET"]}}],"collection":[{"href":"https:\/\/akdenizhaber.com.tr\/index.php\/wp-json\/wp\/v2\/posts"}],"about":[{"href":"https:\/\/akdenizhaber.com.tr\/index.php\/wp-json\/wp\/v2\/types\/post"}],"author":[{"embeddable":true,"href":"https:\/\/akdenizhaber.com.tr\/index.php\/wp-json\/wp\/v2\/users\/2"}],"replies":[{"embeddable":true,"href":"https:\/\/akdenizhaber.com.tr\/index.php\/wp-json\/wp\/v2\/comments?post=24696"}],"version-history":[{"count":1,"href":"https:\/\/akdenizhaber.com.tr\/index.php\/wp-json\/wp\/v2\/posts\/24696\/revisions"}],"predecessor-version":[{"id":24698,"href":"https:\/\/akdenizhaber.com.tr\/index.php\/wp-json\/wp\/v2\/posts\/24696\/revisions\/24698"}],"wp:featuredmedia":[{"embeddable":true,"href":"https:\/\/akdenizhaber.com.tr\/index.php\/wp-json\/wp\/v2\/media\/24697"}],"wp:attachment":[{"href":"https:\/\/akdenizhaber.com.tr\/index.php\/wp-json\/wp\/v2\/media?parent=24696"}],"wp:term":[{"taxonomy":"category","embeddable":true,"href":"https:\/\/akdenizhaber.com.tr\/index.php\/wp-json\/wp\/v2\/categories?post=24696"},{"taxonomy":"post_tag","embeddable":true,"href":"https:\/\/akdenizhaber.com.tr\/index.php\/wp-json\/wp\/v2\/tags?post=24696"}],"curies":[{"name":"wp","href":"https:\/\/api.w.org\/{rel}","templated":true}]}}