{"id":24692,"date":"2024-06-13T14:21:05","date_gmt":"2024-06-13T11:21:05","guid":{"rendered":"https:\/\/akdenizhaber.com.tr\/?p=24692"},"modified":"2024-06-13T14:21:05","modified_gmt":"2024-06-13T11:21:05","slug":"manavgatta-kurban-satis-yerleri-ilaclaniyor","status":"publish","type":"post","link":"https:\/\/akdenizhaber.com.tr\/index.php\/2024\/06\/13\/manavgatta-kurban-satis-yerleri-ilaclaniyor\/","title":{"rendered":"Manavgat\u2019ta kurban sat\u0131\u015f yerleri ila\u00e7lan\u0131yor"},"content":{"rendered":"\n<p>Antalya B\u00fcy\u00fck\u015fehir Belediyesi yakla\u015fan Kurban Bayram\u0131 \u00f6ncesinde Manavgat\u2019ta kurulan hayvan pazarlar\u0131nda periyodik olarak ila\u00e7lama uygulamas\u0131 yap\u0131yor.<\/p>\n\n\n\n<p>Antalya B\u00fcy\u00fck\u015fehir Belediyesi, Kurban Bayram\u0131 \u00f6ncesinde kurbanl\u0131k sat\u0131\u015f alanlar\u0131nda karasinek, pire ve kene gibi ha\u015ferelere kar\u015f\u0131 ila\u00e7lama uygulamas\u0131 ger\u00e7ekle\u015ftiriyor. Bu sayede ba\u015fta karasinek olmak \u00fczere vekt\u00f6r \u00f6zelli\u011fi ta\u015f\u0131yan canl\u0131lar\u0131n \u00fcremesi engellenirken, vatanda\u015flar\u0131n kurban al\u0131m sat\u0131m i\u015flemlerini de sa\u011fl\u0131kl\u0131 bir ortamda yapmalar\u0131 sa\u011flan\u0131yor.<\/p>\n\n\n\n<p>\u0130L<strong>A\u00c7LAMA BAYRAM S\u00dcRES\u0130NCE DEVAM EDECEK<\/strong><br>\u0130nsan ve hayvan sa\u011fl\u0131\u011f\u0131n\u0131n korunmas\u0131 ama\u00e7lanan ila\u00e7lama uygulamas\u0131 \u00c7evre Koruma ve Kontrol Dairesi Ba\u015fkanl\u0131\u011f\u0131&#8217;na ba\u011fl\u0131 ekipler&nbsp;taraf\u0131ndan y\u00fcr\u00fct\u00fcl\u00fcyor. Bu kapsamda Manavgat kurulan iki hayvan pazar\u0131nda d\u00fczenli ila\u00e7lama \u00e7al\u0131\u015fmalar\u0131 yap\u0131yor. Ayr\u0131ca s\u00f6z konusu alanlarda olu\u015fan at\u0131klar\u0131nda bertaraf sa\u011flan\u0131ncaya kadar her y\u0131l oldu\u011fu gibi bu y\u0131l da ayn\u0131 titizlikle \u00e7al\u0131\u015fmalar s\u00fcrd\u00fcr\u00fcl\u00fcyor. \u0130la\u00e7lama Kurban bayram\u0131 s\u00fcrecinde de devam edecek. &nbsp;<\/p>\n\n\n\n<p><strong>KARAS\u0130NEKLER \u0130\u00c7\u0130N TUZAK<\/strong><strong><\/strong><\/p>\n\n\n\n<p>Manavgat\u2019taki kurban sat\u0131\u015f noktalar\u0131nda, \u00f6zellikle karasine\u011fe kar\u015f\u0131 \u00e7al\u0131\u015fmalar da h\u0131z kazand\u0131. Halk sa\u011fl\u0131\u011f\u0131na ve kurbanl\u0131k hayvanlara zarar vermeyen ila\u00e7larla \u00f6nlem alan ekipler kimyasal i\u00e7ermeyen karasinek tuzaklar\u0131 ve yap\u0131\u015fkan ipler kullan\u0131yor. Ayr\u0131ca olu\u015fabilecek hastal\u0131klar\u0131n \u00f6n\u00fcne ge\u00e7mek i\u00e7in hayvan d\u0131\u015fk\u0131lar\u0131n\u0131n \u00fczerine de larvasit uygulamas\u0131 yap\u0131l\u0131yor. Ergin karasineklere kar\u015f\u0131 da ila\u00e7lama \u00e7al\u0131\u015fmas\u0131 devam ediyor.<\/p>\n\n\n\n<p><strong>\u00c7EVRE VE HALK SA\u011eLI\u011eI KORUNUYOR<\/strong><br>\u00d6nceli\u011fini insan ve hayvan sa\u011fl\u0131\u011f\u0131n\u0131n korunmas\u0131 olarak belirleyen B\u00fcy\u00fck\u015fehir Belediyesi, kurban al\u0131\u015fveri\u015finin sa\u011fl\u0131kl\u0131 ortamlarda yap\u0131lmas\u0131 i\u00e7in yo\u011fun \u00e7aba sarf ediyor. Pazar yerlerinde ger\u00e7ekle\u015fen ila\u00e7lama ile karasinek, sivrisinek, ha\u015fere, larva ve erginlerine y\u00f6nelik risklerin \u00f6n\u00fcne ge\u00e7ilmesinin ama\u00e7land\u0131\u011f\u0131n\u0131 ifade eden yetkililer, kullan\u0131lan ila\u00e7lar\u0131n Sa\u011fl\u0131k Bakanl\u0131\u011f\u0131nca onaylanm\u0131\u015f oldu\u011funu ve bu uygulamalarla da \u00e7evre ve halk sa\u011fl\u0131\u011f\u0131n\u0131n korunmas\u0131n\u0131n hedeflendi\u011fini belirtti.<\/p>\n\n\n\n<p>Antalya B\u00fcy\u00fck\u015fehir Belediyesi \/ B\u00fclten<\/p>\n","protected":false},"excerpt":{"rendered":"<p>Antalya B\u00fcy\u00fck\u015fehir Belediyesi yakla\u015fan Kurban Bayram\u0131 \u00f6ncesinde Manavgat\u2019ta kurulan hayvan pazarlar\u0131nda periyodik olarak ila\u00e7lama uygulamas\u0131 yap\u0131yor. Antalya B\u00fcy\u00fck\u015fehir Belediyesi, Kurban Bayram\u0131 \u00f6ncesinde kurbanl\u0131k sat\u0131\u015f alanlar\u0131nda <a href=\"https:\/\/akdenizhaber.com.tr\/index.php\/2024\/06\/13\/manavgatta-kurban-satis-yerleri-ilaclaniyor\/\" class=\"read-more-link\">[more&#8230;]<\/a><\/p>\n","protected":false},"author":2,"featured_media":24693,"comment_status":"open","ping_status":"open","sticky":false,"template":"","format":"standard","meta":{"footnotes":""},"categories":[2],"tags":[],"class_list":["post-24692","post","type-post","status-publish","format-standard","has-post-thumbnail","hentry","category-gundem"],"_links":{"self":[{"href":"https:\/\/akdenizhaber.com.tr\/index.php\/wp-json\/wp\/v2\/posts\/24692","targetHints":{"allow":["GET"]}}],"collection":[{"href":"https:\/\/akdenizhaber.com.tr\/index.php\/wp-json\/wp\/v2\/posts"}],"about":[{"href":"https:\/\/akdenizhaber.com.tr\/index.php\/wp-json\/wp\/v2\/types\/post"}],"author":[{"embeddable":true,"href":"https:\/\/akdenizhaber.com.tr\/index.php\/wp-json\/wp\/v2\/users\/2"}],"replies":[{"embeddable":true,"href":"https:\/\/akdenizhaber.com.tr\/index.php\/wp-json\/wp\/v2\/comments?post=24692"}],"version-history":[{"count":1,"href":"https:\/\/akdenizhaber.com.tr\/index.php\/wp-json\/wp\/v2\/posts\/24692\/revisions"}],"predecessor-version":[{"id":24694,"href":"https:\/\/akdenizhaber.com.tr\/index.php\/wp-json\/wp\/v2\/posts\/24692\/revisions\/24694"}],"wp:featuredmedia":[{"embeddable":true,"href":"https:\/\/akdenizhaber.com.tr\/index.php\/wp-json\/wp\/v2\/media\/24693"}],"wp:attachment":[{"href":"https:\/\/akdenizhaber.com.tr\/index.php\/wp-json\/wp\/v2\/media?parent=24692"}],"wp:term":[{"taxonomy":"category","embeddable":true,"href":"https:\/\/akdenizhaber.com.tr\/index.php\/wp-json\/wp\/v2\/categories?post=24692"},{"taxonomy":"post_tag","embeddable":true,"href":"https:\/\/akdenizhaber.com.tr\/index.php\/wp-json\/wp\/v2\/tags?post=24692"}],"curies":[{"name":"wp","href":"https:\/\/api.w.org\/{rel}","templated":true}]}}